{"id":5409,"date":"2025-12-09T17:19:43","date_gmt":"2025-12-09T20:19:43","guid":{"rendered":"https:\/\/www.serviciosaludaysen.cl\/?p=5409"},"modified":"2025-12-09T18:14:05","modified_gmt":"2025-12-09T21:14:05","slug":"cesfam-victor-domingo-silva-se-acredito-en-calidad-y-seguridad-de-la-atencion","status":"publish","type":"post","link":"https:\/\/www.serviciosaludaysen.cl\/index.php\/2025\/12\/09\/cesfam-victor-domingo-silva-se-acredito-en-calidad-y-seguridad-de-la-atencion\/","title":{"rendered":"CESFAM V\u00edctor Domingo Silva se acredit\u00f3 en calidad y seguridad de la atenci\u00f3n"},"content":{"rendered":"\t\t<div data-elementor-type=\"wp-post\" data-elementor-id=\"5409\" class=\"elementor elementor-5409\">\n\t\t\t\t<div class=\"elementor-element elementor-element-37565ae e-flex e-con-boxed e-con e-parent\" data-id=\"37565ae\" data-element_type=\"container\">\n\t\t\t\t\t<div class=\"e-con-inner\">\n\t\t\t\t<div class=\"elementor-element elementor-element-9ce4a47 elementor-arrows-position-inside elementor-pagination-position-outside elementor-widget elementor-widget-image-carousel\" data-id=\"9ce4a47\" data-element_type=\"widget\" data-settings=\"{&quot;slides_to_show&quot;:&quot;1&quot;,&quot;navigation&quot;:&quot;both&quot;,&quot;autoplay&quot;:&quot;yes&quot;,&quot;pause_on_hover&quot;:&quot;yes&quot;,&quot;pause_on_interaction&quot;:&quot;yes&quot;,&quot;autoplay_speed&quot;:5000,&quot;infinite&quot;:&quot;yes&quot;,&quot;effect&quot;:&quot;slide&quot;,&quot;speed&quot;:500}\" data-widget_type=\"image-carousel.default\">\n\t\t\t\t<div class=\"elementor-widget-container\">\n\t\t\t\t\t\t\t<div class=\"elementor-image-carousel-wrapper swiper\" role=\"region\" aria-roledescription=\"carousel\" aria-label=\"Carrusel de im\u00e1genes\" dir=\"ltr\">\n\t\t\t<div class=\"elementor-image-carousel swiper-wrapper\" aria-live=\"off\">\n\t\t\t\t\t\t\t\t<div class=\"swiper-slide\" role=\"group\" aria-roledescription=\"slide\" aria-label=\"1 de 4\"><figure class=\"swiper-slide-inner\"><img decoding=\"async\" class=\"swiper-slide-image\" src=\"https:\/\/www.serviciosaludaysen.cl\/wp-content\/uploads\/2025\/12\/IMG_3164-1-1024x683.jpg\" alt=\"CESFAM V\u00edctor Domingo Silva se acredit\u00f3 en calidad y seguridad de la atenci\u00f3n\" \/><\/figure><\/div><div class=\"swiper-slide\" role=\"group\" aria-roledescription=\"slide\" aria-label=\"2 de 4\"><figure class=\"swiper-slide-inner\"><img decoding=\"async\" class=\"swiper-slide-image\" src=\"https:\/\/www.serviciosaludaysen.cl\/wp-content\/uploads\/2025\/12\/IMG_3219-1-1024x683.jpg\" alt=\"CESFAM V\u00edctor Domingo Silva se acredit\u00f3 en calidad y seguridad de la atenci\u00f3n\" \/><\/figure><\/div><div class=\"swiper-slide\" role=\"group\" aria-roledescription=\"slide\" aria-label=\"3 de 4\"><figure class=\"swiper-slide-inner\"><img decoding=\"async\" class=\"swiper-slide-image\" src=\"https:\/\/www.serviciosaludaysen.cl\/wp-content\/uploads\/2025\/12\/IMG_3233-1-1024x683.jpg\" alt=\"CESFAM V\u00edctor Domingo Silva se acredit\u00f3 en calidad y seguridad de la atenci\u00f3n\" \/><\/figure><\/div><div class=\"swiper-slide\" role=\"group\" aria-roledescription=\"slide\" aria-label=\"4 de 4\"><figure class=\"swiper-slide-inner\"><img decoding=\"async\" class=\"swiper-slide-image\" src=\"https:\/\/www.serviciosaludaysen.cl\/wp-content\/uploads\/2025\/12\/IMG_3179-1-1024x683.jpg\" alt=\"CESFAM V\u00edctor Domingo Silva se acredit\u00f3 en calidad y seguridad de la atenci\u00f3n\" \/><\/figure><\/div>\t\t\t<\/div>\n\t\t\t\t\t\t\t\t\t\t\t\t<div class=\"elementor-swiper-button elementor-swiper-button-prev\" role=\"button\" tabindex=\"0\">\n\t\t\t\t\t\t<svg aria-hidden=\"true\" class=\"e-font-icon-svg e-eicon-chevron-left\" viewBox=\"0 0 1000 1000\" xmlns=\"http:\/\/www.w3.org\/2000\/svg\"><path d=\"M646 125C629 125 613 133 604 142L308 442C296 454 292 471 292 487 292 504 296 521 308 533L604 854C617 867 629 875 646 875 663 875 679 871 692 858 704 846 713 829 713 812 713 796 708 779 692 767L438 487 692 225C700 217 708 204 708 187 708 171 704 154 692 142 675 129 663 125 646 125Z\"><\/path><\/svg>\t\t\t\t\t<\/div>\n\t\t\t\t\t<div class=\"elementor-swiper-button elementor-swiper-button-next\" role=\"button\" tabindex=\"0\">\n\t\t\t\t\t\t<svg aria-hidden=\"true\" class=\"e-font-icon-svg e-eicon-chevron-right\" viewBox=\"0 0 1000 1000\" xmlns=\"http:\/\/www.w3.org\/2000\/svg\"><path d=\"M696 533C708 521 713 504 713 487 713 471 708 454 696 446L400 146C388 133 375 125 354 125 338 125 325 129 313 142 300 154 292 171 292 187 292 204 296 221 308 233L563 492 304 771C292 783 288 800 288 817 288 833 296 850 308 863 321 871 338 875 354 875 371 875 388 867 400 854L696 533Z\"><\/path><\/svg>\t\t\t\t\t<\/div>\n\t\t\t\t\n\t\t\t\t\t\t\t\t\t<div class=\"swiper-pagination\"><\/div>\n\t\t\t\t\t\t\t\t\t<\/div>\n\t\t\t\t\t\t<\/div>\n\t\t\t\t<\/div>\n\t\t\t\t\t<\/div>\n\t\t\t\t<\/div>\n\t\t<div class=\"elementor-element elementor-element-80e0ca1 e-flex e-con-boxed e-con e-parent\" data-id=\"80e0ca1\" data-element_type=\"container\">\n\t\t\t\t\t<div class=\"e-con-inner\">\n\t\t\t\t<div class=\"elementor-element elementor-element-108e95a elementor-widget elementor-widget-text-editor\" data-id=\"108e95a\" data-element_type=\"widget\" data-widget_type=\"text-editor.default\">\n\t\t\t\t<div class=\"elementor-widget-container\">\n\t\t\t\t\t\t\t\t\t<ul><li style=\"font-weight: 400;\">\u00a0<strong><em>El establecimiento obtuvo la certificaci\u00f3n de la Superintendencia de Salud, convirti\u00e9ndose en el primero de la comuna de Coyhaique en alcanzar este est\u00e1ndar.<\/em><\/strong><\/li><\/ul><p style=\"font-weight: 400;\">En una emotiva ceremonia que reuni\u00f3 a autoridades regionales, funcionarios del Centro de Salud Familiar (CESFAM) V\u00edctor Domingo Silva y representantes de la comunidad, se realiz\u00f3 la entrega oficial de la placa que certifica la acreditaci\u00f3n del establecimiento, un proceso iniciado en 2019 y retomado tras la pandemia\u00a0y que concluy\u00f3 en febrero de 2025.<\/p><p style=\"font-weight: 400;\">Durante la jornada, la directora del dispositivo, Priscilla Bravo Troncozo, enfatiz\u00f3 el orgullo del equipo por alcanzar esta certificaci\u00f3n: \u201cEs un gran logro como establecimiento, ya que no hay ning\u00fan otro en la regi\u00f3n que est\u00e9 acreditado en la Atenci\u00f3n Primaria. Solo nuestro CESFAM, entonces es algo que nos llena de orgullo\u201d.<\/p><p style=\"font-weight: 400;\">El proceso tambi\u00e9n demand\u00f3\u00a0la revisi\u00f3n y estandarizaci\u00f3n de protocolos, el fortalecimiento del comit\u00e9 de calidad y la reorganizaci\u00f3n interna.<\/p><p style=\"font-weight: 400;\">Desde la comunidad, la presidenta del Consejo Consultivo, Graciela Amigo Santander, valor\u00f3 el esfuerzo colectivo: \u201cAgradezco a la directora y a todo el equipo: m\u00e9dicos, enfermeras, auxiliares y funcionarios que hicieron posible este tremendo \u00e9xito del que podremos disfrutar todos los usuarios\u201d.<\/p><p style=\"font-weight: 400;\">En tanto, el director del Servicio de Salud Ays\u00e9n, Juan Pablo Bravo Quintana, destac\u00f3 que esta acreditaci\u00f3n es una se\u00f1al clara del avance regional en equidad y calidad: \u201cEs un paso fundamental para nuestra red asistencial hacia la resolutividad y la equidad. Este reconocimiento confirma que el establecimiento est\u00e1 entregando prestaciones de calidad segura y con est\u00e1ndares que responden a las necesidades de nuestra comunidad\u201d.<\/p><p style=\"font-weight: 400;\">Desde el \u00e1rea t\u00e9cnica, la jefa de Calidad y Seguridad del Servicio, Cindy Galarce Torrej\u00f3n, reforz\u00f3 la importancia del proceso: \u201cLa acreditaci\u00f3n demuestra a la comunidad que contamos con los est\u00e1ndares m\u00ednimos de calidad para atenderlos, sobre una base de seguridad y una atenci\u00f3n centrada en las personas\u201d.<\/p><p style=\"font-weight: 400;\">Para las y los trabajadores del CESFAM, este avance impacta directamente en su gesti\u00f3n diaria. As\u00ed lo expres\u00f3 Carol Arvey Galindo, enfermera del establecimiento: \u201cEs un buen paso porque se crearon muchos documentos estandarizados y ordenados para nosotros y para los usuarios. Fue un proceso en el que todos nuestros colegas aportaron\u201d.<\/p><p style=\"font-weight: 400;\">La ceremonia finaliz\u00f3 con la entrega de reconocimientos a funcionarias y funcionarios que fueron claves en el proceso, adem\u00e1s de un momento art\u00edstico a cargo de la Orquesta de Cuerdas del Liceo Altos de Mackay.<\/p>\t\t\t\t\t\t\t\t<\/div>\n\t\t\t\t<\/div>\n\t\t\t\t\t<\/div>\n\t\t\t\t<\/div>\n\t\t\t\t<\/div>\n\t\t","protected":false},"excerpt":{"rendered":"<p>\u00a0El establecimiento obtuvo la certificaci\u00f3n de la Superintendencia de Salud, convirti\u00e9ndose en el primero de la comuna de Coyhaique en [&hellip;]<\/p>\n","protected":false},"author":2,"featured_media":5422,"comment_status":"open","ping_status":"open","sticky":false,"template":"","format":"standard","meta":{"_eb_attr":"","site-sidebar-layout":"default","site-content-layout":"","ast-site-content-layout":"default","site-content-style":"default","site-sidebar-style":"default","ast-global-header-display":"","ast-banner-title-visibility":"","ast-main-header-display":"","ast-hfb-above-header-display":"","ast-hfb-below-header-display":"","ast-hfb-mobile-header-display":"","site-post-title":"","ast-breadcrumbs-content":"","ast-featured-img":"disabled","footer-sml-layout":"","theme-transparent-header-meta":"","adv-header-id-meta":"","stick-header-meta":"","header-above-stick-meta":"","header-main-stick-meta":"","header-below-stick-meta":"","astra-migrate-meta-layouts":"default","ast-page-background-enabled":"default","ast-page-background-meta":{"desktop":{"background-color":"var(--ast-global-color-4)","background-image":"","background-repeat":"repeat","background-position":"center center","background-size":"auto","background-attachment":"scroll","background-type":"","background-media":"","overlay-type":"","overlay-color":"","overlay-opacity":"","overlay-gradient":""},"tablet":{"background-color":"","background-image":"","background-repeat":"repeat","background-position":"center center","background-size":"auto","background-attachment":"scroll","background-type":"","background-media":"","overlay-type":"","overlay-color":"","overlay-opacity":"","overlay-gradient":""},"mobile":{"background-color":"","background-image":"","background-repeat":"repeat","background-position":"center center","background-size":"auto","background-attachment":"scroll","background-type":"","background-media":"","overlay-type":"","overlay-color":"","overlay-opacity":"","overlay-gradient":""}},"ast-content-background-meta":{"desktop":{"background-color":"var(--ast-global-color-5)","background-image":"","background-repeat":"repeat","background-position":"center center","background-size":"auto","background-attachment":"scroll","background-type":"","background-media":"","overlay-type":"","overlay-color":"","overlay-opacity":"","overlay-gradient":""},"tablet":{"background-color":"var(--ast-global-color-5)","background-image":"","background-repeat":"repeat","background-position":"center center","background-size":"auto","background-attachment":"scroll","background-type":"","background-media":"","overlay-type":"","overlay-color":"","overlay-opacity":"","overlay-gradient":""},"mobile":{"background-color":"var(--ast-global-color-5)","background-image":"","background-repeat":"repeat","background-position":"center center","background-size":"auto","background-attachment":"scroll","background-type":"","background-media":"","overlay-type":"","overlay-color":"","overlay-opacity":"","overlay-gradient":""}},"footnotes":""},"categories":[1],"tags":[],"class_list":["post-5409","post","type-post","status-publish","format-standard","has-post-thumbnail","hentry","category-noticias"],"_links":{"self":[{"href":"https:\/\/www.serviciosaludaysen.cl\/index.php\/wp-json\/wp\/v2\/posts\/5409","targetHints":{"allow":["GET"]}}],"collection":[{"href":"https:\/\/www.serviciosaludaysen.cl\/index.php\/wp-json\/wp\/v2\/posts"}],"about":[{"href":"https:\/\/www.serviciosaludaysen.cl\/index.php\/wp-json\/wp\/v2\/types\/post"}],"author":[{"embeddable":true,"href":"https:\/\/www.serviciosaludaysen.cl\/index.php\/wp-json\/wp\/v2\/users\/2"}],"replies":[{"embeddable":true,"href":"https:\/\/www.serviciosaludaysen.cl\/index.php\/wp-json\/wp\/v2\/comments?post=5409"}],"version-history":[{"count":7,"href":"https:\/\/www.serviciosaludaysen.cl\/index.php\/wp-json\/wp\/v2\/posts\/5409\/revisions"}],"predecessor-version":[{"id":5432,"href":"https:\/\/www.serviciosaludaysen.cl\/index.php\/wp-json\/wp\/v2\/posts\/5409\/revisions\/5432"}],"wp:featuredmedia":[{"embeddable":true,"href":"https:\/\/www.serviciosaludaysen.cl\/index.php\/wp-json\/wp\/v2\/media\/5422"}],"wp:attachment":[{"href":"https:\/\/www.serviciosaludaysen.cl\/index.php\/wp-json\/wp\/v2\/media?parent=5409"}],"wp:term":[{"taxonomy":"category","embeddable":true,"href":"https:\/\/www.serviciosaludaysen.cl\/index.php\/wp-json\/wp\/v2\/categories?post=5409"},{"taxonomy":"post_tag","embeddable":true,"href":"https:\/\/www.serviciosaludaysen.cl\/index.php\/wp-json\/wp\/v2\/tags?post=5409"}],"curies":[{"name":"wp","href":"https:\/\/api.w.org\/{rel}","templated":true}]}}