{"id":5349,"date":"2025-10-23T17:54:36","date_gmt":"2025-10-23T20:54:36","guid":{"rendered":"https:\/\/www.serviciosaludaysen.cl\/?p=5349"},"modified":"2025-10-23T17:59:09","modified_gmt":"2025-10-23T20:59:09","slug":"aysen-alcanza-el-primer-lugar-nacional-en-cirugias-mayores-tras-primer-ano-del-programa-de-lista-de-espera","status":"publish","type":"post","link":"https:\/\/www.serviciosaludaysen.cl\/index.php\/2025\/10\/23\/aysen-alcanza-el-primer-lugar-nacional-en-cirugias-mayores-tras-primer-ano-del-programa-de-lista-de-espera\/","title":{"rendered":"Ays\u00e9n alcanza el primer lugar nacional en cirug\u00edas mayores tras primer a\u00f1o del Programa de Lista de Espera"},"content":{"rendered":"\t\t<div data-elementor-type=\"wp-post\" data-elementor-id=\"5349\" class=\"elementor elementor-5349\">\n\t\t\t\t<div class=\"elementor-element elementor-element-504a350 e-flex e-con-boxed e-con e-parent\" data-id=\"504a350\" data-element_type=\"container\">\n\t\t\t\t\t<div class=\"e-con-inner\">\n\t\t\t\t<div class=\"elementor-element elementor-element-8f1efa4 elementor-arrows-position-inside elementor-pagination-position-outside elementor-widget elementor-widget-image-carousel\" data-id=\"8f1efa4\" data-element_type=\"widget\" data-settings=\"{&quot;slides_to_show&quot;:&quot;1&quot;,&quot;navigation&quot;:&quot;both&quot;,&quot;autoplay&quot;:&quot;yes&quot;,&quot;pause_on_hover&quot;:&quot;yes&quot;,&quot;pause_on_interaction&quot;:&quot;yes&quot;,&quot;autoplay_speed&quot;:5000,&quot;infinite&quot;:&quot;yes&quot;,&quot;effect&quot;:&quot;slide&quot;,&quot;speed&quot;:500}\" data-widget_type=\"image-carousel.default\">\n\t\t\t\t<div class=\"elementor-widget-container\">\n\t\t\t\t\t\t\t<div class=\"elementor-image-carousel-wrapper swiper\" role=\"region\" aria-roledescription=\"carousel\" aria-label=\"Carrusel de im\u00e1genes\" dir=\"ltr\">\n\t\t\t<div class=\"elementor-image-carousel swiper-wrapper\" aria-live=\"off\">\n\t\t\t\t\t\t\t\t<div class=\"swiper-slide\" role=\"group\" aria-roledescription=\"slide\" aria-label=\"1 de 10\"><figure class=\"swiper-slide-inner\"><img decoding=\"async\" class=\"swiper-slide-image\" src=\"https:\/\/www.serviciosaludaysen.cl\/wp-content\/uploads\/2025\/10\/IMG_1220-1-1024x683.jpg\" alt=\"Ays\u00e9n alcanza el primer lugar nacional en cirug\u00edas mayores tras primer a\u00f1o del Programa de Lista de Espera\" \/><\/figure><\/div><div class=\"swiper-slide\" role=\"group\" aria-roledescription=\"slide\" aria-label=\"2 de 10\"><figure class=\"swiper-slide-inner\"><img decoding=\"async\" class=\"swiper-slide-image\" src=\"https:\/\/www.serviciosaludaysen.cl\/wp-content\/uploads\/2025\/10\/IMG_1247-1-1024x683.jpg\" alt=\"Ays\u00e9n alcanza el primer lugar nacional en cirug\u00edas mayores tras primer a\u00f1o del Programa de Lista de Espera\" \/><\/figure><\/div><div class=\"swiper-slide\" role=\"group\" aria-roledescription=\"slide\" aria-label=\"3 de 10\"><figure class=\"swiper-slide-inner\"><img decoding=\"async\" class=\"swiper-slide-image\" src=\"https:\/\/www.serviciosaludaysen.cl\/wp-content\/uploads\/2025\/10\/IMG_1294-1-1024x683.jpg\" alt=\"Ays\u00e9n alcanza el primer lugar nacional en cirug\u00edas mayores tras primer a\u00f1o del Programa de Lista de Espera\" \/><\/figure><\/div><div class=\"swiper-slide\" role=\"group\" aria-roledescription=\"slide\" aria-label=\"4 de 10\"><figure class=\"swiper-slide-inner\"><img decoding=\"async\" class=\"swiper-slide-image\" src=\"https:\/\/www.serviciosaludaysen.cl\/wp-content\/uploads\/2025\/10\/IMG_1225-1-1024x683.jpg\" alt=\"Ays\u00e9n alcanza el primer lugar nacional en cirug\u00edas mayores tras primer a\u00f1o del Programa de Lista de Espera\" \/><\/figure><\/div><div class=\"swiper-slide\" role=\"group\" aria-roledescription=\"slide\" aria-label=\"5 de 10\"><figure class=\"swiper-slide-inner\"><img decoding=\"async\" class=\"swiper-slide-image\" src=\"https:\/\/www.serviciosaludaysen.cl\/wp-content\/uploads\/2025\/10\/IMG_1241-1-1024x683.jpg\" alt=\"Ays\u00e9n alcanza el primer lugar nacional en cirug\u00edas mayores tras primer a\u00f1o del Programa de Lista de Espera\" \/><\/figure><\/div><div class=\"swiper-slide\" role=\"group\" aria-roledescription=\"slide\" aria-label=\"6 de 10\"><figure class=\"swiper-slide-inner\"><img decoding=\"async\" class=\"swiper-slide-image\" src=\"https:\/\/www.serviciosaludaysen.cl\/wp-content\/uploads\/2025\/10\/IMG_1211-1024x683.jpg\" alt=\"Ays\u00e9n alcanza el primer lugar nacional en cirug\u00edas mayores tras primer a\u00f1o del Programa de Lista de Espera\" \/><\/figure><\/div><div class=\"swiper-slide\" role=\"group\" aria-roledescription=\"slide\" aria-label=\"7 de 10\"><figure class=\"swiper-slide-inner\"><img decoding=\"async\" class=\"swiper-slide-image\" src=\"https:\/\/www.serviciosaludaysen.cl\/wp-content\/uploads\/2025\/10\/IMG_1219-1-1024x683.jpg\" alt=\"Ays\u00e9n alcanza el primer lugar nacional en cirug\u00edas mayores tras primer a\u00f1o del Programa de Lista de Espera\" \/><\/figure><\/div><div class=\"swiper-slide\" role=\"group\" aria-roledescription=\"slide\" aria-label=\"8 de 10\"><figure class=\"swiper-slide-inner\"><img decoding=\"async\" class=\"swiper-slide-image\" src=\"https:\/\/www.serviciosaludaysen.cl\/wp-content\/uploads\/2025\/10\/IMG_1189-1024x683.jpg\" alt=\"Ays\u00e9n alcanza el primer lugar nacional en cirug\u00edas mayores tras primer a\u00f1o del Programa de Lista de Espera\" \/><\/figure><\/div><div class=\"swiper-slide\" role=\"group\" aria-roledescription=\"slide\" aria-label=\"9 de 10\"><figure class=\"swiper-slide-inner\"><img decoding=\"async\" class=\"swiper-slide-image\" src=\"https:\/\/www.serviciosaludaysen.cl\/wp-content\/uploads\/2025\/10\/IMG_1184-1-1024x683.jpg\" alt=\"Ays\u00e9n alcanza el primer lugar nacional en cirug\u00edas mayores tras primer a\u00f1o del Programa de Lista de Espera\" \/><\/figure><\/div><div class=\"swiper-slide\" role=\"group\" aria-roledescription=\"slide\" aria-label=\"10 de 10\"><figure class=\"swiper-slide-inner\"><img decoding=\"async\" class=\"swiper-slide-image\" src=\"https:\/\/www.serviciosaludaysen.cl\/wp-content\/uploads\/2025\/10\/1-4-1024x576.png\" alt=\"Ays\u00e9n alcanza el primer lugar nacional en cirug\u00edas mayores tras primer a\u00f1o del Programa de Lista de Espera\" \/><\/figure><\/div>\t\t\t<\/div>\n\t\t\t\t\t\t\t\t\t\t\t\t<div class=\"elementor-swiper-button elementor-swiper-button-prev\" role=\"button\" tabindex=\"0\">\n\t\t\t\t\t\t<svg aria-hidden=\"true\" class=\"e-font-icon-svg e-eicon-chevron-left\" viewBox=\"0 0 1000 1000\" xmlns=\"http:\/\/www.w3.org\/2000\/svg\"><path d=\"M646 125C629 125 613 133 604 142L308 442C296 454 292 471 292 487 292 504 296 521 308 533L604 854C617 867 629 875 646 875 663 875 679 871 692 858 704 846 713 829 713 812 713 796 708 779 692 767L438 487 692 225C700 217 708 204 708 187 708 171 704 154 692 142 675 129 663 125 646 125Z\"><\/path><\/svg>\t\t\t\t\t<\/div>\n\t\t\t\t\t<div class=\"elementor-swiper-button elementor-swiper-button-next\" role=\"button\" tabindex=\"0\">\n\t\t\t\t\t\t<svg aria-hidden=\"true\" class=\"e-font-icon-svg e-eicon-chevron-right\" viewBox=\"0 0 1000 1000\" xmlns=\"http:\/\/www.w3.org\/2000\/svg\"><path d=\"M696 533C708 521 713 504 713 487 713 471 708 454 696 446L400 146C388 133 375 125 354 125 338 125 325 129 313 142 300 154 292 171 292 187 292 204 296 221 308 233L563 492 304 771C292 783 288 800 288 817 288 833 296 850 308 863 321 871 338 875 354 875 371 875 388 867 400 854L696 533Z\"><\/path><\/svg>\t\t\t\t\t<\/div>\n\t\t\t\t\n\t\t\t\t\t\t\t\t\t<div class=\"swiper-pagination\"><\/div>\n\t\t\t\t\t\t\t\t\t<\/div>\n\t\t\t\t\t\t<\/div>\n\t\t\t\t<\/div>\n\t\t\t\t\t<\/div>\n\t\t\t\t<\/div>\n\t\t<div class=\"elementor-element elementor-element-e943275 e-flex e-con-boxed e-con e-parent\" data-id=\"e943275\" data-element_type=\"container\">\n\t\t\t\t\t<div class=\"e-con-inner\">\n\t\t\t\t<div class=\"elementor-element elementor-element-81dc5b5 elementor-widget elementor-widget-text-editor\" data-id=\"81dc5b5\" data-element_type=\"widget\" data-widget_type=\"text-editor.default\">\n\t\t\t\t<div class=\"elementor-widget-container\">\n\t\t\t\t\t\t\t\t\t<ul><li style=\"font-weight: 400;\"><strong><em>Una iniciativa conjunta entre el Gobierno Regional y el Servicio de Salud Ays\u00e9n que ha permitido disminuir significativamente los tiempos de atenci\u00f3n en consultas de especialidad, procedimientos y cirug\u00edas a lo largo del territorio.<\/em><\/strong><\/li><\/ul><p style=\"font-weight: 400;\">En el edificio del Gobierno Regional de Ays\u00e9n se realiz\u00f3 la ceremonia de cierre del primer a\u00f1o de ejecuci\u00f3n del \u201cPrograma de Reducci\u00f3n Integral de Pacientes en Lista de Espera\u201d, instancia en la que el director del Servicio de Salud Ays\u00e9n, Juan Pablo Bravo Quintana, entreg\u00f3 un balance regional de sus principales resultados. La actividad cont\u00f3 con la participaci\u00f3n de autoridades, comunidad, funcionarios y funcionarias de la red asistencial, destacando el impacto de esta iniciativa conjunta con el Gobierno Regional en el acceso a atenciones de salud en la regi\u00f3n.<\/p><p style=\"font-weight: 400;\">El programa financiado con una inversi\u00f3n superior a los $2.170 millones naci\u00f3 en octubre de 2024 como una respuesta concreta al desaf\u00edo de brindar mayor equidad y resolutividad en la atenci\u00f3n p\u00fablica de salud. Durante su primer a\u00f1o, se registraron m\u00e1s de 2.300 consultas de especialidad, m\u00e1s de 1.700 procedimientos y 317 cirug\u00edas realizadas.<\/p><p style=\"font-weight: 400;\">El director del Servicio de Salud Ays\u00e9n, destac\u00f3 que los resultados son reflejo del esfuerzo colectivo de los equipos cl\u00ednicos y administrativos de toda la red asistencial, adem\u00e1s relev\u00f3 la adquisici\u00f3n de la mesa quir\u00fargica que se compr\u00f3 en el Hospital de Puerto Ays\u00e9n, lo que permiti\u00f3 desarrollar la primera intervenci\u00f3n quir\u00fargica de mayor complejidad en un recambio de rodilla traumatol\u00f3gica.<\/p><p style=\"font-weight: 400;\">\u201cNos encontramos en primer lugar nacional en cirug\u00edas mayores, y esto refleja el trabajo t\u00e9cnico y el compromiso de cada uno de los equipos para brindar atenci\u00f3n m\u00e1s resolutiva y de calidad por nuestros usuarios\u201d, expres\u00f3 Bravo.<\/p><p style=\"font-weight: 400;\">Entre los testimonios presentados durante la ceremonia estuvo el de Saray Toledo, madre de una paciente de Cochrane, quien comparti\u00f3 su experiencia tras la cirug\u00eda de am\u00edgdalas de su hija.<\/p><p style=\"font-weight: 400;\">\u201cHasta aqu\u00ed ha sido un gran alivio para nosotros como padres. Agradecemos econ\u00f3micamente porque si hubi\u00e9semos seguido esperando, no sabemos cu\u00e1nto habr\u00edamos gastado. Estamos agradecidos de que se haya hecho este programa para dar soluci\u00f3n a las familias de la Patagonia\u201d, se\u00f1al\u00f3 Toledo.<\/p><p style=\"font-weight: 400;\">Por su parte, el Gobernador Regional de Ays\u00e9n, Marcelo Santana Vargas, resalt\u00f3 el impacto positivo del programa y anunci\u00f3 su continuidad para 2026.<\/p><p style=\"font-weight: 400;\">\u201cSi uno tuviera todos los recursos para poder hacer todo lo que se necesita en materia de salud p\u00fablica en la regi\u00f3n, no nos alcanzar\u00edan. Pero estamos priorizando a trav\u00e9s de nuestro convenio de programaci\u00f3n con el Servicio de Salud, Infraestructura, en primer lugar, equipamiento para que pueda haber mayor resolutividad en nuestro establecimiento de salud\u201d, acot\u00f3 Santana.<\/p><p style=\"font-weight: 400;\">\u201cTambi\u00e9n, programas como el que acabamos de inaugurar su primer a\u00f1o, que es la reducci\u00f3n de las listas de espera. Ha tenido un impacto significativo, tanto en atenci\u00f3n de especialistas, horas que estaban atrasadas, como tambi\u00e9n cirug\u00edas, que son otra parte de uno de los componentes principales de este programa. Hay que seguir avanzando. Ya nos hemos puesto de acuerdo para continuar con esta inversi\u00f3n durante el a\u00f1o 2026, incluir algunas que no estaban concedidas en primera instancia, por ejemplo, las cirug\u00edas bari\u00e1tricas\u201d, afirm\u00f3 el Gobernador.<\/p><p style=\"font-weight: 400;\">Durante la ceremonia tambi\u00e9n se proyectaron los testimonios de usuarios beneficiados, como Manuel Molina, paciente de Coyhaique, y Maximino Astudillo, de Puerto Chacabuco.<\/p><p style=\"font-weight: 400;\">\u201cTuve la suerte hace muy poquito de ser favorecido con una intervenci\u00f3n quir\u00fargica que me ten\u00eda muy complicado. Gracias a estos programas me siento bastante bien; yo creo que es ideal porque acorta tiempos que preocupaban a mucha gente\u201d, coment\u00f3 Molina.<\/p><p style=\"font-weight: 400;\">Astudillo, en tanto, agreg\u00f3, \u201cMe oper\u00e9 de la rodilla izquierda, pr\u00f3tesis total, y ahora tengo una vida normal haciendo mis terapias. La atenci\u00f3n fue excelente; agradezco al Gobierno Regional y al Hospital de Puerto Ays\u00e9n por las gestiones que han hecho por todos nosotros\u201d.<\/p><p style=\"font-weight: 400;\">El encuentro concluy\u00f3 con dos presentaciones musicales de la Orquesta de Cuerdas del Liceo Bicentenario Altos del Mackay, cuyas interpretaciones realzaron la alianza entre el Gobierno Regional y el Servicio de Salud Ays\u00e9n, en ir disminuyendo los tiempos de espera y mejorar la calidad de vida de las familias ayseninas.<\/p>\t\t\t\t\t\t\t\t<\/div>\n\t\t\t\t<\/div>\n\t\t\t\t\t<\/div>\n\t\t\t\t<\/div>\n\t\t\t\t<\/div>\n\t\t","protected":false},"excerpt":{"rendered":"<p>Una iniciativa conjunta entre el Gobierno Regional y el Servicio de Salud Ays\u00e9n que ha permitido disminuir significativamente los tiempos [&hellip;]<\/p>\n","protected":false},"author":2,"featured_media":5350,"comment_status":"open","ping_status":"open","sticky":false,"template":"","format":"standard","meta":{"_eb_attr":"","site-sidebar-layout":"default","site-content-layout":"","ast-site-content-layout":"default","site-content-style":"default","site-sidebar-style":"default","ast-global-header-display":"","ast-banner-title-visibility":"","ast-main-header-display":"","ast-hfb-above-header-display":"","ast-hfb-below-header-display":"","ast-hfb-mobile-header-display":"","site-post-title":"","ast-breadcrumbs-content":"","ast-featured-img":"disabled","footer-sml-layout":"","theme-transparent-header-meta":"","adv-header-id-meta":"","stick-header-meta":"","header-above-stick-meta":"","header-main-stick-meta":"","header-below-stick-meta":"","astra-migrate-meta-layouts":"default","ast-page-background-enabled":"default","ast-page-background-meta":{"desktop":{"background-color":"var(--ast-global-color-4)","background-image":"","background-repeat":"repeat","background-position":"center center","background-size":"auto","background-attachment":"scroll","background-type":"","background-media":"","overlay-type":"","overlay-color":"","overlay-opacity":"","overlay-gradient":""},"tablet":{"background-color":"","background-image":"","background-repeat":"repeat","background-position":"center center","background-size":"auto","background-attachment":"scroll","background-type":"","background-media":"","overlay-type":"","overlay-color":"","overlay-opacity":"","overlay-gradient":""},"mobile":{"background-color":"","background-image":"","background-repeat":"repeat","background-position":"center center","background-size":"auto","background-attachment":"scroll","background-type":"","background-media":"","overlay-type":"","overlay-color":"","overlay-opacity":"","overlay-gradient":""}},"ast-content-background-meta":{"desktop":{"background-color":"var(--ast-global-color-5)","background-image":"","background-repeat":"repeat","background-position":"center center","background-size":"auto","background-attachment":"scroll","background-type":"","background-media":"","overlay-type":"","overlay-color":"","overlay-opacity":"","overlay-gradient":""},"tablet":{"background-color":"var(--ast-global-color-5)","background-image":"","background-repeat":"repeat","background-position":"center center","background-size":"auto","background-attachment":"scroll","background-type":"","background-media":"","overlay-type":"","overlay-color":"","overlay-opacity":"","overlay-gradient":""},"mobile":{"background-color":"var(--ast-global-color-5)","background-image":"","background-repeat":"repeat","background-position":"center center","background-size":"auto","background-attachment":"scroll","background-type":"","background-media":"","overlay-type":"","overlay-color":"","overlay-opacity":"","overlay-gradient":""}},"footnotes":""},"categories":[11],"tags":[29,25,27,62,30],"class_list":["post-5349","post","type-post","status-publish","format-standard","has-post-thumbnail","hentry","category-general","tag-coyhaique","tag-hospital-puerto-aysen","tag-postasdesalud","tag-red-asistencial-aysen","tag-salud"],"_links":{"self":[{"href":"https:\/\/www.serviciosaludaysen.cl\/index.php\/wp-json\/wp\/v2\/posts\/5349","targetHints":{"allow":["GET"]}}],"collection":[{"href":"https:\/\/www.serviciosaludaysen.cl\/index.php\/wp-json\/wp\/v2\/posts"}],"about":[{"href":"https:\/\/www.serviciosaludaysen.cl\/index.php\/wp-json\/wp\/v2\/types\/post"}],"author":[{"embeddable":true,"href":"https:\/\/www.serviciosaludaysen.cl\/index.php\/wp-json\/wp\/v2\/users\/2"}],"replies":[{"embeddable":true,"href":"https:\/\/www.serviciosaludaysen.cl\/index.php\/wp-json\/wp\/v2\/comments?post=5349"}],"version-history":[{"count":4,"href":"https:\/\/www.serviciosaludaysen.cl\/index.php\/wp-json\/wp\/v2\/posts\/5349\/revisions"}],"predecessor-version":[{"id":5371,"href":"https:\/\/www.serviciosaludaysen.cl\/index.php\/wp-json\/wp\/v2\/posts\/5349\/revisions\/5371"}],"wp:featuredmedia":[{"embeddable":true,"href":"https:\/\/www.serviciosaludaysen.cl\/index.php\/wp-json\/wp\/v2\/media\/5350"}],"wp:attachment":[{"href":"https:\/\/www.serviciosaludaysen.cl\/index.php\/wp-json\/wp\/v2\/media?parent=5349"}],"wp:term":[{"taxonomy":"category","embeddable":true,"href":"https:\/\/www.serviciosaludaysen.cl\/index.php\/wp-json\/wp\/v2\/categories?post=5349"},{"taxonomy":"post_tag","embeddable":true,"href":"https:\/\/www.serviciosaludaysen.cl\/index.php\/wp-json\/wp\/v2\/tags?post=5349"}],"curies":[{"name":"wp","href":"https:\/\/api.w.org\/{rel}","templated":true}]}}