{"id":5282,"date":"2025-10-13T16:44:16","date_gmt":"2025-10-13T19:44:16","guid":{"rendered":"https:\/\/www.serviciosaludaysen.cl\/?p=5282"},"modified":"2025-10-13T17:57:26","modified_gmt":"2025-10-13T20:57:26","slug":"servicios-de-salud-de-aysen-chiloe-y-reloncavi-firman-convenio-para-fortalecer-la-atencion-en-la-zona-norte-de-la-region","status":"publish","type":"post","link":"https:\/\/www.serviciosaludaysen.cl\/index.php\/2025\/10\/13\/servicios-de-salud-de-aysen-chiloe-y-reloncavi-firman-convenio-para-fortalecer-la-atencion-en-la-zona-norte-de-la-region\/","title":{"rendered":"Servicios\u00a0de\u00a0Salud\u00a0de\u00a0Ays\u00e9n, Chilo\u00e9 y Reloncav\u00ed firman convenio para fortalecer la atenci\u00f3n en la zona norte\u00a0de\u00a0la regi\u00f3n"},"content":{"rendered":"\t\t<div data-elementor-type=\"wp-post\" data-elementor-id=\"5282\" class=\"elementor elementor-5282\">\n\t\t\t\t<div class=\"elementor-element elementor-element-aa6684c e-flex e-con-boxed e-con e-parent\" data-id=\"aa6684c\" data-element_type=\"container\">\n\t\t\t\t\t<div class=\"e-con-inner\">\n\t\t\t\t<div class=\"elementor-element elementor-element-0b7bd32 elementor-arrows-position-inside elementor-pagination-position-outside elementor-widget elementor-widget-image-carousel\" data-id=\"0b7bd32\" data-element_type=\"widget\" data-settings=\"{&quot;slides_to_show&quot;:&quot;1&quot;,&quot;navigation&quot;:&quot;both&quot;,&quot;autoplay&quot;:&quot;yes&quot;,&quot;pause_on_hover&quot;:&quot;yes&quot;,&quot;pause_on_interaction&quot;:&quot;yes&quot;,&quot;autoplay_speed&quot;:5000,&quot;infinite&quot;:&quot;yes&quot;,&quot;effect&quot;:&quot;slide&quot;,&quot;speed&quot;:500}\" data-widget_type=\"image-carousel.default\">\n\t\t\t\t<div class=\"elementor-widget-container\">\n\t\t\t\t\t\t\t<div class=\"elementor-image-carousel-wrapper swiper\" role=\"region\" aria-roledescription=\"carousel\" aria-label=\"Carrusel de im\u00e1genes\" dir=\"ltr\">\n\t\t\t<div class=\"elementor-image-carousel swiper-wrapper\" aria-live=\"off\">\n\t\t\t\t\t\t\t\t<div class=\"swiper-slide\" role=\"group\" aria-roledescription=\"slide\" aria-label=\"1 de 10\"><figure class=\"swiper-slide-inner\"><img decoding=\"async\" class=\"swiper-slide-image\" src=\"https:\/\/www.serviciosaludaysen.cl\/wp-content\/uploads\/2025\/10\/FIRMA-DE-CONVENIO-MELINKA-12-768x576.jpeg\" alt=\"Servicios de Salud de Ays\u00e9n, Chilo\u00e9 y Reloncav\u00ed firman convenio para fortalecer la atenci\u00f3n en la zona norte de la regi\u00f3n\" \/><\/figure><\/div><div class=\"swiper-slide\" role=\"group\" aria-roledescription=\"slide\" aria-label=\"2 de 10\"><figure class=\"swiper-slide-inner\"><img decoding=\"async\" class=\"swiper-slide-image\" src=\"https:\/\/www.serviciosaludaysen.cl\/wp-content\/uploads\/2025\/10\/FIRMA-DE-CONVENIO-MELINKA-9-768x576.jpeg\" alt=\"Servicios de Salud de Ays\u00e9n, Chilo\u00e9 y Reloncav\u00ed firman convenio para fortalecer la atenci\u00f3n en la zona norte de la regi\u00f3n\" \/><\/figure><\/div><div class=\"swiper-slide\" role=\"group\" aria-roledescription=\"slide\" aria-label=\"3 de 10\"><figure class=\"swiper-slide-inner\"><img decoding=\"async\" class=\"swiper-slide-image\" src=\"https:\/\/www.serviciosaludaysen.cl\/wp-content\/uploads\/2025\/10\/FIRMA-DE-CONVENIO-MELINKA-11-768x576.jpeg\" alt=\"Servicios de Salud de Ays\u00e9n, Chilo\u00e9 y Reloncav\u00ed firman convenio para fortalecer la atenci\u00f3n en la zona norte de la regi\u00f3n\" \/><\/figure><\/div><div class=\"swiper-slide\" role=\"group\" aria-roledescription=\"slide\" aria-label=\"4 de 10\"><figure class=\"swiper-slide-inner\"><img decoding=\"async\" class=\"swiper-slide-image\" src=\"https:\/\/www.serviciosaludaysen.cl\/wp-content\/uploads\/2025\/10\/FIRMA-DE-CONVENIO-MELINKA-5-768x576.jpeg\" alt=\"Servicios de Salud de Ays\u00e9n, Chilo\u00e9 y Reloncav\u00ed firman convenio para fortalecer la atenci\u00f3n en la zona norte de la regi\u00f3n\" \/><\/figure><\/div><div class=\"swiper-slide\" role=\"group\" aria-roledescription=\"slide\" aria-label=\"5 de 10\"><figure class=\"swiper-slide-inner\"><img decoding=\"async\" class=\"swiper-slide-image\" src=\"https:\/\/www.serviciosaludaysen.cl\/wp-content\/uploads\/2025\/10\/FIRMA-DE-CONVENIO-MELINKA-2-768x576.jpeg\" alt=\"Servicios de Salud de Ays\u00e9n, Chilo\u00e9 y Reloncav\u00ed firman convenio para fortalecer la atenci\u00f3n en la zona norte de la regi\u00f3n\" \/><\/figure><\/div><div class=\"swiper-slide\" role=\"group\" aria-roledescription=\"slide\" aria-label=\"6 de 10\"><figure class=\"swiper-slide-inner\"><img decoding=\"async\" class=\"swiper-slide-image\" src=\"https:\/\/www.serviciosaludaysen.cl\/wp-content\/uploads\/2025\/10\/FIRMA-DE-CONVENIO-MELINKA-10-768x576.jpeg\" alt=\"Servicios de Salud de Ays\u00e9n, Chilo\u00e9 y Reloncav\u00ed firman convenio para fortalecer la atenci\u00f3n en la zona norte de la regi\u00f3n\" \/><\/figure><\/div><div class=\"swiper-slide\" role=\"group\" aria-roledescription=\"slide\" aria-label=\"7 de 10\"><figure class=\"swiper-slide-inner\"><img decoding=\"async\" class=\"swiper-slide-image\" src=\"https:\/\/www.serviciosaludaysen.cl\/wp-content\/uploads\/2025\/10\/FIRMA-DE-CONVENIO-MELINKA-7-768x576.jpeg\" alt=\"Servicios de Salud de Ays\u00e9n, Chilo\u00e9 y Reloncav\u00ed firman convenio para fortalecer la atenci\u00f3n en la zona norte de la regi\u00f3n\" \/><\/figure><\/div><div class=\"swiper-slide\" role=\"group\" aria-roledescription=\"slide\" aria-label=\"8 de 10\"><figure class=\"swiper-slide-inner\"><img decoding=\"async\" class=\"swiper-slide-image\" src=\"https:\/\/www.serviciosaludaysen.cl\/wp-content\/uploads\/2025\/10\/FIRMA-DE-CONVENIO-MELINKA-8-768x576.jpeg\" alt=\"Servicios de Salud de Ays\u00e9n, Chilo\u00e9 y Reloncav\u00ed firman convenio para fortalecer la atenci\u00f3n en la zona norte de la regi\u00f3n\" \/><\/figure><\/div><div class=\"swiper-slide\" role=\"group\" aria-roledescription=\"slide\" aria-label=\"9 de 10\"><figure class=\"swiper-slide-inner\"><img decoding=\"async\" class=\"swiper-slide-image\" src=\"https:\/\/www.serviciosaludaysen.cl\/wp-content\/uploads\/2025\/10\/FIRMA-DE-CONVENIO-MELINKA-4-768x576.jpeg\" alt=\"Servicios de Salud de Ays\u00e9n, Chilo\u00e9 y Reloncav\u00ed firman convenio para fortalecer la atenci\u00f3n en la zona norte de la regi\u00f3n\" \/><\/figure><\/div><div class=\"swiper-slide\" role=\"group\" aria-roledescription=\"slide\" aria-label=\"10 de 10\"><figure class=\"swiper-slide-inner\"><img decoding=\"async\" class=\"swiper-slide-image\" src=\"https:\/\/www.serviciosaludaysen.cl\/wp-content\/uploads\/2025\/10\/FIRMA-DE-CONVENIO-MELINKA-3-768x576.jpeg\" alt=\"Servicios de Salud de Ays\u00e9n, Chilo\u00e9 y Reloncav\u00ed firman convenio para fortalecer la atenci\u00f3n en la zona norte de la regi\u00f3n\" \/><\/figure><\/div>\t\t\t<\/div>\n\t\t\t\t\t\t\t\t\t\t\t\t<div class=\"elementor-swiper-button elementor-swiper-button-prev\" role=\"button\" tabindex=\"0\">\n\t\t\t\t\t\t<svg aria-hidden=\"true\" class=\"e-font-icon-svg e-eicon-chevron-left\" viewBox=\"0 0 1000 1000\" xmlns=\"http:\/\/www.w3.org\/2000\/svg\"><path d=\"M646 125C629 125 613 133 604 142L308 442C296 454 292 471 292 487 292 504 296 521 308 533L604 854C617 867 629 875 646 875 663 875 679 871 692 858 704 846 713 829 713 812 713 796 708 779 692 767L438 487 692 225C700 217 708 204 708 187 708 171 704 154 692 142 675 129 663 125 646 125Z\"><\/path><\/svg>\t\t\t\t\t<\/div>\n\t\t\t\t\t<div class=\"elementor-swiper-button elementor-swiper-button-next\" role=\"button\" tabindex=\"0\">\n\t\t\t\t\t\t<svg aria-hidden=\"true\" class=\"e-font-icon-svg e-eicon-chevron-right\" viewBox=\"0 0 1000 1000\" xmlns=\"http:\/\/www.w3.org\/2000\/svg\"><path d=\"M696 533C708 521 713 504 713 487 713 471 708 454 696 446L400 146C388 133 375 125 354 125 338 125 325 129 313 142 300 154 292 171 292 187 292 204 296 221 308 233L563 492 304 771C292 783 288 800 288 817 288 833 296 850 308 863 321 871 338 875 354 875 371 875 388 867 400 854L696 533Z\"><\/path><\/svg>\t\t\t\t\t<\/div>\n\t\t\t\t\n\t\t\t\t\t\t\t\t\t<div class=\"swiper-pagination\"><\/div>\n\t\t\t\t\t\t\t\t\t<\/div>\n\t\t\t\t\t\t<\/div>\n\t\t\t\t<\/div>\n\t\t\t\t\t<\/div>\n\t\t\t\t<\/div>\n\t\t<div class=\"elementor-element elementor-element-d0fcb7e e-flex e-con-boxed e-con e-parent\" data-id=\"d0fcb7e\" data-element_type=\"container\">\n\t\t\t\t\t<div class=\"e-con-inner\">\n\t\t\t\t<div class=\"elementor-element elementor-element-b745c19 elementor-widget elementor-widget-text-editor\" data-id=\"b745c19\" data-element_type=\"widget\" data-widget_type=\"text-editor.default\">\n\t\t\t\t<div class=\"elementor-widget-container\">\n\t\t\t\t\t\t\t\t\t<ul>\n<li style=\"font-weight: 400; text-align: left;\"><strong><em>La iniciativa permitir\u00e1 beneficiar a usuarias y usuarios&nbsp;de&nbsp;la Regi\u00f3n&nbsp;de&nbsp;Ays\u00e9n, mejorando derivaciones, diagn\u00f3sticos y cobertura en territorios aislados gracias al trabajo articulado entre las tres redes asistenciales<\/em><\/strong><\/li>\n<\/ul>\n<p style=\"font-weight: 400; text-align: left;\">En una jornada calificada como \u201chist\u00f3rica\u201d por autoridades y la comunidad, los directores del Servicio de Salud Ays\u00e9n, Chilo\u00e9 y&nbsp;&nbsp;Reloncav\u00ed firmaron en Melinka,, un convenio de colaboraci\u00f3n que permitir\u00e1 ampliar y fortalecer la red asistencial en beneficio directo de las y los habitantes de la comuna de Guaitecas.<\/p>\n<p style=\"font-weight: 400; text-align: left;\">La ceremonia se realiz\u00f3 en el Sal\u00f3n Cultural de Melinka y cont\u00f3 con la participaci\u00f3n de autoridades locales, equipos de salud, dirigentes comunitarios y representantes del Consejo Consultivo de Salud, quienes celebraron este hito que marca un antes y un despu\u00e9s en el acceso a prestaciones de salud en la isla.<\/p>\n<p style=\"font-weight: 400; text-align: left;\">Este acuerdo permitir\u00e1 mejorar la coordinaci\u00f3n entre servicios, facilitar el acceso a atenciones y ex\u00e1menes&nbsp;de&nbsp;diagn\u00f3stico, optimizar traslados y generar respuestas m\u00e1s oportunas para usuarias y usuarios&nbsp;de&nbsp;Ays\u00e9n, fortaleciendo as\u00ed la complementariedad entre las tres redes asistenciales.<\/p>\n<p style=\"font-weight: 400; text-align: left;\">La comunidad valor\u00f3 especialmente este paso, que reducir\u00e1 tiempos&nbsp;de&nbsp;espera, costos y barreras&nbsp;de&nbsp;acceso.<\/p>\n<p style=\"font-weight: 400; text-align: left;\">\u201cEste cambio significa poder acceder a otros servicios y especialidades que muchas veces son dif\u00edciles en la isla y trasladarnos a Coyhaique es complejo para nosotros. Irnos a Chilo\u00e9 o Puerto Montt es m\u00e1s accesible tanto por v\u00eda a\u00e9rea como terrestre\u201d, se\u00f1al\u00f3 Gaby Chiguay, presidenta del Consejo Consultivo de Salud de Melinka.<\/p>\n<p style=\"font-weight: 400; text-align: left;\">\u201cEsto tiene que ver con lograr una mayor cobertura para poder atender mejor a nuestros habitantes de Guaitecas. Estamos muy contentos de haber desarrollado este tipo de actividad y agradecer el trabajo colaborativo\u201d, coment\u00f3 Bans Puinao Carimoney, alcalde de Guaitecas.<\/p>\n<p style=\"font-weight: 400; text-align: left;\">Las direcciones&nbsp;de&nbsp;salud involucradas coincidieron en destacar que esta alianza permitir\u00e1 responder&nbsp;de&nbsp;manera m\u00e1s eficiente a las necesidades en salud&nbsp;de&nbsp;la poblaci\u00f3n.<\/p>\n<p style=\"font-weight: 400; text-align: left;\">\u201cLa idea es que podamos coordinarnos y entregar una soluci\u00f3n concreta a las personas que viven ac\u00e1, cuando necesiten un traslado, una atenci\u00f3n, una cirug\u00eda o una consulta&nbsp;de&nbsp;especialidad\u201d, expres\u00f3 Marcela C\u00e1rcamo Hemmelmann, directora del Servicio&nbsp;de&nbsp;Salud Chilo\u00e9.<\/p>\n<p style=\"font-weight: 400; text-align: left;\">En esa misma l\u00ednea, B\u00e1rbara Del Pino Villarreal, directora del Servicio&nbsp;de&nbsp;Salud Reloncav\u00ed, destac\u00f3 \u201cestamos muy felices&nbsp;de&nbsp;esta colaboraci\u00f3n entre los tres Servicios&nbsp;de&nbsp;Salud: Ays\u00e9n, Reloncav\u00ed y Chilo\u00e9. Quiero agradecer al director del&nbsp;de&nbsp;Ays\u00e9n, quien fue el primero en convocarnos para revisar c\u00f3mo se estaban desplazando nuestros pacientes y pensar en ellos, en las v\u00edas que ellos utilizaban en distintos servicios&nbsp;de&nbsp;salud\u201d.<\/p>\n<p style=\"font-weight: 400; text-align: left;\">\u201cAhora viene la bajada del convenio que son los protocolos operativos que estamos trabajando hace un tiempo con las direcciones&nbsp;de&nbsp;Reloncav\u00ed y Chilo\u00e9. Esperamos que est\u00e9n listos a fines&nbsp;de&nbsp;noviembre para entrar en operaciones en diciembre, esto permitir\u00e1 dar m\u00e1s claridad a nuestros usuarios sobre c\u00f3mo podr\u00e1n acceder a los beneficios que trae este acuerdo\u201d, explic\u00f3 Juan Pablo Bravo Quintana, director del Servicio&nbsp;de&nbsp;Salud Ays\u00e9n.<\/p>\n<p style=\"font-weight: 400; text-align: left;\">La actividad tambi\u00e9n cont\u00f3 con el acompa\u00f1amiento del Gobierno, que destac\u00f3 este paso como una se\u00f1al concreta&nbsp;de&nbsp;presencia del Estado en zonas aisladas y&nbsp;de&nbsp;trabajo conjunto para acercar la salud a las personas.<\/p>\n<p style=\"font-weight: 400; text-align: left;\">\u201cUna m\u00e1xima que nos ha puesto el Presidente&nbsp;de&nbsp;la Rep\u00fablica es que, independientemente&nbsp;de&nbsp;d\u00f3nde viva cada persona, debe tener la misma presencia y apoyo del Estado que alguien que vive a dos cuadras&nbsp;de&nbsp;La Moneda. Lo que estamos haciendo aqu\u00ed es precisamente eso: acercar salud&nbsp;de&nbsp;calidad y oportuna a todos los habitantes&nbsp;de&nbsp;Melinka\u201d, afirm\u00f3 Jorge D\u00edaz Guzm\u00e1n, delegado presidencial regional&nbsp;de&nbsp;Ays\u00e9n.<\/p>\n<p style=\"font-weight: 400; text-align: left;\">La firma incluy\u00f3 dos convenios espec\u00edficos. El primero, suscrito entre los Servicios&nbsp;de&nbsp;Salud&nbsp;de&nbsp;Ays\u00e9n y Chilo\u00e9, que establece un marco formal&nbsp;de&nbsp;colaboraci\u00f3n que facilitar\u00e1 derivaciones&nbsp;de&nbsp;pacientes, acceso a diagn\u00f3sticos y coordinaci\u00f3n&nbsp;de&nbsp;traslados, lo que permitir\u00e1 que personas&nbsp;de&nbsp;Guaitecas puedan acceder a atenci\u00f3n en la red Chilo\u00e9 con mayor resolutividad.<\/p>\n<p style=\"font-weight: 400; text-align: left;\">El segundo, con el Servicio&nbsp;de&nbsp;Salud Reloncav\u00ed, permitir\u00e1 fortalecer la capacidad&nbsp;de&nbsp;respuesta&nbsp;de&nbsp;la red asistencial&nbsp;de&nbsp;Ays\u00e9n mediante el procesamiento oportuno&nbsp;de&nbsp;ex\u00e1menes, reduciendo tiempos&nbsp;de&nbsp;espera y mejorando la oportunidad diagn\u00f3stica para las y los usuarios. Este convenio se suma al acuerdo firmado en marzo&nbsp;de&nbsp;este a\u00f1o, que ya beneficia a habitantes del eje La Junta, Ra\u00fal Mar\u00edn Balmaceda y Lago Verde, ampliando as\u00ed el alcance en la zona norte&nbsp;de&nbsp;la regi\u00f3n.<\/p>\t\t\t\t\t\t\t\t<\/div>\n\t\t\t\t<\/div>\n\t\t\t\t\t<\/div>\n\t\t\t\t<\/div>\n\t\t\t\t<\/div>\n\t\t","protected":false},"excerpt":{"rendered":"<p>La iniciativa permitir\u00e1 beneficiar a usuarias y usuarios&nbsp;de&nbsp;la Regi\u00f3n&nbsp;de&nbsp;Ays\u00e9n, mejorando derivaciones, diagn\u00f3sticos y cobertura en territorios aislados gracias al trabajo [&hellip;]<\/p>\n","protected":false},"author":2,"featured_media":5292,"comment_status":"open","ping_status":"open","sticky":false,"template":"","format":"standard","meta":{"_eb_attr":"","site-sidebar-layout":"default","site-content-layout":"","ast-site-content-layout":"default","site-content-style":"default","site-sidebar-style":"default","ast-global-header-display":"","ast-banner-title-visibility":"","ast-main-header-display":"","ast-hfb-above-header-display":"","ast-hfb-below-header-display":"","ast-hfb-mobile-header-display":"","site-post-title":"","ast-breadcrumbs-content":"","ast-featured-img":"disabled","footer-sml-layout":"","theme-transparent-header-meta":"","adv-header-id-meta":"","stick-header-meta":"","header-above-stick-meta":"","header-main-stick-meta":"","header-below-stick-meta":"","astra-migrate-meta-layouts":"default","ast-page-background-enabled":"default","ast-page-background-meta":{"desktop":{"background-color":"var(--ast-global-color-4)","background-image":"","background-repeat":"repeat","background-position":"center center","background-size":"auto","background-attachment":"scroll","background-type":"","background-media":"","overlay-type":"","overlay-color":"","overlay-opacity":"","overlay-gradient":""},"tablet":{"background-color":"","background-image":"","background-repeat":"repeat","background-position":"center center","background-size":"auto","background-attachment":"scroll","background-type":"","background-media":"","overlay-type":"","overlay-color":"","overlay-opacity":"","overlay-gradient":""},"mobile":{"background-color":"","background-image":"","background-repeat":"repeat","background-position":"center center","background-size":"auto","background-attachment":"scroll","background-type":"","background-media":"","overlay-type":"","overlay-color":"","overlay-opacity":"","overlay-gradient":""}},"ast-content-background-meta":{"desktop":{"background-color":"var(--ast-global-color-5)","background-image":"","background-repeat":"repeat","background-position":"center center","background-size":"auto","background-attachment":"scroll","background-type":"","background-media":"","overlay-type":"","overlay-color":"","overlay-opacity":"","overlay-gradient":""},"tablet":{"background-color":"var(--ast-global-color-5)","background-image":"","background-repeat":"repeat","background-position":"center center","background-size":"auto","background-attachment":"scroll","background-type":"","background-media":"","overlay-type":"","overlay-color":"","overlay-opacity":"","overlay-gradient":""},"mobile":{"background-color":"var(--ast-global-color-5)","background-image":"","background-repeat":"repeat","background-position":"center center","background-size":"auto","background-attachment":"scroll","background-type":"","background-media":"","overlay-type":"","overlay-color":"","overlay-opacity":"","overlay-gradient":""}},"footnotes":""},"categories":[1],"tags":[32,73,29,25,93,27,30,28,47],"class_list":["post-5282","post","type-post","status-publish","format-standard","has-post-thumbnail","hentry","category-noticias","tag-chilechico","tag-cochrane","tag-coyhaique","tag-hospital-puerto-aysen","tag-melinka","tag-postasdesalud","tag-salud","tag-serviciodesalud","tag-ssa"],"_links":{"self":[{"href":"https:\/\/www.serviciosaludaysen.cl\/index.php\/wp-json\/wp\/v2\/posts\/5282","targetHints":{"allow":["GET"]}}],"collection":[{"href":"https:\/\/www.serviciosaludaysen.cl\/index.php\/wp-json\/wp\/v2\/posts"}],"about":[{"href":"https:\/\/www.serviciosaludaysen.cl\/index.php\/wp-json\/wp\/v2\/types\/post"}],"author":[{"embeddable":true,"href":"https:\/\/www.serviciosaludaysen.cl\/index.php\/wp-json\/wp\/v2\/users\/2"}],"replies":[{"embeddable":true,"href":"https:\/\/www.serviciosaludaysen.cl\/index.php\/wp-json\/wp\/v2\/comments?post=5282"}],"version-history":[{"count":13,"href":"https:\/\/www.serviciosaludaysen.cl\/index.php\/wp-json\/wp\/v2\/posts\/5282\/revisions"}],"predecessor-version":[{"id":5312,"href":"https:\/\/www.serviciosaludaysen.cl\/index.php\/wp-json\/wp\/v2\/posts\/5282\/revisions\/5312"}],"wp:featuredmedia":[{"embeddable":true,"href":"https:\/\/www.serviciosaludaysen.cl\/index.php\/wp-json\/wp\/v2\/media\/5292"}],"wp:attachment":[{"href":"https:\/\/www.serviciosaludaysen.cl\/index.php\/wp-json\/wp\/v2\/media?parent=5282"}],"wp:term":[{"taxonomy":"category","embeddable":true,"href":"https:\/\/www.serviciosaludaysen.cl\/index.php\/wp-json\/wp\/v2\/categories?post=5282"},{"taxonomy":"post_tag","embeddable":true,"href":"https:\/\/www.serviciosaludaysen.cl\/index.php\/wp-json\/wp\/v2\/tags?post=5282"}],"curies":[{"name":"wp","href":"https:\/\/api.w.org\/{rel}","templated":true}]}}