{"id":5265,"date":"2025-10-13T16:13:38","date_gmt":"2025-10-13T19:13:38","guid":{"rendered":"https:\/\/www.serviciosaludaysen.cl\/?p=5265"},"modified":"2025-10-13T17:11:40","modified_gmt":"2025-10-13T20:11:40","slug":"postas-de-salud-rural-de-aysen-alcanzan-el-100-de-cobertura-en-tele-electrocardiogramas","status":"publish","type":"post","link":"https:\/\/www.serviciosaludaysen.cl\/index.php\/2025\/10\/13\/postas-de-salud-rural-de-aysen-alcanzan-el-100-de-cobertura-en-tele-electrocardiogramas\/","title":{"rendered":"Postas\u00a0de\u00a0salud rural\u00a0de\u00a0Ays\u00e9n alcanzan el 100%\u00a0de\u00a0cobertura en Tele-Electrocardiogramas"},"content":{"rendered":"\t\t<div data-elementor-type=\"wp-post\" data-elementor-id=\"5265\" class=\"elementor elementor-5265\">\n\t\t\t\t<div class=\"elementor-element elementor-element-93d5265 e-flex e-con-boxed e-con e-parent\" data-id=\"93d5265\" data-element_type=\"container\">\n\t\t\t\t\t<div class=\"e-con-inner\">\n\t\t\t\t<div class=\"elementor-element elementor-element-f0f776f elementor-arrows-position-inside elementor-pagination-position-outside elementor-widget elementor-widget-image-carousel\" data-id=\"f0f776f\" data-element_type=\"widget\" data-settings=\"{&quot;slides_to_show&quot;:&quot;1&quot;,&quot;navigation&quot;:&quot;both&quot;,&quot;autoplay&quot;:&quot;yes&quot;,&quot;pause_on_hover&quot;:&quot;yes&quot;,&quot;pause_on_interaction&quot;:&quot;yes&quot;,&quot;autoplay_speed&quot;:5000,&quot;infinite&quot;:&quot;yes&quot;,&quot;effect&quot;:&quot;slide&quot;,&quot;speed&quot;:500}\" data-widget_type=\"image-carousel.default\">\n\t\t\t\t<div class=\"elementor-widget-container\">\n\t\t\t\t\t\t\t<div class=\"elementor-image-carousel-wrapper swiper\" role=\"region\" aria-roledescription=\"carousel\" aria-label=\"Carrusel de im\u00e1genes\" dir=\"ltr\">\n\t\t\t<div class=\"elementor-image-carousel swiper-wrapper\" aria-live=\"off\">\n\t\t\t\t\t\t\t\t<div class=\"swiper-slide\" role=\"group\" aria-roledescription=\"slide\" aria-label=\"1 de 6\"><figure class=\"swiper-slide-inner\"><img decoding=\"async\" class=\"swiper-slide-image\" src=\"https:\/\/www.serviciosaludaysen.cl\/wp-content\/uploads\/2025\/10\/PSR-VILLA-ORTEGA-3-1-1024x682.jpeg\" alt=\"Postas de salud rural de Ays\u00e9n alcanzan el 100% de cobertura en Tele-Electrocardiogramas\" \/><\/figure><\/div><div class=\"swiper-slide\" role=\"group\" aria-roledescription=\"slide\" aria-label=\"2 de 6\"><figure class=\"swiper-slide-inner\"><img decoding=\"async\" class=\"swiper-slide-image\" src=\"https:\/\/www.serviciosaludaysen.cl\/wp-content\/uploads\/2025\/10\/PSR-VILLA-ORTEGA-7-1-1024x682.jpeg\" alt=\"Postas de salud rural de Ays\u00e9n alcanzan el 100% de cobertura en Tele-Electrocardiogramas\" \/><\/figure><\/div><div class=\"swiper-slide\" role=\"group\" aria-roledescription=\"slide\" aria-label=\"3 de 6\"><figure class=\"swiper-slide-inner\"><img decoding=\"async\" class=\"swiper-slide-image\" src=\"https:\/\/www.serviciosaludaysen.cl\/wp-content\/uploads\/2025\/10\/PSR-VILLA-ORTEGA-1-1024x682.jpeg\" alt=\"Postas de salud rural de Ays\u00e9n alcanzan el 100% de cobertura en Tele-Electrocardiogramas\" \/><\/figure><\/div><div class=\"swiper-slide\" role=\"group\" aria-roledescription=\"slide\" aria-label=\"4 de 6\"><figure class=\"swiper-slide-inner\"><img decoding=\"async\" class=\"swiper-slide-image\" src=\"https:\/\/www.serviciosaludaysen.cl\/wp-content\/uploads\/2025\/10\/PSR-VILLA-ORTEGA-4-1-1024x682.jpeg\" alt=\"Postas de salud rural de Ays\u00e9n alcanzan el 100% de cobertura en Tele-Electrocardiogramas\" \/><\/figure><\/div><div class=\"swiper-slide\" role=\"group\" aria-roledescription=\"slide\" aria-label=\"5 de 6\"><figure class=\"swiper-slide-inner\"><img decoding=\"async\" class=\"swiper-slide-image\" src=\"https:\/\/www.serviciosaludaysen.cl\/wp-content\/uploads\/2025\/10\/PSR-VILLA-ORTEGA-2-1-1024x682.jpeg\" alt=\"Postas de salud rural de Ays\u00e9n alcanzan el 100% de cobertura en Tele-Electrocardiogramas\" \/><\/figure><\/div><div class=\"swiper-slide\" role=\"group\" aria-roledescription=\"slide\" aria-label=\"6 de 6\"><figure class=\"swiper-slide-inner\"><img decoding=\"async\" class=\"swiper-slide-image\" src=\"https:\/\/www.serviciosaludaysen.cl\/wp-content\/uploads\/2025\/10\/PSR-VILLA-ORTEGA1-1-1024x682.jpeg\" alt=\"Postas de salud rural de Ays\u00e9n alcanzan el 100% de cobertura en Tele-Electrocardiogramas\" \/><\/figure><\/div>\t\t\t<\/div>\n\t\t\t\t\t\t\t\t\t\t\t\t<div class=\"elementor-swiper-button elementor-swiper-button-prev\" role=\"button\" tabindex=\"0\">\n\t\t\t\t\t\t<svg aria-hidden=\"true\" class=\"e-font-icon-svg e-eicon-chevron-left\" viewBox=\"0 0 1000 1000\" xmlns=\"http:\/\/www.w3.org\/2000\/svg\"><path d=\"M646 125C629 125 613 133 604 142L308 442C296 454 292 471 292 487 292 504 296 521 308 533L604 854C617 867 629 875 646 875 663 875 679 871 692 858 704 846 713 829 713 812 713 796 708 779 692 767L438 487 692 225C700 217 708 204 708 187 708 171 704 154 692 142 675 129 663 125 646 125Z\"><\/path><\/svg>\t\t\t\t\t<\/div>\n\t\t\t\t\t<div class=\"elementor-swiper-button elementor-swiper-button-next\" role=\"button\" tabindex=\"0\">\n\t\t\t\t\t\t<svg aria-hidden=\"true\" class=\"e-font-icon-svg e-eicon-chevron-right\" viewBox=\"0 0 1000 1000\" xmlns=\"http:\/\/www.w3.org\/2000\/svg\"><path d=\"M696 533C708 521 713 504 713 487 713 471 708 454 696 446L400 146C388 133 375 125 354 125 338 125 325 129 313 142 300 154 292 171 292 187 292 204 296 221 308 233L563 492 304 771C292 783 288 800 288 817 288 833 296 850 308 863 321 871 338 875 354 875 371 875 388 867 400 854L696 533Z\"><\/path><\/svg>\t\t\t\t\t<\/div>\n\t\t\t\t\n\t\t\t\t\t\t\t\t\t<div class=\"swiper-pagination\"><\/div>\n\t\t\t\t\t\t\t\t\t<\/div>\n\t\t\t\t\t\t<\/div>\n\t\t\t\t<\/div>\n\t\t\t\t\t<\/div>\n\t\t\t\t<\/div>\n\t\t<div class=\"elementor-element elementor-element-fdb4824 e-flex e-con-boxed e-con e-parent\" data-id=\"fdb4824\" data-element_type=\"container\">\n\t\t\t\t\t<div class=\"e-con-inner\">\n\t\t\t\t<div class=\"elementor-element elementor-element-2c11954 elementor-widget elementor-widget-text-editor\" data-id=\"2c11954\" data-element_type=\"widget\" data-widget_type=\"text-editor.default\">\n\t\t\t\t<div class=\"elementor-widget-container\">\n\t\t\t\t\t\t\t\t\t<ul><li><strong><em>La Regi\u00f3n se convierte en la primera del pa\u00eds en garantizar la toma\u00a0de\u00a0este examen en el territorio, una iniciativa impulsada por el Servicio\u00a0de\u00a0Salud Ays\u00e9n.<\/em><\/strong><\/li><\/ul><p>En la Posta\u00a0de\u00a0Salud Rural (PSR)\u00a0de\u00a0Villa Ortega se concret\u00f3 la instalaci\u00f3n del \u00faltimo equipo\u00a0de\u00a0Tele-Electrocardiograma. Con este hito, el Servicio\u00a0de\u00a0Salud Ays\u00e9n logra que el 100%\u00a0de\u00a0los establecimientos rurales dispongan\u00a0de\u00a0esta herramienta, permitiendo diagn\u00f3sticos r\u00e1pidos, oportunos y con apoyo especializado a distancia.<\/p><p>\u00a0\u201cEstamos felices, se completa la entrega del equipamiento\u00a0de\u00a0Tele-Electrocardiogramas en todas las postas\u00a0de\u00a0salud rural. Esto va a cambiar la salud en la Regi\u00f3n\u00a0de\u00a0Ays\u00e9n, porque ahora podemos tomar el examen en cada dispositivo y contar con la informaci\u00f3n\u00a0de\u00a0inmediato. Es un avance tanto preventivo como en urgencias, que permite tomar mejores decisiones en cada localidad. Es una excelente noticia para nuestros usuarios\u00a0de\u00a0la Red Asistencial, porque se garantiza equidad y atenci\u00f3n oportuna\u201d expres\u00f3, Juan Pablo Bravo Quintana, director del Servicio\u00a0de\u00a0Salud Ays\u00e9n.<\/p><p>La implementaci\u00f3n del sistema en la Red Asistencial permite que los ex\u00e1menes se realicen directamente en la PSR y que sus resultados sean enviados\u00a0de\u00a0forma telem\u00e1tica a especialistas, agilizando la atenci\u00f3n y mejorando la capacidad resolutiva en sectores apartados\u00a0de\u00a0la regi\u00f3n.<\/p><p>Jenny Obando, Referente en la Red\u00a0de\u00a0Salud Digital explic\u00f3, \u201ceste es un examen r\u00e1pido, demora menos\u00a0de\u00a0cinco minutos y es informado por un cardi\u00f3logo.\u00a0Est\u00e1 disponible los siete d\u00edas\u00a0de\u00a0la semana, las 24 horas del d\u00eda\u00a0y el paciente no necesita moverse\u00a0de\u00a0su posta o CESFAM, ni requiere preparaci\u00f3n previa\u201d, explic\u00f3 Obando.<\/p><p>Con la incorporaci\u00f3n\u00a0de\u00a0estos equipos se busca reducir los tiempos\u00a0de\u00a0espera para un diagn\u00f3stico y favorecer el traslado oportuno\u00a0de\u00a0los pacientes hacia centros\u00a0de\u00a0mayor complejidad cuando sea necesario.<\/p><p>El TENS encargado\u00a0de\u00a0la PSR\u00a0de\u00a0Villa Ortega, destac\u00f3 este nuevo equipamiento puesto que los propios usuarios valoran\u00a0de\u00a0manera positiva este servicio.<\/p><p>\u00a0\u201cEste nuevo equipamiento acorta\u00a0de\u00a0manera significativa los tiempos\u00a0de\u00a0atenci\u00f3n. Antes tom\u00e1bamos el electro, lo imprim\u00edamos y luego deb\u00eda revisarlo la doctora; ahora, en menos\u00a0de\u00a0un minuto el examen se transmite al software y en menos\u00a0de\u00a0diez minutos tenemos el informe del cardi\u00f3logo. Para los adultos mayores y en casos\u00a0de\u00a0urgencia, es una ayuda enorme. Adem\u00e1s, al trabajar coordinados con el SAMU, este sistema mejora mucho la respuesta en situaciones cr\u00edticas\u201d se\u00f1al\u00f3, Marco Ojeda Aranda, el TENS\u00a0de\u00a0la PSR\u00a0de\u00a0Villa Ortega.<\/p><p>Con esta implementaci\u00f3n, la Regi\u00f3n\u00a0de\u00a0Ays\u00e9n marca un precedente a nivel nacional al ser la primera en contar con electrocardiogramas en todas sus PSR. Una innovaci\u00f3n que refleja el compromiso del Servicio\u00a0de\u00a0Salud Ays\u00e9n por acercar las prestaciones a la comunidad, garantizando mayor equidad y resolutividad en los territorios m\u00e1s apartados.<\/p><p>Desde la Red Asistencial hicieron un llamado a todas las personas con molestias cardiovasculares o que formen parte\u00a0de\u00a0programas\u00a0de\u00a0salud como hipertensi\u00f3n y diabetes a acudir a su centro\u00a0de\u00a0atenci\u00f3n para solicitar este examen, ya disponible en toda la regi\u00f3n. Este avance beneficia especialmente a quienes padecen\u00a0de\u00a0enfermedades cr\u00f3nicas y a las personas mayores, que ahora pueden acceder a esta atenci\u00f3n sin necesidad\u00a0de\u00a0trasladarse largas distancias.<\/p>\t\t\t\t\t\t\t\t<\/div>\n\t\t\t\t<\/div>\n\t\t\t\t\t<\/div>\n\t\t\t\t<\/div>\n\t\t\t\t<\/div>\n\t\t","protected":false},"excerpt":{"rendered":"<p>La Regi\u00f3n se convierte en la primera del pa\u00eds en garantizar la toma\u00a0de\u00a0este examen en el territorio, una iniciativa impulsada [&hellip;]<\/p>\n","protected":false},"author":2,"featured_media":5299,"comment_status":"open","ping_status":"open","sticky":false,"template":"","format":"standard","meta":{"_eb_attr":"","site-sidebar-layout":"default","site-content-layout":"","ast-site-content-layout":"default","site-content-style":"default","site-sidebar-style":"default","ast-global-header-display":"","ast-banner-title-visibility":"","ast-main-header-display":"","ast-hfb-above-header-display":"","ast-hfb-below-header-display":"","ast-hfb-mobile-header-display":"","site-post-title":"","ast-breadcrumbs-content":"","ast-featured-img":"disabled","footer-sml-layout":"","theme-transparent-header-meta":"","adv-header-id-meta":"","stick-header-meta":"","header-above-stick-meta":"","header-main-stick-meta":"","header-below-stick-meta":"","astra-migrate-meta-layouts":"default","ast-page-background-enabled":"default","ast-page-background-meta":{"desktop":{"background-color":"var(--ast-global-color-4)","background-image":"","background-repeat":"repeat","background-position":"center center","background-size":"auto","background-attachment":"scroll","background-type":"","background-media":"","overlay-type":"","overlay-color":"","overlay-opacity":"","overlay-gradient":""},"tablet":{"background-color":"","background-image":"","background-repeat":"repeat","background-position":"center center","background-size":"auto","background-attachment":"scroll","background-type":"","background-media":"","overlay-type":"","overlay-color":"","overlay-opacity":"","overlay-gradient":""},"mobile":{"background-color":"","background-image":"","background-repeat":"repeat","background-position":"center center","background-size":"auto","background-attachment":"scroll","background-type":"","background-media":"","overlay-type":"","overlay-color":"","overlay-opacity":"","overlay-gradient":""}},"ast-content-background-meta":{"desktop":{"background-color":"var(--ast-global-color-5)","background-image":"","background-repeat":"repeat","background-position":"center center","background-size":"auto","background-attachment":"scroll","background-type":"","background-media":"","overlay-type":"","overlay-color":"","overlay-opacity":"","overlay-gradient":""},"tablet":{"background-color":"var(--ast-global-color-5)","background-image":"","background-repeat":"repeat","background-position":"center center","background-size":"auto","background-attachment":"scroll","background-type":"","background-media":"","overlay-type":"","overlay-color":"","overlay-opacity":"","overlay-gradient":""},"mobile":{"background-color":"var(--ast-global-color-5)","background-image":"","background-repeat":"repeat","background-position":"center center","background-size":"auto","background-attachment":"scroll","background-type":"","background-media":"","overlay-type":"","overlay-color":"","overlay-opacity":"","overlay-gradient":""}},"footnotes":""},"categories":[1],"tags":[29,25,27,62,30,59,28,47],"class_list":["post-5265","post","type-post","status-publish","format-standard","has-post-thumbnail","hentry","category-noticias","tag-coyhaique","tag-hospital-puerto-aysen","tag-postasdesalud","tag-red-asistencial-aysen","tag-salud","tag-servicio-de-salud-aysen","tag-serviciodesalud","tag-ssa"],"_links":{"self":[{"href":"https:\/\/www.serviciosaludaysen.cl\/index.php\/wp-json\/wp\/v2\/posts\/5265","targetHints":{"allow":["GET"]}}],"collection":[{"href":"https:\/\/www.serviciosaludaysen.cl\/index.php\/wp-json\/wp\/v2\/posts"}],"about":[{"href":"https:\/\/www.serviciosaludaysen.cl\/index.php\/wp-json\/wp\/v2\/types\/post"}],"author":[{"embeddable":true,"href":"https:\/\/www.serviciosaludaysen.cl\/index.php\/wp-json\/wp\/v2\/users\/2"}],"replies":[{"embeddable":true,"href":"https:\/\/www.serviciosaludaysen.cl\/index.php\/wp-json\/wp\/v2\/comments?post=5265"}],"version-history":[{"count":4,"href":"https:\/\/www.serviciosaludaysen.cl\/index.php\/wp-json\/wp\/v2\/posts\/5265\/revisions"}],"predecessor-version":[{"id":5300,"href":"https:\/\/www.serviciosaludaysen.cl\/index.php\/wp-json\/wp\/v2\/posts\/5265\/revisions\/5300"}],"wp:featuredmedia":[{"embeddable":true,"href":"https:\/\/www.serviciosaludaysen.cl\/index.php\/wp-json\/wp\/v2\/media\/5299"}],"wp:attachment":[{"href":"https:\/\/www.serviciosaludaysen.cl\/index.php\/wp-json\/wp\/v2\/media?parent=5265"}],"wp:term":[{"taxonomy":"category","embeddable":true,"href":"https:\/\/www.serviciosaludaysen.cl\/index.php\/wp-json\/wp\/v2\/categories?post=5265"},{"taxonomy":"post_tag","embeddable":true,"href":"https:\/\/www.serviciosaludaysen.cl\/index.php\/wp-json\/wp\/v2\/tags?post=5265"}],"curies":[{"name":"wp","href":"https:\/\/api.w.org\/{rel}","templated":true}]}}