{"id":5231,"date":"2025-10-13T15:23:17","date_gmt":"2025-10-13T18:23:17","guid":{"rendered":"https:\/\/www.serviciosaludaysen.cl\/?p=5231"},"modified":"2025-10-13T17:23:49","modified_gmt":"2025-10-13T20:23:49","slug":"cerca-de-800-ecografias-mamarias-y-abdominales-fortalecen-la-pesquisa-y-reducen-lista-de-espera-en-la-region","status":"publish","type":"post","link":"https:\/\/www.serviciosaludaysen.cl\/index.php\/2025\/10\/13\/cerca-de-800-ecografias-mamarias-y-abdominales-fortalecen-la-pesquisa-y-reducen-lista-de-espera-en-la-region\/","title":{"rendered":"Cerca\u00a0de\u00a0800 ecograf\u00edas mamarias y abdominales fortalecen la pesquisa y reducen lista\u00a0de\u00a0espera en la regi\u00f3n"},"content":{"rendered":"\t\t<div data-elementor-type=\"wp-post\" data-elementor-id=\"5231\" class=\"elementor elementor-5231\">\n\t\t\t\t<div class=\"elementor-element elementor-element-292237e e-flex e-con-boxed e-con e-parent\" data-id=\"292237e\" data-element_type=\"container\">\n\t\t\t\t\t<div class=\"e-con-inner\">\n\t\t\t\t<div class=\"elementor-element elementor-element-cd5d084 elementor-arrows-position-inside elementor-pagination-position-outside elementor-widget elementor-widget-image-carousel\" data-id=\"cd5d084\" data-element_type=\"widget\" data-settings=\"{&quot;slides_to_show&quot;:&quot;1&quot;,&quot;navigation&quot;:&quot;both&quot;,&quot;autoplay&quot;:&quot;yes&quot;,&quot;pause_on_hover&quot;:&quot;yes&quot;,&quot;pause_on_interaction&quot;:&quot;yes&quot;,&quot;autoplay_speed&quot;:5000,&quot;infinite&quot;:&quot;yes&quot;,&quot;effect&quot;:&quot;slide&quot;,&quot;speed&quot;:500}\" data-widget_type=\"image-carousel.default\">\n\t\t\t\t<div class=\"elementor-widget-container\">\n\t\t\t\t\t\t\t<div class=\"elementor-image-carousel-wrapper swiper\" role=\"region\" aria-roledescription=\"carousel\" aria-label=\"Carrusel de im\u00e1genes\" dir=\"ltr\">\n\t\t\t<div class=\"elementor-image-carousel swiper-wrapper\" aria-live=\"off\">\n\t\t\t\t\t\t\t\t<div class=\"swiper-slide\" role=\"group\" aria-roledescription=\"slide\" aria-label=\"1 de 6\"><figure class=\"swiper-slide-inner\"><img decoding=\"async\" class=\"swiper-slide-image\" src=\"https:\/\/www.serviciosaludaysen.cl\/wp-content\/uploads\/2025\/10\/Operativo-ID-13-1-1024x591.jpeg\" alt=\"Operativo ID 13 (1)\" \/><\/figure><\/div><div class=\"swiper-slide\" role=\"group\" aria-roledescription=\"slide\" aria-label=\"2 de 6\"><figure class=\"swiper-slide-inner\"><img decoding=\"async\" class=\"swiper-slide-image\" src=\"https:\/\/www.serviciosaludaysen.cl\/wp-content\/uploads\/2025\/10\/Operativo-ID-11-1-1024x576.jpeg\" alt=\"Operativo ID 11 (1)\" \/><\/figure><\/div><div class=\"swiper-slide\" role=\"group\" aria-roledescription=\"slide\" aria-label=\"3 de 6\"><figure class=\"swiper-slide-inner\"><img decoding=\"async\" class=\"swiper-slide-image\" src=\"https:\/\/www.serviciosaludaysen.cl\/wp-content\/uploads\/2025\/10\/Operativo-ID-16-1-1024x576.jpeg\" alt=\"Operativo ID 16 (1)\" \/><\/figure><\/div><div class=\"swiper-slide\" role=\"group\" aria-roledescription=\"slide\" aria-label=\"4 de 6\"><figure class=\"swiper-slide-inner\"><img decoding=\"async\" class=\"swiper-slide-image\" src=\"https:\/\/www.serviciosaludaysen.cl\/wp-content\/uploads\/2025\/10\/Operativo-ID-12-1-1024x583.jpeg\" alt=\"Operativo ID 12 (1)\" \/><\/figure><\/div><div class=\"swiper-slide\" role=\"group\" aria-roledescription=\"slide\" aria-label=\"5 de 6\"><figure class=\"swiper-slide-inner\"><img decoding=\"async\" class=\"swiper-slide-image\" src=\"https:\/\/www.serviciosaludaysen.cl\/wp-content\/uploads\/2025\/10\/Operativo-ID-1-1024x588.jpeg\" alt=\"Operativo ID (1)\" \/><\/figure><\/div><div class=\"swiper-slide\" role=\"group\" aria-roledescription=\"slide\" aria-label=\"6 de 6\"><figure class=\"swiper-slide-inner\"><img decoding=\"async\" class=\"swiper-slide-image\" src=\"https:\/\/www.serviciosaludaysen.cl\/wp-content\/uploads\/2025\/10\/Operativo-ID-15-1-1024x576.jpeg\" alt=\"Cerca de 800 ecograf\u00edas mamarias y abdominales fortalecen la pesquisa y reducen lista de espera en la regi\u00f3n.\" \/><\/figure><\/div>\t\t\t<\/div>\n\t\t\t\t\t\t\t\t\t\t\t\t<div class=\"elementor-swiper-button elementor-swiper-button-prev\" role=\"button\" tabindex=\"0\">\n\t\t\t\t\t\t<svg aria-hidden=\"true\" class=\"e-font-icon-svg e-eicon-chevron-left\" viewBox=\"0 0 1000 1000\" xmlns=\"http:\/\/www.w3.org\/2000\/svg\"><path d=\"M646 125C629 125 613 133 604 142L308 442C296 454 292 471 292 487 292 504 296 521 308 533L604 854C617 867 629 875 646 875 663 875 679 871 692 858 704 846 713 829 713 812 713 796 708 779 692 767L438 487 692 225C700 217 708 204 708 187 708 171 704 154 692 142 675 129 663 125 646 125Z\"><\/path><\/svg>\t\t\t\t\t<\/div>\n\t\t\t\t\t<div class=\"elementor-swiper-button elementor-swiper-button-next\" role=\"button\" tabindex=\"0\">\n\t\t\t\t\t\t<svg aria-hidden=\"true\" class=\"e-font-icon-svg e-eicon-chevron-right\" viewBox=\"0 0 1000 1000\" xmlns=\"http:\/\/www.w3.org\/2000\/svg\"><path d=\"M696 533C708 521 713 504 713 487 713 471 708 454 696 446L400 146C388 133 375 125 354 125 338 125 325 129 313 142 300 154 292 171 292 187 292 204 296 221 308 233L563 492 304 771C292 783 288 800 288 817 288 833 296 850 308 863 321 871 338 875 354 875 371 875 388 867 400 854L696 533Z\"><\/path><\/svg>\t\t\t\t\t<\/div>\n\t\t\t\t\n\t\t\t\t\t\t\t\t\t<div class=\"swiper-pagination\"><\/div>\n\t\t\t\t\t\t\t\t\t<\/div>\n\t\t\t\t\t\t<\/div>\n\t\t\t\t<\/div>\n\t\t\t\t\t<\/div>\n\t\t\t\t<\/div>\n\t\t<div class=\"elementor-element elementor-element-df7dcaf e-flex e-con-boxed e-con e-parent\" data-id=\"df7dcaf\" data-element_type=\"container\">\n\t\t\t\t\t<div class=\"e-con-inner\">\n\t\t\t\t<div class=\"elementor-element elementor-element-e3d72a0 elementor-widget elementor-widget-text-editor\" data-id=\"e3d72a0\" data-element_type=\"widget\" data-widget_type=\"text-editor.default\">\n\t\t\t\t<div class=\"elementor-widget-container\">\n\t\t\t\t\t\t\t\t\t<ul><li><strong><em>La estrategia es impulsada por el Ministerio\u00a0de\u00a0Salud y ejecutada por el Servicio\u00a0de\u00a0Salud Ays\u00e9n en colaboraci\u00f3n con la\u00a0<\/em><em>Caja\u00a0de\u00a0Previsi\u00f3n\u00a0de\u00a0la Defensa Nacional<\/em><em>\u00a0(<\/em><em>Capreden<\/em><em>a)<\/em><em>.<\/em><\/strong><\/li><\/ul><p style=\"font-weight: 400;\">Desde junio a la fecha, el Programa\u00a0de\u00a0Fortalecimiento\u00a0de\u00a0la Atenci\u00f3n Primaria en Im\u00e1genes Diagn\u00f3sticas ha permitido realizar 797 ecograf\u00edas mamarias y abdominales en distintos puntos\u00a0de\u00a0la regi\u00f3n.\u00a0De\u00a0ese total, 244 se efectuaron en establecimientos dependientes\u00a0de\u00a0la Direcci\u00f3n\u00a0de\u00a0Salud Rural, resolviendo prestaciones que antes implicaban extensos traslados o largas esperas.<\/p><p style=\"font-weight: 400;\">Uno\u00a0de\u00a0los operativos m\u00e1s recientes se desarroll\u00f3 en la Posta\u00a0de\u00a0Salud Rural\u00a0de\u00a0Villa Cerro Castillo, donde cerca\u00a0de\u00a080 personas accedieron a estos ex\u00e1menes. Adem\u00e1s\u00a0de\u00a0los vecinos\u00a0de\u00a0la localidad, participaron usuarias y usuarios trasladados desde Puerto S\u00e1nchez, Bah\u00eda Murta y\u00a0R\u00edo Ib\u00e1\u00f1ez, en una jornada que contempl\u00f3 transporte\u00a0de\u00a0ida y regreso para la realizaci\u00f3n\u00a0de\u00a0las ecograf\u00edas.<\/p><p style=\"font-weight: 400;\">\u201cLa coordinaci\u00f3n fue clave para que la jornada resultara exitosa. Este operativo fue posible gracias al trabajo conjunto entre los equipos administrativos y la posta local. La organizaci\u00f3n y la contactabilidad con los usuarios permitieron que todo fluyera\u00a0de\u00a0manera ordenada y exitosa\u201d, destac\u00f3 Karina Sol\u00eds, encargada\u00a0de\u00a0SOME\u00a0de\u00a0la Direcci\u00f3n\u00a0de\u00a0Salud Rural.<\/p><p style=\"font-weight: 400;\">Desde Alto R\u00edo Ib\u00e1\u00f1ez, Marco Barrientos valor\u00f3 la oportunidad: \u201cEsta hora yo la ten\u00eda m\u00e1s\u00a0de\u00a0un a\u00f1o y ahora sali\u00f3 porque vinieron ustedes ac\u00e1\u201d. En tanto, Miriam Mu\u00f1oz, usuaria\u00a0de\u00a0Puerto Ib\u00e1\u00f1ez, expres\u00f3: \u201cMe alegro que vengan a los pueblos lejanos porque\u00a0de\u00a0repente no tenemos la posibilidad\u00a0de\u00a0salir a Coyhaique, o donde se hacen las cosas\u201d.<\/p><p style=\"font-weight: 400;\">El despliegue ha continuado en localidades como Chile Chico y en otros establecimientos\u00a0de\u00a0la red asistencial, incluyendo el CESFAM Alejandro Guti\u00e9rrez, CESFAM V\u00edctor Domingo Silva, Hospital\u00a0de\u00a0Puerto Cisnes, CESFAM La Junta y el CECOSF\u00a0de\u00a0Villa Ma\u00f1ihuales.<\/p><p style=\"font-weight: 400;\">\u201cCuando se ejecuta un programa tan relevante como este, lo m\u00e1s importante es la coordinaci\u00f3n y el trabajo conjunto. Desde lo administrativo hasta lo cl\u00ednico, cada engranaje es fundamental para que la prestaci\u00f3n llegue finalmente a nuestros usuarios y usuarias, que son el centro\u00a0de\u00a0la Atenci\u00f3n Primaria en Salud\u201d, acot\u00f3 Daniela Mansilla, encargada regional del programa Fortalecimiento\u00a0de\u00a0la Atenci\u00f3n Primaria en Im\u00e1genes Diagn\u00f3sticas.<\/p><p style=\"font-weight: 400;\">El m\u00e9dico radi\u00f3logo\u00a0de\u00a0Capredena, Dr. Julio Mackines, complement\u00f3: \u201cAc\u00e1 se re\u00fanen lo mejor\u00a0de\u00a0muchos mundos. El mundo p\u00fablico logra resolver carencias y\u00a0necesidades diagn\u00f3sticas en las regiones australes\u00a0de\u00a0una forma que es buena para todos, y para nosotros tambi\u00e9n ha sido una muy grata experiencia porque desde el punto\u00a0de\u00a0vista humano hemos tenido una c\u00e1lida acogida, tanto del personal como\u00a0de\u00a0los pacientes\u201d, dijo.<\/p><p style=\"font-weight: 400;\">La directora\u00a0de\u00a0Salud Rural del SSA, Nadia Hern\u00e1ndez Chacano, subray\u00f3 la relevancia\u00a0de\u00a0este tipo\u00a0de\u00a0operativos ejecutados por la Red Asistencial en colaboraci\u00f3n con Capredena.<\/p><p style=\"font-weight: 400;\">\u201cEl fortalecimiento en im\u00e1genes diagn\u00f3sticas nos ha permitido que nuestra red rural resuelva prestaciones que antes implicaba largos desplazamientos para nuestros usuarios, o tambi\u00e9n esperas prolongadas para poder acceder a una hora. Hoy estamos acercando diagn\u00f3sticos oportunos a las localidades apartadas, lo cual nos permite avanzar en resolutividad y equidad para nuestras comunidades rurales\u201d.<\/p><p style=\"font-weight: 400;\">Con este tipo\u00a0de\u00a0operativos, la Atenci\u00f3n Primaria en Salud refuerza su rol estrat\u00e9gico en la red asistencial, acercando ex\u00e1menes diagn\u00f3sticos a la poblaci\u00f3n y contribuyendo a una atenci\u00f3n m\u00e1s resolutiva en los territorios rurales\u00a0de\u00a0Ays\u00e9n.<\/p>\t\t\t\t\t\t\t\t<\/div>\n\t\t\t\t<\/div>\n\t\t\t\t\t<\/div>\n\t\t\t\t<\/div>\n\t\t\t\t<\/div>\n\t\t","protected":false},"excerpt":{"rendered":"<p>La estrategia es impulsada por el Ministerio\u00a0de\u00a0Salud y ejecutada por el Servicio\u00a0de\u00a0Salud Ays\u00e9n en colaboraci\u00f3n con la\u00a0Caja\u00a0de\u00a0Previsi\u00f3n\u00a0de\u00a0la Defensa Nacional\u00a0(Capredena). Desde [&hellip;]<\/p>\n","protected":false},"author":2,"featured_media":5232,"comment_status":"open","ping_status":"open","sticky":false,"template":"","format":"standard","meta":{"_eb_attr":"","site-sidebar-layout":"default","site-content-layout":"","ast-site-content-layout":"default","site-content-style":"default","site-sidebar-style":"default","ast-global-header-display":"","ast-banner-title-visibility":"","ast-main-header-display":"","ast-hfb-above-header-display":"","ast-hfb-below-header-display":"","ast-hfb-mobile-header-display":"","site-post-title":"","ast-breadcrumbs-content":"","ast-featured-img":"disabled","footer-sml-layout":"","theme-transparent-header-meta":"","adv-header-id-meta":"","stick-header-meta":"","header-above-stick-meta":"","header-main-stick-meta":"","header-below-stick-meta":"","astra-migrate-meta-layouts":"default","ast-page-background-enabled":"default","ast-page-background-meta":{"desktop":{"background-color":"var(--ast-global-color-4)","background-image":"","background-repeat":"repeat","background-position":"center center","background-size":"auto","background-attachment":"scroll","background-type":"","background-media":"","overlay-type":"","overlay-color":"","overlay-opacity":"","overlay-gradient":""},"tablet":{"background-color":"","background-image":"","background-repeat":"repeat","background-position":"center center","background-size":"auto","background-attachment":"scroll","background-type":"","background-media":"","overlay-type":"","overlay-color":"","overlay-opacity":"","overlay-gradient":""},"mobile":{"background-color":"","background-image":"","background-repeat":"repeat","background-position":"center center","background-size":"auto","background-attachment":"scroll","background-type":"","background-media":"","overlay-type":"","overlay-color":"","overlay-opacity":"","overlay-gradient":""}},"ast-content-background-meta":{"desktop":{"background-color":"var(--ast-global-color-5)","background-image":"","background-repeat":"repeat","background-position":"center center","background-size":"auto","background-attachment":"scroll","background-type":"","background-media":"","overlay-type":"","overlay-color":"","overlay-opacity":"","overlay-gradient":""},"tablet":{"background-color":"var(--ast-global-color-5)","background-image":"","background-repeat":"repeat","background-position":"center center","background-size":"auto","background-attachment":"scroll","background-type":"","background-media":"","overlay-type":"","overlay-color":"","overlay-opacity":"","overlay-gradient":""},"mobile":{"background-color":"var(--ast-global-color-5)","background-image":"","background-repeat":"repeat","background-position":"center center","background-size":"auto","background-attachment":"scroll","background-type":"","background-media":"","overlay-type":"","overlay-color":"","overlay-opacity":"","overlay-gradient":""}},"footnotes":""},"categories":[1],"tags":[32,25,27,62,30,59],"class_list":["post-5231","post","type-post","status-publish","format-standard","has-post-thumbnail","hentry","category-noticias","tag-chilechico","tag-hospital-puerto-aysen","tag-postasdesalud","tag-red-asistencial-aysen","tag-salud","tag-servicio-de-salud-aysen"],"_links":{"self":[{"href":"https:\/\/www.serviciosaludaysen.cl\/index.php\/wp-json\/wp\/v2\/posts\/5231","targetHints":{"allow":["GET"]}}],"collection":[{"href":"https:\/\/www.serviciosaludaysen.cl\/index.php\/wp-json\/wp\/v2\/posts"}],"about":[{"href":"https:\/\/www.serviciosaludaysen.cl\/index.php\/wp-json\/wp\/v2\/types\/post"}],"author":[{"embeddable":true,"href":"https:\/\/www.serviciosaludaysen.cl\/index.php\/wp-json\/wp\/v2\/users\/2"}],"replies":[{"embeddable":true,"href":"https:\/\/www.serviciosaludaysen.cl\/index.php\/wp-json\/wp\/v2\/comments?post=5231"}],"version-history":[{"count":4,"href":"https:\/\/www.serviciosaludaysen.cl\/index.php\/wp-json\/wp\/v2\/posts\/5231\/revisions"}],"predecessor-version":[{"id":5302,"href":"https:\/\/www.serviciosaludaysen.cl\/index.php\/wp-json\/wp\/v2\/posts\/5231\/revisions\/5302"}],"wp:featuredmedia":[{"embeddable":true,"href":"https:\/\/www.serviciosaludaysen.cl\/index.php\/wp-json\/wp\/v2\/media\/5232"}],"wp:attachment":[{"href":"https:\/\/www.serviciosaludaysen.cl\/index.php\/wp-json\/wp\/v2\/media?parent=5231"}],"wp:term":[{"taxonomy":"category","embeddable":true,"href":"https:\/\/www.serviciosaludaysen.cl\/index.php\/wp-json\/wp\/v2\/categories?post=5231"},{"taxonomy":"post_tag","embeddable":true,"href":"https:\/\/www.serviciosaludaysen.cl\/index.php\/wp-json\/wp\/v2\/tags?post=5231"}],"curies":[{"name":"wp","href":"https:\/\/api.w.org\/{rel}","templated":true}]}}