{"id":5222,"date":"2025-10-13T14:24:42","date_gmt":"2025-10-13T17:24:42","guid":{"rendered":"https:\/\/www.serviciosaludaysen.cl\/?p=5222"},"modified":"2025-10-13T14:27:16","modified_gmt":"2025-10-13T17:27:16","slug":"avances-en-salud-juvenil-disminuye-el-embarazo-adolescente-en-puerto-aysen","status":"publish","type":"post","link":"https:\/\/www.serviciosaludaysen.cl\/index.php\/2025\/10\/13\/avances-en-salud-juvenil-disminuye-el-embarazo-adolescente-en-puerto-aysen\/","title":{"rendered":"Avances en salud juvenil: disminuye el embarazo adolescente en Puerto Ays\u00e9n"},"content":{"rendered":"\t\t<div data-elementor-type=\"wp-post\" data-elementor-id=\"5222\" class=\"elementor elementor-5222\">\n\t\t\t\t<div class=\"elementor-element elementor-element-a908db9 e-flex e-con-boxed e-con e-parent\" data-id=\"a908db9\" data-element_type=\"container\">\n\t\t\t\t\t<div class=\"e-con-inner\">\n\t\t\t\t<div class=\"elementor-element elementor-element-e405fd1 elementor-arrows-position-inside elementor-pagination-position-outside elementor-widget elementor-widget-image-carousel\" data-id=\"e405fd1\" data-element_type=\"widget\" data-settings=\"{&quot;slides_to_show&quot;:&quot;1&quot;,&quot;navigation&quot;:&quot;both&quot;,&quot;autoplay&quot;:&quot;yes&quot;,&quot;pause_on_hover&quot;:&quot;yes&quot;,&quot;pause_on_interaction&quot;:&quot;yes&quot;,&quot;autoplay_speed&quot;:5000,&quot;infinite&quot;:&quot;yes&quot;,&quot;effect&quot;:&quot;slide&quot;,&quot;speed&quot;:500}\" data-widget_type=\"image-carousel.default\">\n\t\t\t\t<div class=\"elementor-widget-container\">\n\t\t\t\t\t\t\t<div class=\"elementor-image-carousel-wrapper swiper\" role=\"region\" aria-roledescription=\"carousel\" aria-label=\"Carrusel de im\u00e1genes\" dir=\"ltr\">\n\t\t\t<div class=\"elementor-image-carousel swiper-wrapper\" aria-live=\"off\">\n\t\t\t\t\t\t\t\t<div class=\"swiper-slide\" role=\"group\" aria-roledescription=\"slide\" aria-label=\"1 de 3\"><figure class=\"swiper-slide-inner\"><img decoding=\"async\" class=\"swiper-slide-image\" src=\"https:\/\/www.serviciosaludaysen.cl\/wp-content\/uploads\/2025\/10\/Profesionales-Cesfam-Puerto-Aysen-1-1024x682.jpg\" alt=\"Profesionales Cesfam Puerto Ays\u00e9n (1)\" \/><\/figure><\/div><div class=\"swiper-slide\" role=\"group\" aria-roledescription=\"slide\" aria-label=\"2 de 3\"><figure class=\"swiper-slide-inner\"><img decoding=\"async\" class=\"swiper-slide-image\" src=\"https:\/\/www.serviciosaludaysen.cl\/wp-content\/uploads\/2025\/10\/foto-contexto-1024x760.jpeg\" alt=\"foto contexto\" \/><\/figure><\/div><div class=\"swiper-slide\" role=\"group\" aria-roledescription=\"slide\" aria-label=\"3 de 3\"><figure class=\"swiper-slide-inner\"><img decoding=\"async\" class=\"swiper-slide-image\" src=\"https:\/\/www.serviciosaludaysen.cl\/wp-content\/uploads\/2025\/10\/foto-contexto-2-1024x737.jpeg\" alt=\"Avances en salud juvenil: disminuye el embarazo adolescente en Puerto Ays\u00e9n\" \/><\/figure><\/div>\t\t\t<\/div>\n\t\t\t\t\t\t\t\t\t\t\t\t<div class=\"elementor-swiper-button elementor-swiper-button-prev\" role=\"button\" tabindex=\"0\">\n\t\t\t\t\t\t<svg aria-hidden=\"true\" class=\"e-font-icon-svg e-eicon-chevron-left\" viewBox=\"0 0 1000 1000\" xmlns=\"http:\/\/www.w3.org\/2000\/svg\"><path d=\"M646 125C629 125 613 133 604 142L308 442C296 454 292 471 292 487 292 504 296 521 308 533L604 854C617 867 629 875 646 875 663 875 679 871 692 858 704 846 713 829 713 812 713 796 708 779 692 767L438 487 692 225C700 217 708 204 708 187 708 171 704 154 692 142 675 129 663 125 646 125Z\"><\/path><\/svg>\t\t\t\t\t<\/div>\n\t\t\t\t\t<div class=\"elementor-swiper-button elementor-swiper-button-next\" role=\"button\" tabindex=\"0\">\n\t\t\t\t\t\t<svg aria-hidden=\"true\" class=\"e-font-icon-svg e-eicon-chevron-right\" viewBox=\"0 0 1000 1000\" xmlns=\"http:\/\/www.w3.org\/2000\/svg\"><path d=\"M696 533C708 521 713 504 713 487 713 471 708 454 696 446L400 146C388 133 375 125 354 125 338 125 325 129 313 142 300 154 292 171 292 187 292 204 296 221 308 233L563 492 304 771C292 783 288 800 288 817 288 833 296 850 308 863 321 871 338 875 354 875 371 875 388 867 400 854L696 533Z\"><\/path><\/svg>\t\t\t\t\t<\/div>\n\t\t\t\t\n\t\t\t\t\t\t\t\t\t<div class=\"swiper-pagination\"><\/div>\n\t\t\t\t\t\t\t\t\t<\/div>\n\t\t\t\t\t\t<\/div>\n\t\t\t\t<\/div>\n\t\t\t\t\t<\/div>\n\t\t\t\t<\/div>\n\t\t<div class=\"elementor-element elementor-element-2e243fd e-flex e-con-boxed e-con e-parent\" data-id=\"2e243fd\" data-element_type=\"container\">\n\t\t\t\t\t<div class=\"e-con-inner\">\n\t\t\t\t<div class=\"elementor-element elementor-element-49e17f7 elementor-widget elementor-widget-text-editor\" data-id=\"49e17f7\" data-element_type=\"widget\" data-widget_type=\"text-editor.default\">\n\t\t\t\t<div class=\"elementor-widget-container\">\n\t\t\t\t\t\t\t\t\t<ul><li><strong><span lang=\"ES-TRAD\">\u00a0 \u00a0<\/span><span lang=\"IT\">E<\/span><i><span lang=\"ES-TRAD\">n el marco de la Semana de la Prevenci\u00f3n del Embarazo Adolescente, este avance se atribuye a la Educaci\u00f3n Sexual Integral (ESI) y al acceso gratuito a m\u00e9todos anticonceptivos.<\/span><\/i><\/strong><\/li><\/ul><p>En 2019, el embarazo adolescente en Puerto Ays\u00e9n representaba el 7,7% del total de gestaciones; en 2025, la cifra baj\u00f3 a 2,4%, seg\u00fan datos del Servicio de Salud Ays\u00e9n.\u00a0Esta disminuci\u00f3n local se suma al panorama nacional, donde la tasa de natalidad adolescente tambi\u00e9n descendi\u00f3, pasando de 44,1 por cada 1.000 j\u00f3venes en 2014 a 9,0 en 2024.\u00a0<\/p><p><span lang=\"ES-TRAD\">Para la matrona Carla Flores Laferte, del Programa de Salud Joven y Adolescente del Cesfam Puerto Ays\u00e9n, el cambio se explica en gran medida porque hoy los j\u00f3venes tienen acceso a una educaci\u00f3n sexual clara, libres de prejuicios y con espacios seguros para preguntar. \u201cLa base est\u00e1 en que puedan acceder oportunamente a una educaci\u00f3n sexual de calidad, donde se sientan acompa\u00f1ados y comprendidos\u201d, se\u00f1ala Flores.<\/span><\/p><p><span lang=\"ES-TRAD\">En esa misma l\u00ednea, la doctora Francisca Bertrand tambi\u00e9n del Cesfam, destaca que la Educaci\u00f3n Sexual Integral (ESI) permite que las y los j\u00f3venes tomen decisiones informadas y responsables sobre su salud sexual y reproductiva. Esta estrategia, adem\u00e1s, se adapta a las distintas caracter\u00edsticas de las personas, considerando sus conocimientos personales, creencias religiosas, \u00e9tnicas y la diversidad sexual. As\u00ed como tambi\u00e9n, se preocupa de derribar mitos y tab\u00faes comunes.<\/span><\/p><p><span lang=\"ES-TRAD\">Otra de las medidas claves adoptadas en Chile, dice la doctora Francisca Bertrand es garantizar el acceso gratuito a u<\/span><span lang=\"PT\">na amplia gama de m<\/span><span lang=\"FR\">\u00e9<\/span><span lang=\"PT\">todos anticonceptivos para adolescentes.<\/span><span lang=\"ES-TRAD\">\u00a0Entre las opciones disponibles est\u00e1n: P\u00edldoras anticonceptivas,\u00a0<\/span><span lang=\"IT\">Dispositivo Intrauterino (DIU)<\/span><span lang=\"ES-TRAD\">;\u00a0<\/span><span lang=\"PT\">Implantes subd<\/span><span lang=\"FR\">\u00e9<\/span><span lang=\"PT\">rmicos<\/span><span lang=\"ES-TRAD\">; Inyecciones;\u00a0<\/span><span lang=\"PT\">Condones externos e internos<\/span><span lang=\"ES-TRAD\">\u00a0y Anillos anticonceptivos.<\/span><\/p><p><span lang=\"ES-TRAD\">\u201cHay dispensadores de condones en el Hall del Cesfam, pero tambi\u00e9n pueden solicitar los otros m\u00e9todos anticonceptivos agendando una hora con la matrona los menores de 14 a\u00f1os con autorizaci\u00f3n de sus tutores y sin autorizaci\u00f3n para los mayores de 14 a\u00f1os\u201d, confirma.<\/span><\/p><p><span lang=\"ES-TRAD\">La p\u00edldora de emergencia est\u00e1 disponible en toda la red asistencial y puede ser solicitada por personas de cualquier edad, incluyendo menores de 18 a\u00f1os, sin necesidad de autorizaci\u00f3n ni acompa\u00f1amiento.<\/span><\/p><p><span lang=\"ES-TRAD\">\u201cLa educaci\u00f3n sexual no es una incitaci\u00f3n, sino una herramienta fundamental para guiar un proceso natural e inevitable. Este despertar sexual, impulsado por los cambios de la pubertad que ocurren entre los 10 y 14 a\u00f1os, involucra el desarrollo de la libido y la atracci\u00f3n por otras personas. Por eso, es crucial que la educaci\u00f3n sea oportuna, para que los j\u00f3venes reciban la informaci\u00f3n y el acompa\u00f1amiento que necesitan a tiempo\u201d, concluye la matrona Flores.<\/span><\/p>\t\t\t\t\t\t\t\t<\/div>\n\t\t\t\t<\/div>\n\t\t\t\t\t<\/div>\n\t\t\t\t<\/div>\n\t\t\t\t<\/div>\n\t\t","protected":false},"excerpt":{"rendered":"<p>\u00a0 \u00a0En el marco de la Semana de la Prevenci\u00f3n del Embarazo Adolescente, este avance se atribuye a la Educaci\u00f3n [&hellip;]<\/p>\n","protected":false},"author":2,"featured_media":5225,"comment_status":"open","ping_status":"open","sticky":false,"template":"","format":"standard","meta":{"_eb_attr":"","site-sidebar-layout":"default","site-content-layout":"","ast-site-content-layout":"default","site-content-style":"default","site-sidebar-style":"default","ast-global-header-display":"","ast-banner-title-visibility":"","ast-main-header-display":"","ast-hfb-above-header-display":"","ast-hfb-below-header-display":"","ast-hfb-mobile-header-display":"","site-post-title":"","ast-breadcrumbs-content":"","ast-featured-img":"disabled","footer-sml-layout":"","theme-transparent-header-meta":"","adv-header-id-meta":"","stick-header-meta":"","header-above-stick-meta":"","header-main-stick-meta":"","header-below-stick-meta":"","astra-migrate-meta-layouts":"default","ast-page-background-enabled":"default","ast-page-background-meta":{"desktop":{"background-color":"var(--ast-global-color-4)","background-image":"","background-repeat":"repeat","background-position":"center center","background-size":"auto","background-attachment":"scroll","background-type":"","background-media":"","overlay-type":"","overlay-color":"","overlay-opacity":"","overlay-gradient":""},"tablet":{"background-color":"","background-image":"","background-repeat":"repeat","background-position":"center center","background-size":"auto","background-attachment":"scroll","background-type":"","background-media":"","overlay-type":"","overlay-color":"","overlay-opacity":"","overlay-gradient":""},"mobile":{"background-color":"","background-image":"","background-repeat":"repeat","background-position":"center center","background-size":"auto","background-attachment":"scroll","background-type":"","background-media":"","overlay-type":"","overlay-color":"","overlay-opacity":"","overlay-gradient":""}},"ast-content-background-meta":{"desktop":{"background-color":"var(--ast-global-color-5)","background-image":"","background-repeat":"repeat","background-position":"center center","background-size":"auto","background-attachment":"scroll","background-type":"","background-media":"","overlay-type":"","overlay-color":"","overlay-opacity":"","overlay-gradient":""},"tablet":{"background-color":"var(--ast-global-color-5)","background-image":"","background-repeat":"repeat","background-position":"center center","background-size":"auto","background-attachment":"scroll","background-type":"","background-media":"","overlay-type":"","overlay-color":"","overlay-opacity":"","overlay-gradient":""},"mobile":{"background-color":"var(--ast-global-color-5)","background-image":"","background-repeat":"repeat","background-position":"center center","background-size":"auto","background-attachment":"scroll","background-type":"","background-media":"","overlay-type":"","overlay-color":"","overlay-opacity":"","overlay-gradient":""}},"footnotes":""},"categories":[1],"tags":[32,73,29,25,62,30,28],"class_list":["post-5222","post","type-post","status-publish","format-standard","has-post-thumbnail","hentry","category-noticias","tag-chilechico","tag-cochrane","tag-coyhaique","tag-hospital-puerto-aysen","tag-red-asistencial-aysen","tag-salud","tag-serviciodesalud"],"_links":{"self":[{"href":"https:\/\/www.serviciosaludaysen.cl\/index.php\/wp-json\/wp\/v2\/posts\/5222","targetHints":{"allow":["GET"]}}],"collection":[{"href":"https:\/\/www.serviciosaludaysen.cl\/index.php\/wp-json\/wp\/v2\/posts"}],"about":[{"href":"https:\/\/www.serviciosaludaysen.cl\/index.php\/wp-json\/wp\/v2\/types\/post"}],"author":[{"embeddable":true,"href":"https:\/\/www.serviciosaludaysen.cl\/index.php\/wp-json\/wp\/v2\/users\/2"}],"replies":[{"embeddable":true,"href":"https:\/\/www.serviciosaludaysen.cl\/index.php\/wp-json\/wp\/v2\/comments?post=5222"}],"version-history":[{"count":4,"href":"https:\/\/www.serviciosaludaysen.cl\/index.php\/wp-json\/wp\/v2\/posts\/5222\/revisions"}],"predecessor-version":[{"id":5229,"href":"https:\/\/www.serviciosaludaysen.cl\/index.php\/wp-json\/wp\/v2\/posts\/5222\/revisions\/5229"}],"wp:featuredmedia":[{"embeddable":true,"href":"https:\/\/www.serviciosaludaysen.cl\/index.php\/wp-json\/wp\/v2\/media\/5225"}],"wp:attachment":[{"href":"https:\/\/www.serviciosaludaysen.cl\/index.php\/wp-json\/wp\/v2\/media?parent=5222"}],"wp:term":[{"taxonomy":"category","embeddable":true,"href":"https:\/\/www.serviciosaludaysen.cl\/index.php\/wp-json\/wp\/v2\/categories?post=5222"},{"taxonomy":"post_tag","embeddable":true,"href":"https:\/\/www.serviciosaludaysen.cl\/index.php\/wp-json\/wp\/v2\/tags?post=5222"}],"curies":[{"name":"wp","href":"https:\/\/api.w.org\/{rel}","templated":true}]}}