{"id":5155,"date":"2025-09-16T16:57:24","date_gmt":"2025-09-16T19:57:24","guid":{"rendered":"https:\/\/www.serviciosaludaysen.cl\/?p=5155"},"modified":"2025-09-16T17:04:26","modified_gmt":"2025-09-16T20:04:26","slug":"balmaceda-celebro-su-primer-carnaval-comunitario-por-la-infancia-con-apoyo-de-la-direccion-de-salud-rural","status":"publish","type":"post","link":"https:\/\/www.serviciosaludaysen.cl\/index.php\/2025\/09\/16\/balmaceda-celebro-su-primer-carnaval-comunitario-por-la-infancia-con-apoyo-de-la-direccion-de-salud-rural\/","title":{"rendered":"Balmaceda celebr\u00f3 su primer carnaval comunitario por la infancia con apoyo de la Direcci\u00f3n de Salud Rural"},"content":{"rendered":"\t\t<div data-elementor-type=\"wp-post\" data-elementor-id=\"5155\" class=\"elementor elementor-5155\">\n\t\t\t\t<div class=\"elementor-element elementor-element-f061c8c e-flex e-con-boxed e-con e-parent\" data-id=\"f061c8c\" data-element_type=\"container\">\n\t\t\t\t\t<div class=\"e-con-inner\">\n\t\t\t\t<div class=\"elementor-element elementor-element-f4c84c0 elementor-arrows-position-inside elementor-pagination-position-outside elementor-widget elementor-widget-image-carousel\" data-id=\"f4c84c0\" data-element_type=\"widget\" data-settings=\"{&quot;slides_to_show&quot;:&quot;1&quot;,&quot;navigation&quot;:&quot;both&quot;,&quot;autoplay&quot;:&quot;yes&quot;,&quot;pause_on_hover&quot;:&quot;yes&quot;,&quot;pause_on_interaction&quot;:&quot;yes&quot;,&quot;autoplay_speed&quot;:5000,&quot;infinite&quot;:&quot;yes&quot;,&quot;effect&quot;:&quot;slide&quot;,&quot;speed&quot;:500}\" data-widget_type=\"image-carousel.default\">\n\t\t\t\t<div class=\"elementor-widget-container\">\n\t\t\t\t\t\t\t<div class=\"elementor-image-carousel-wrapper swiper\" role=\"region\" aria-roledescription=\"carousel\" aria-label=\"Carrusel de im\u00e1genes\" dir=\"ltr\">\n\t\t\t<div class=\"elementor-image-carousel swiper-wrapper\" aria-live=\"off\">\n\t\t\t\t\t\t\t\t<div class=\"swiper-slide\" role=\"group\" aria-roledescription=\"slide\" aria-label=\"1 de 3\"><figure class=\"swiper-slide-inner\"><img decoding=\"async\" class=\"swiper-slide-image\" src=\"https:\/\/www.serviciosaludaysen.cl\/wp-content\/uploads\/2025\/09\/Balmaceda-celebro-su-primer-carnaval-comunitario-por-la-infancia-con-apoyo-de-la-Direccion-de-Salud-Rural3-1024x576.jpeg\" alt=\"\u00b0 Las calles se llenaron de colores y m\u00fasica con el desfile comunitario, que convoc\u00f3 a estudiantes, docentes, apoderados y vecinos.    La Direcci\u00f3n de Salud Rural del Servicio de Salud Ays\u00e9n particip\u00f3 en la localidad de Balmaceda del primer carnaval comunitario por la infancia, enmarcado en el Mes de las Infancias. La instancia puso en el centro los derechos de ni\u00f1os, ni\u00f1as y adolescentes y convoc\u00f3 a actores locales en torno a un objetivo com\u00fan.     La jornada fue organizada de manera conjunta por la dupla psicosocial de Mejor Ni\u00f1ez de la Direcci\u00f3n de Salud Rural, el equipo de la Posta de Salud Rural de Balmaceda, la escuela Jos\u00e9 Antol\u00edn Silva Orme\u00f1o y los programas especializados presentes en la localidad, entre ellos el Programa de Diagn\u00f3stico Cl\u00ednico Especializado y el Programa de Protecci\u00f3n Especializada en Maltrato Grave y Abuso Sexual. Fue un trabajo colaborativo donde el foco estuvo en reforzar lazos con la comunidad y generar un espacio seguro y participativo para la infancia.   Desde la escuela, Mar\u00eda de los \u00c1ngeles Recabal, coordinadora del PIE, destac\u00f3, \u201cLo m\u00e1s valioso de este carnaval fue ver c\u00f3mo toda la comunidad trabaj\u00f3 en conjunto con un objetivo com\u00fan: el bienestar de los ni\u00f1os y ni\u00f1as de Balmaceda. El trabajo colaborativo con la posta de salud ha sido maravilloso, siempre con disposici\u00f3n y apoyo, y eso nos permite darles mejores oportunidades de desarrollo a nuestros estudiantes.\u201d     En representaci\u00f3n de la dupla psicosocial de Mejor Ni\u00f1ez de la Direcci\u00f3n de Salud Rural, Macarena Rivera, terapeuta ocupacional, valor\u00f3 la importancia de este trabajo territorial, \u201cEste carnaval refleja el trabajo que estamos realizando como Direcci\u00f3n de Salud Rural para fortalecer la vida comunitaria y poner a los ni\u00f1os y ni\u00f1as en el centro. Desde salud no solo acompa\u00f1amos en lo cl\u00ednico, tambi\u00e9n nos vinculamos con la escuela, las familias y las instituciones para construir juntos entornos m\u00e1s protegidos y conscientes. Balmaceda nos mostr\u00f3 que cuando la comunidad se une, se generan cambios hist\u00f3ricos que dejan huella.\u201d     La celebraci\u00f3n tambi\u00e9n incluy\u00f3 la premiaci\u00f3n del concurso de literatura y dibujo \u201cMi infancia en Balmaceda\u201d, organizado y resuelto por un jurado integrado por representantes de la comunidad, la Junta de Vecinos y la Fuerza A\u00e9rea de Chile.   Yennifert Redlich, vecina de la localidad, expres\u00f3, \u201cLo que m\u00e1s rescato es ver a nuestros ni\u00f1os y ni\u00f1as de Balmaceda felices, viviendo una experiencia nueva en su colegio. Como apoderada me sent\u00ed muy contenta de participar, compartir e incluso bailar con ellos durante el desfile. Lo m\u00e1s importante es que esta uni\u00f3n puso en el centro a la infancia. Este carnaval trajo alegr\u00eda a toda la localidad y nos demuestra que, cuando el objetivo es com\u00fan, se logran cosas grandes para nuestra comunidad.\u201d     Finalmente, Camila Rodr\u00edguez, del Programa de Diagn\u00f3stico Cl\u00ednico Especializado, recalc\u00f3 que la jornada visibiliz\u00f3 el compromiso compartido de las instituciones presentes, \u201cNo se genera \u00fanicamente una instancia de promoci\u00f3n, sino que refleja la responsabilidad y rol que cada participante toma activamente para garantizar los derechos de la infancia.\u201d     Con esta actividad se refuerzan los espacios comunitarios, poniendo en valor el trabajo colaborativo entre instituciones, familias y comunidad, fortaleciendo la confianza y el sentido de pertenencia en Balmaceda.\" \/><\/figure><\/div><div class=\"swiper-slide\" role=\"group\" aria-roledescription=\"slide\" aria-label=\"2 de 3\"><figure class=\"swiper-slide-inner\"><img decoding=\"async\" class=\"swiper-slide-image\" src=\"https:\/\/www.serviciosaludaysen.cl\/wp-content\/uploads\/2025\/09\/Balmaceda-celebro-su-primer-carnaval-comunitario-por-la-infancia-con-apoyo-de-la-Direccion-de-Salud-Rural7-1024x576.jpeg\" alt=\"\u00b0 Las calles se llenaron de colores y m\u00fasica con el desfile comunitario, que convoc\u00f3 a estudiantes, docentes, apoderados y vecinos.    La Direcci\u00f3n de Salud Rural del Servicio de Salud Ays\u00e9n particip\u00f3 en la localidad de Balmaceda del primer carnaval comunitario por la infancia, enmarcado en el Mes de las Infancias. La instancia puso en el centro los derechos de ni\u00f1os, ni\u00f1as y adolescentes y convoc\u00f3 a actores locales en torno a un objetivo com\u00fan.     La jornada fue organizada de manera conjunta por la dupla psicosocial de Mejor Ni\u00f1ez de la Direcci\u00f3n de Salud Rural, el equipo de la Posta de Salud Rural de Balmaceda, la escuela Jos\u00e9 Antol\u00edn Silva Orme\u00f1o y los programas especializados presentes en la localidad, entre ellos el Programa de Diagn\u00f3stico Cl\u00ednico Especializado y el Programa de Protecci\u00f3n Especializada en Maltrato Grave y Abuso Sexual. Fue un trabajo colaborativo donde el foco estuvo en reforzar lazos con la comunidad y generar un espacio seguro y participativo para la infancia.   Desde la escuela, Mar\u00eda de los \u00c1ngeles Recabal, coordinadora del PIE, destac\u00f3, \u201cLo m\u00e1s valioso de este carnaval fue ver c\u00f3mo toda la comunidad trabaj\u00f3 en conjunto con un objetivo com\u00fan: el bienestar de los ni\u00f1os y ni\u00f1as de Balmaceda. El trabajo colaborativo con la posta de salud ha sido maravilloso, siempre con disposici\u00f3n y apoyo, y eso nos permite darles mejores oportunidades de desarrollo a nuestros estudiantes.\u201d     En representaci\u00f3n de la dupla psicosocial de Mejor Ni\u00f1ez de la Direcci\u00f3n de Salud Rural, Macarena Rivera, terapeuta ocupacional, valor\u00f3 la importancia de este trabajo territorial, \u201cEste carnaval refleja el trabajo que estamos realizando como Direcci\u00f3n de Salud Rural para fortalecer la vida comunitaria y poner a los ni\u00f1os y ni\u00f1as en el centro. Desde salud no solo acompa\u00f1amos en lo cl\u00ednico, tambi\u00e9n nos vinculamos con la escuela, las familias y las instituciones para construir juntos entornos m\u00e1s protegidos y conscientes. Balmaceda nos mostr\u00f3 que cuando la comunidad se une, se generan cambios hist\u00f3ricos que dejan huella.\u201d     La celebraci\u00f3n tambi\u00e9n incluy\u00f3 la premiaci\u00f3n del concurso de literatura y dibujo \u201cMi infancia en Balmaceda\u201d, organizado y resuelto por un jurado integrado por representantes de la comunidad, la Junta de Vecinos y la Fuerza A\u00e9rea de Chile.   Yennifert Redlich, vecina de la localidad, expres\u00f3, \u201cLo que m\u00e1s rescato es ver a nuestros ni\u00f1os y ni\u00f1as de Balmaceda felices, viviendo una experiencia nueva en su colegio. Como apoderada me sent\u00ed muy contenta de participar, compartir e incluso bailar con ellos durante el desfile. Lo m\u00e1s importante es que esta uni\u00f3n puso en el centro a la infancia. Este carnaval trajo alegr\u00eda a toda la localidad y nos demuestra que, cuando el objetivo es com\u00fan, se logran cosas grandes para nuestra comunidad.\u201d     Finalmente, Camila Rodr\u00edguez, del Programa de Diagn\u00f3stico Cl\u00ednico Especializado, recalc\u00f3 que la jornada visibiliz\u00f3 el compromiso compartido de las instituciones presentes, \u201cNo se genera \u00fanicamente una instancia de promoci\u00f3n, sino que refleja la responsabilidad y rol que cada participante toma activamente para garantizar los derechos de la infancia.\u201d     Con esta actividad se refuerzan los espacios comunitarios, poniendo en valor el trabajo colaborativo entre instituciones, familias y comunidad, fortaleciendo la confianza y el sentido de pertenencia en Balmaceda.\" \/><\/figure><\/div><div class=\"swiper-slide\" role=\"group\" aria-roledescription=\"slide\" aria-label=\"3 de 3\"><figure class=\"swiper-slide-inner\"><img decoding=\"async\" class=\"swiper-slide-image\" src=\"https:\/\/www.serviciosaludaysen.cl\/wp-content\/uploads\/2025\/09\/Balmaceda-celebro-su-primer-carnaval-comunitario-por-la-infancia-con-apoyo-de-la-Direccion-de-Salud-Rural6-1024x768.jpeg\" alt=\"\u00b0 Las calles se llenaron de colores y m\u00fasica con el desfile comunitario, que convoc\u00f3 a estudiantes, docentes, apoderados y vecinos. La Direcci\u00f3n de Salud Rural del Servicio de Salud Ays\u00e9n particip\u00f3 en la localidad de Balmaceda del primer carnaval comunitario por la infancia, enmarcado en el Mes de las Infancias. La instancia puso en el centro los derechos de ni\u00f1os, ni\u00f1as y adolescentes y convoc\u00f3 a actores locales en torno a un objetivo com\u00fan. La jornada fue organizada de manera conjunta por la dupla psicosocial de Mejor Ni\u00f1ez de la Direcci\u00f3n de Salud Rural, el equipo de la Posta de Salud Rural de Balmaceda, la escuela Jos\u00e9 Antol\u00edn Silva Orme\u00f1o y los programas especializados presentes en la localidad, entre ellos el Programa de Diagn\u00f3stico Cl\u00ednico Especializado y el Programa de Protecci\u00f3n Especializada en Maltrato Grave y Abuso Sexual. Fue un trabajo colaborativo donde el foco estuvo en reforzar lazos con la comunidad y generar un espacio seguro y participativo para la infancia. Desde la escuela, Mar\u00eda de los \u00c1ngeles Recabal, coordinadora del PIE, destac\u00f3, \u201cLo m\u00e1s valioso de este carnaval fue ver c\u00f3mo toda la comunidad trabaj\u00f3 en conjunto con un objetivo com\u00fan: el bienestar de los ni\u00f1os y ni\u00f1as de Balmaceda. El trabajo colaborativo con la posta de salud ha sido maravilloso, siempre con disposici\u00f3n y apoyo, y eso nos permite darles mejores oportunidades de desarrollo a nuestros estudiantes.\u201d En representaci\u00f3n de la dupla psicosocial de Mejor Ni\u00f1ez de la Direcci\u00f3n de Salud Rural, Macarena Rivera, terapeuta ocupacional, valor\u00f3 la importancia de este trabajo territorial, \u201cEste carnaval refleja el trabajo que estamos realizando como Direcci\u00f3n de Salud Rural para fortalecer la vida comunitaria y poner a los ni\u00f1os y ni\u00f1as en el centro. Desde salud no solo acompa\u00f1amos en lo cl\u00ednico, tambi\u00e9n nos vinculamos con la escuela, las familias y las instituciones para construir juntos entornos m\u00e1s protegidos y conscientes. Balmaceda nos mostr\u00f3 que cuando la comunidad se une, se generan cambios hist\u00f3ricos que dejan huella.\u201d La celebraci\u00f3n tambi\u00e9n incluy\u00f3 la premiaci\u00f3n del concurso de literatura y dibujo \u201cMi infancia en Balmaceda\u201d, organizado y resuelto por un jurado integrado por representantes de la comunidad, la Junta de Vecinos y la Fuerza A\u00e9rea de Chile. Yennifert Redlich, vecina de la localidad, expres\u00f3, \u201cLo que m\u00e1s rescato es ver a nuestros ni\u00f1os y ni\u00f1as de Balmaceda felices, viviendo una experiencia nueva en su colegio. Como apoderada me sent\u00ed muy contenta de participar, compartir e incluso bailar con ellos durante el desfile. Lo m\u00e1s importante es que esta uni\u00f3n puso en el centro a la infancia. Este carnaval trajo alegr\u00eda a toda la localidad y nos demuestra que, cuando el objetivo es com\u00fan, se logran cosas grandes para nuestra comunidad.\u201d Finalmente, Camila Rodr\u00edguez, del Programa de Diagn\u00f3stico Cl\u00ednico Especializado, recalc\u00f3 que la jornada visibiliz\u00f3 el compromiso compartido de las instituciones presentes, \u201cNo se genera \u00fanicamente una instancia de promoci\u00f3n, sino que refleja la responsabilidad y rol que cada participante toma activamente para garantizar los derechos de la infancia.\u201d Con esta actividad se refuerzan los espacios comunitarios, poniendo en valor el trabajo colaborativo entre instituciones, familias y comunidad, fortaleciendo la confianza y el sentido de pertenencia en Balmaceda.\" \/><\/figure><\/div>\t\t\t<\/div>\n\t\t\t\t\t\t\t\t\t\t\t\t<div class=\"elementor-swiper-button elementor-swiper-button-prev\" role=\"button\" tabindex=\"0\">\n\t\t\t\t\t\t<svg aria-hidden=\"true\" class=\"e-font-icon-svg e-eicon-chevron-left\" viewBox=\"0 0 1000 1000\" xmlns=\"http:\/\/www.w3.org\/2000\/svg\"><path d=\"M646 125C629 125 613 133 604 142L308 442C296 454 292 471 292 487 292 504 296 521 308 533L604 854C617 867 629 875 646 875 663 875 679 871 692 858 704 846 713 829 713 812 713 796 708 779 692 767L438 487 692 225C700 217 708 204 708 187 708 171 704 154 692 142 675 129 663 125 646 125Z\"><\/path><\/svg>\t\t\t\t\t<\/div>\n\t\t\t\t\t<div class=\"elementor-swiper-button elementor-swiper-button-next\" role=\"button\" tabindex=\"0\">\n\t\t\t\t\t\t<svg aria-hidden=\"true\" class=\"e-font-icon-svg e-eicon-chevron-right\" viewBox=\"0 0 1000 1000\" xmlns=\"http:\/\/www.w3.org\/2000\/svg\"><path d=\"M696 533C708 521 713 504 713 487 713 471 708 454 696 446L400 146C388 133 375 125 354 125 338 125 325 129 313 142 300 154 292 171 292 187 292 204 296 221 308 233L563 492 304 771C292 783 288 800 288 817 288 833 296 850 308 863 321 871 338 875 354 875 371 875 388 867 400 854L696 533Z\"><\/path><\/svg>\t\t\t\t\t<\/div>\n\t\t\t\t\n\t\t\t\t\t\t\t\t\t<div class=\"swiper-pagination\"><\/div>\n\t\t\t\t\t\t\t\t\t<\/div>\n\t\t\t\t\t\t<\/div>\n\t\t\t\t<\/div>\n\t\t\t\t\t<\/div>\n\t\t\t\t<\/div>\n\t\t<div class=\"elementor-element elementor-element-8b77c02 e-flex e-con-boxed e-con e-parent\" data-id=\"8b77c02\" data-element_type=\"container\">\n\t\t\t\t\t<div class=\"e-con-inner\">\n\t\t\t\t<div class=\"elementor-element elementor-element-e8d5cb4 elementor-widget elementor-widget-text-editor\" data-id=\"e8d5cb4\" data-element_type=\"widget\" data-widget_type=\"text-editor.default\">\n\t\t\t\t<div class=\"elementor-widget-container\">\n\t\t\t\t\t\t\t\t\t<ul><li style=\"font-weight: 400;\"><strong>\u00a0<em>Las calles se llenaron de colores y m\u00fasica con el desfile comunitario, que convoc\u00f3 a estudiantes, docentes, apoderados y vecinos.<\/em><\/strong><\/li><\/ul><p style=\"font-weight: 400;\">La Direcci\u00f3n de Salud Rural del Servicio de Salud Ays\u00e9n particip\u00f3 en la localidad de Balmaceda del primer carnaval comunitario por la infancia, enmarcado en el Mes de las Infancias. La instancia puso en el centro los derechos de ni\u00f1os, ni\u00f1as y adolescentes y convoc\u00f3 a actores locales en torno a un objetivo com\u00fan.<\/p><p style=\"font-weight: 400;\">La jornada fue organizada de manera conjunta por la dupla psicosocial de Mejor Ni\u00f1ez de la Direcci\u00f3n de Salud Rural, el equipo de la Posta de Salud Rural de Balmaceda, la escuela Jos\u00e9 Antol\u00edn Silva Orme\u00f1o y los programas especializados presentes en la localidad, entre ellos el Programa de Diagn\u00f3stico Cl\u00ednico Especializado y el Programa de Protecci\u00f3n Especializada en Maltrato Grave y Abuso Sexual. Fue un trabajo colaborativo donde el foco estuvo en reforzar lazos con la comunidad y generar un espacio seguro y participativo para la infancia.<\/p><p style=\"font-weight: 400;\">Desde la escuela, Mar\u00eda de los \u00c1ngeles Recabal, coordinadora del PIE, destac\u00f3, \u201cLo m\u00e1s valioso de este carnaval fue ver c\u00f3mo toda la comunidad trabaj\u00f3 en conjunto con un objetivo com\u00fan: el bienestar de los ni\u00f1os y ni\u00f1as de Balmaceda. El trabajo colaborativo con la posta de salud ha sido maravilloso, siempre con disposici\u00f3n y apoyo, y eso nos permite darles mejores oportunidades de desarrollo a nuestros estudiantes.\u201d<\/p><p style=\"font-weight: 400;\">En representaci\u00f3n de la dupla psicosocial de Mejor Ni\u00f1ez de la Direcci\u00f3n de Salud Rural, Macarena Rivera, terapeuta ocupacional, valor\u00f3 la importancia de este trabajo territorial, \u201cEste carnaval refleja el trabajo que estamos realizando como Direcci\u00f3n de Salud Rural para fortalecer la vida comunitaria y poner a los ni\u00f1os y ni\u00f1as en el centro. Desde salud no solo acompa\u00f1amos en lo cl\u00ednico, tambi\u00e9n nos vinculamos con la escuela, las familias y las instituciones para construir juntos entornos m\u00e1s protegidos y conscientes. Balmaceda nos mostr\u00f3 que cuando la comunidad se une, se generan cambios hist\u00f3ricos que dejan huella.\u201d<\/p><p style=\"font-weight: 400;\">La celebraci\u00f3n tambi\u00e9n incluy\u00f3 la premiaci\u00f3n del concurso de literatura y dibujo \u201cMi infancia en Balmaceda\u201d, organizado y resuelto por un jurado integrado por representantes de la comunidad, la Junta de Vecinos y la Fuerza A\u00e9rea de Chile.<\/p><p style=\"font-weight: 400;\">Yennifert Redlich, vecina de la localidad, expres\u00f3, \u201cLo que m\u00e1s rescato es ver a nuestros ni\u00f1os y ni\u00f1as de Balmaceda felices, viviendo una experiencia nueva en su colegio. Como apoderada me sent\u00ed muy contenta de participar, compartir e incluso bailar con ellos durante el desfile. Lo m\u00e1s importante es que esta uni\u00f3n puso en el centro a la infancia. Este carnaval trajo alegr\u00eda a toda la localidad y nos demuestra que, cuando el objetivo es com\u00fan, se logran cosas grandes para nuestra comunidad.\u201d<\/p><p style=\"font-weight: 400;\">Finalmente, Camila Rodr\u00edguez, del Programa de Diagn\u00f3stico Cl\u00ednico Especializado, recalc\u00f3 que la jornada visibiliz\u00f3 el compromiso compartido de las instituciones presentes, \u201cNo se genera \u00fanicamente una instancia de promoci\u00f3n, sino que refleja la responsabilidad y rol que cada participante toma activamente para garantizar los derechos de la infancia.\u201d<\/p><p style=\"font-weight: 400;\">Con esta actividad se refuerzan los espacios comunitarios, poniendo en valor el trabajo colaborativo entre instituciones, familias y comunidad, fortaleciendo la confianza y el sentido de pertenencia en Balmaceda.<\/p>\t\t\t\t\t\t\t\t<\/div>\n\t\t\t\t<\/div>\n\t\t\t\t\t<\/div>\n\t\t\t\t<\/div>\n\t\t\t\t<\/div>\n\t\t","protected":false},"excerpt":{"rendered":"<p>\u00a0Las calles se llenaron de colores y m\u00fasica con el desfile comunitario, que convoc\u00f3 a estudiantes, docentes, apoderados y vecinos. [&hellip;]<\/p>\n","protected":false},"author":2,"featured_media":5156,"comment_status":"open","ping_status":"open","sticky":false,"template":"","format":"standard","meta":{"_eb_attr":"","site-sidebar-layout":"default","site-content-layout":"","ast-site-content-layout":"default","site-content-style":"default","site-sidebar-style":"default","ast-global-header-display":"","ast-banner-title-visibility":"","ast-main-header-display":"","ast-hfb-above-header-display":"","ast-hfb-below-header-display":"","ast-hfb-mobile-header-display":"","site-post-title":"","ast-breadcrumbs-content":"","ast-featured-img":"disabled","footer-sml-layout":"","theme-transparent-header-meta":"","adv-header-id-meta":"","stick-header-meta":"","header-above-stick-meta":"","header-main-stick-meta":"","header-below-stick-meta":"","astra-migrate-meta-layouts":"default","ast-page-background-enabled":"default","ast-page-background-meta":{"desktop":{"background-color":"var(--ast-global-color-4)","background-image":"","background-repeat":"repeat","background-position":"center center","background-size":"auto","background-attachment":"scroll","background-type":"","background-media":"","overlay-type":"","overlay-color":"","overlay-opacity":"","overlay-gradient":""},"tablet":{"background-color":"","background-image":"","background-repeat":"repeat","background-position":"center center","background-size":"auto","background-attachment":"scroll","background-type":"","background-media":"","overlay-type":"","overlay-color":"","overlay-opacity":"","overlay-gradient":""},"mobile":{"background-color":"","background-image":"","background-repeat":"repeat","background-position":"center center","background-size":"auto","background-attachment":"scroll","background-type":"","background-media":"","overlay-type":"","overlay-color":"","overlay-opacity":"","overlay-gradient":""}},"ast-content-background-meta":{"desktop":{"background-color":"var(--ast-global-color-5)","background-image":"","background-repeat":"repeat","background-position":"center center","background-size":"auto","background-attachment":"scroll","background-type":"","background-media":"","overlay-type":"","overlay-color":"","overlay-opacity":"","overlay-gradient":""},"tablet":{"background-color":"var(--ast-global-color-5)","background-image":"","background-repeat":"repeat","background-position":"center center","background-size":"auto","background-attachment":"scroll","background-type":"","background-media":"","overlay-type":"","overlay-color":"","overlay-opacity":"","overlay-gradient":""},"mobile":{"background-color":"var(--ast-global-color-5)","background-image":"","background-repeat":"repeat","background-position":"center center","background-size":"auto","background-attachment":"scroll","background-type":"","background-media":"","overlay-type":"","overlay-color":"","overlay-opacity":"","overlay-gradient":""}},"footnotes":""},"categories":[1],"tags":[],"class_list":["post-5155","post","type-post","status-publish","format-standard","has-post-thumbnail","hentry","category-noticias"],"_links":{"self":[{"href":"https:\/\/www.serviciosaludaysen.cl\/index.php\/wp-json\/wp\/v2\/posts\/5155","targetHints":{"allow":["GET"]}}],"collection":[{"href":"https:\/\/www.serviciosaludaysen.cl\/index.php\/wp-json\/wp\/v2\/posts"}],"about":[{"href":"https:\/\/www.serviciosaludaysen.cl\/index.php\/wp-json\/wp\/v2\/types\/post"}],"author":[{"embeddable":true,"href":"https:\/\/www.serviciosaludaysen.cl\/index.php\/wp-json\/wp\/v2\/users\/2"}],"replies":[{"embeddable":true,"href":"https:\/\/www.serviciosaludaysen.cl\/index.php\/wp-json\/wp\/v2\/comments?post=5155"}],"version-history":[{"count":7,"href":"https:\/\/www.serviciosaludaysen.cl\/index.php\/wp-json\/wp\/v2\/posts\/5155\/revisions"}],"predecessor-version":[{"id":5167,"href":"https:\/\/www.serviciosaludaysen.cl\/index.php\/wp-json\/wp\/v2\/posts\/5155\/revisions\/5167"}],"wp:featuredmedia":[{"embeddable":true,"href":"https:\/\/www.serviciosaludaysen.cl\/index.php\/wp-json\/wp\/v2\/media\/5156"}],"wp:attachment":[{"href":"https:\/\/www.serviciosaludaysen.cl\/index.php\/wp-json\/wp\/v2\/media?parent=5155"}],"wp:term":[{"taxonomy":"category","embeddable":true,"href":"https:\/\/www.serviciosaludaysen.cl\/index.php\/wp-json\/wp\/v2\/categories?post=5155"},{"taxonomy":"post_tag","embeddable":true,"href":"https:\/\/www.serviciosaludaysen.cl\/index.php\/wp-json\/wp\/v2\/tags?post=5155"}],"curies":[{"name":"wp","href":"https:\/\/api.w.org\/{rel}","templated":true}]}}