{"id":5050,"date":"2025-09-03T14:43:14","date_gmt":"2025-09-03T17:43:14","guid":{"rendered":"https:\/\/www.serviciosaludaysen.cl\/?p=5050"},"modified":"2025-09-03T14:50:51","modified_gmt":"2025-09-03T17:50:51","slug":"hospital-de-chile-chico-totalmente-equipado-y-entra-en-su-etapa-final","status":"publish","type":"post","link":"https:\/\/www.serviciosaludaysen.cl\/index.php\/2025\/09\/03\/hospital-de-chile-chico-totalmente-equipado-y-entra-en-su-etapa-final\/","title":{"rendered":"Hospital de Chile Chico totalmente equipado y entra en su etapa final"},"content":{"rendered":"\t\t<div data-elementor-type=\"wp-post\" data-elementor-id=\"5050\" class=\"elementor elementor-5050\">\n\t\t\t\t<div class=\"elementor-element elementor-element-2fdf73d e-flex e-con-boxed e-con e-parent\" data-id=\"2fdf73d\" data-element_type=\"container\">\n\t\t\t\t\t<div class=\"e-con-inner\">\n\t\t\t\t<div class=\"elementor-element elementor-element-9c3a1c7 elementor-arrows-position-inside elementor-pagination-position-outside elementor-widget elementor-widget-image-carousel\" data-id=\"9c3a1c7\" data-element_type=\"widget\" data-settings=\"{&quot;slides_to_show&quot;:&quot;1&quot;,&quot;navigation&quot;:&quot;both&quot;,&quot;autoplay&quot;:&quot;yes&quot;,&quot;pause_on_hover&quot;:&quot;yes&quot;,&quot;pause_on_interaction&quot;:&quot;yes&quot;,&quot;autoplay_speed&quot;:5000,&quot;infinite&quot;:&quot;yes&quot;,&quot;effect&quot;:&quot;slide&quot;,&quot;speed&quot;:500}\" data-widget_type=\"image-carousel.default\">\n\t\t\t\t<div class=\"elementor-widget-container\">\n\t\t\t\t\t\t\t<div class=\"elementor-image-carousel-wrapper swiper\" role=\"region\" aria-roledescription=\"carousel\" aria-label=\"Carrusel de im\u00e1genes\" dir=\"ltr\">\n\t\t\t<div class=\"elementor-image-carousel swiper-wrapper\" aria-live=\"off\">\n\t\t\t\t\t\t\t\t<div class=\"swiper-slide\" role=\"group\" aria-roledescription=\"slide\" aria-label=\"1 de 10\"><figure class=\"swiper-slide-inner\"><img decoding=\"async\" class=\"swiper-slide-image\" src=\"https:\/\/www.serviciosaludaysen.cl\/wp-content\/uploads\/2025\/09\/IMG_9293-1024x683.jpg\" alt=\"Hospital de Chile Chico totalmente equipado y entra en su etapa final\" \/><\/figure><\/div><div class=\"swiper-slide\" role=\"group\" aria-roledescription=\"slide\" aria-label=\"2 de 10\"><figure class=\"swiper-slide-inner\"><img decoding=\"async\" class=\"swiper-slide-image\" src=\"https:\/\/www.serviciosaludaysen.cl\/wp-content\/uploads\/2025\/09\/IMG_9010-1024x683.jpg\" alt=\"Hospital de Chile Chico totalmente equipado y entra en su etapa final\" \/><\/figure><\/div><div class=\"swiper-slide\" role=\"group\" aria-roledescription=\"slide\" aria-label=\"3 de 10\"><figure class=\"swiper-slide-inner\"><img decoding=\"async\" class=\"swiper-slide-image\" src=\"https:\/\/www.serviciosaludaysen.cl\/wp-content\/uploads\/2025\/09\/IMG_9040-1024x683.jpg\" alt=\"Hospital de Chile Chico totalmente equipado y entra en su etapa final\" \/><\/figure><\/div><div class=\"swiper-slide\" role=\"group\" aria-roledescription=\"slide\" aria-label=\"4 de 10\"><figure class=\"swiper-slide-inner\"><img decoding=\"async\" class=\"swiper-slide-image\" src=\"https:\/\/www.serviciosaludaysen.cl\/wp-content\/uploads\/2025\/09\/IMG_9176-1024x683.jpg\" alt=\"Hospital de Chile Chico totalmente equipado y entra en su etapa final\" \/><\/figure><\/div><div class=\"swiper-slide\" role=\"group\" aria-roledescription=\"slide\" aria-label=\"5 de 10\"><figure class=\"swiper-slide-inner\"><img decoding=\"async\" class=\"swiper-slide-image\" src=\"https:\/\/www.serviciosaludaysen.cl\/wp-content\/uploads\/2025\/09\/IMG_9070-1024x683.jpg\" alt=\"Hospital de Chile Chico totalmente equipado y entra en su etapa final\" \/><\/figure><\/div><div class=\"swiper-slide\" role=\"group\" aria-roledescription=\"slide\" aria-label=\"6 de 10\"><figure class=\"swiper-slide-inner\"><img decoding=\"async\" class=\"swiper-slide-image\" src=\"https:\/\/www.serviciosaludaysen.cl\/wp-content\/uploads\/2025\/09\/IMG_9081-1024x683.jpg\" alt=\"Hospital de Chile Chico totalmente equipado y entra en su etapa final\" \/><\/figure><\/div><div class=\"swiper-slide\" role=\"group\" aria-roledescription=\"slide\" aria-label=\"7 de 10\"><figure class=\"swiper-slide-inner\"><img decoding=\"async\" class=\"swiper-slide-image\" src=\"https:\/\/www.serviciosaludaysen.cl\/wp-content\/uploads\/2025\/09\/IMG_9282-1024x683.jpg\" alt=\"Hospital de Chile Chico totalmente equipado y entra en su etapa final\" \/><\/figure><\/div><div class=\"swiper-slide\" role=\"group\" aria-roledescription=\"slide\" aria-label=\"8 de 10\"><figure class=\"swiper-slide-inner\"><img decoding=\"async\" class=\"swiper-slide-image\" src=\"https:\/\/www.serviciosaludaysen.cl\/wp-content\/uploads\/2025\/09\/IMG_9209-1024x683.jpg\" alt=\"Hospital de Chile Chico totalmente equipado y entra en su etapa final\" \/><\/figure><\/div><div class=\"swiper-slide\" role=\"group\" aria-roledescription=\"slide\" aria-label=\"9 de 10\"><figure class=\"swiper-slide-inner\"><img decoding=\"async\" class=\"swiper-slide-image\" src=\"https:\/\/www.serviciosaludaysen.cl\/wp-content\/uploads\/2025\/09\/IMG_9155-1-1024x683.jpg\" alt=\"Hospital de Chile Chico totalmente equipado y entra en su etapa final\" \/><\/figure><\/div><div class=\"swiper-slide\" role=\"group\" aria-roledescription=\"slide\" aria-label=\"10 de 10\"><figure class=\"swiper-slide-inner\"><img decoding=\"async\" class=\"swiper-slide-image\" src=\"https:\/\/www.serviciosaludaysen.cl\/wp-content\/uploads\/2025\/09\/IMG_9234-1024x683.jpg\" alt=\"IMG_9234\" \/><\/figure><\/div>\t\t\t<\/div>\n\t\t\t\t\t\t\t\t\t\t\t\t<div class=\"elementor-swiper-button elementor-swiper-button-prev\" role=\"button\" tabindex=\"0\">\n\t\t\t\t\t\t<svg aria-hidden=\"true\" class=\"e-font-icon-svg e-eicon-chevron-left\" viewBox=\"0 0 1000 1000\" xmlns=\"http:\/\/www.w3.org\/2000\/svg\"><path d=\"M646 125C629 125 613 133 604 142L308 442C296 454 292 471 292 487 292 504 296 521 308 533L604 854C617 867 629 875 646 875 663 875 679 871 692 858 704 846 713 829 713 812 713 796 708 779 692 767L438 487 692 225C700 217 708 204 708 187 708 171 704 154 692 142 675 129 663 125 646 125Z\"><\/path><\/svg>\t\t\t\t\t<\/div>\n\t\t\t\t\t<div class=\"elementor-swiper-button elementor-swiper-button-next\" role=\"button\" tabindex=\"0\">\n\t\t\t\t\t\t<svg aria-hidden=\"true\" class=\"e-font-icon-svg e-eicon-chevron-right\" viewBox=\"0 0 1000 1000\" xmlns=\"http:\/\/www.w3.org\/2000\/svg\"><path d=\"M696 533C708 521 713 504 713 487 713 471 708 454 696 446L400 146C388 133 375 125 354 125 338 125 325 129 313 142 300 154 292 171 292 187 292 204 296 221 308 233L563 492 304 771C292 783 288 800 288 817 288 833 296 850 308 863 321 871 338 875 354 875 371 875 388 867 400 854L696 533Z\"><\/path><\/svg>\t\t\t\t\t<\/div>\n\t\t\t\t\n\t\t\t\t\t\t\t\t\t<div class=\"swiper-pagination\"><\/div>\n\t\t\t\t\t\t\t\t\t<\/div>\n\t\t\t\t\t\t<\/div>\n\t\t\t\t<\/div>\n\t\t\t\t\t<\/div>\n\t\t\t\t<\/div>\n\t\t<div class=\"elementor-element elementor-element-c5fcc2f e-flex e-con-boxed e-con e-parent\" data-id=\"c5fcc2f\" data-element_type=\"container\">\n\t\t\t\t\t<div class=\"e-con-inner\">\n\t\t\t\t<div class=\"elementor-element elementor-element-99cb278 elementor-widget elementor-widget-text-editor\" data-id=\"99cb278\" data-element_type=\"widget\" data-widget_type=\"text-editor.default\">\n\t\t\t\t<div class=\"elementor-widget-container\">\n\t\t\t\t\t\t\t\t\t<ul><li><strong><em>Con una inversi\u00f3n superior a los 35 mil millones de pesos, esta obra de salud beneficiar\u00e1 a cerca de 5.000 habitantes de la cuenca del Lago General Carrera.<\/em><\/strong><\/li><\/ul><p>El nuevo Hospital Dr. Leopoldo Ortega Rodr\u00edguez de Chile Chico ya se encuentra completamente equipado y listo para iniciar su funcionamiento. Autoridades regionales, encabezadas por el alcalde de la comuna, el director del Servicio de Salud Ays\u00e9n y la directora (s) del establecimiento, junto a representantes del gabinete regional, recorrieron las dependencias y constataron el estado de avance de esta moderna infraestructura que muy pronto abrir\u00e1 sus puertas a la comunidad.<\/p><p>Su puesta en marcha constituye una de las obras m\u00e1s significativas del sector en la \u00faltima d\u00e9cada, levantada junto a la comunidad y autoridades locales.<\/p><p>\u00a0\u201cHemos conocido ya el nuevo hospital de la comuna de Chile Chico y est\u00e1 en la \u00faltima etapa para iniciar este proceso de traspaso y poder disponer de esta importante infraestructura al servicio de la comunidad. Es un edificio de \u00faltima tecnolog\u00eda, sumamente moderno, que cumple con todos los requerimientos, tanto para los usuarios como para los funcionarios que forman parte de la familia de la salud\u201d, dijo Ariel Keim, alcalde de la comuna de Chile Chico.<\/p><p>Por su parte, el director del Servicio de Salud Ays\u00e9n, Juan Pablo Bravo Quintana, expres\u00f3: \u201cEl hospital ya est\u00e1 ad portas de entrar en operaci\u00f3n. Se encuentra con los \u00faltimos detalles que estamos trabajando en conjunto con los funcionarios, con el MOP, la concesionaria y la direcci\u00f3n del hospital para su entrada en operaci\u00f3n. Est\u00e1 completamente vestido con su equipamiento y mobiliario, y ya est\u00e1 ad portas de obtener su autorizaci\u00f3n sanitaria\u201d.<\/p><p>En esa misma l\u00ednea, la directora (s) del establecimiento, Lorena Guerrero Avenda\u00f1o, acot\u00f3: \u201cLa inversi\u00f3n en equipamiento fue de alrededor de 1.800 millones de pesos. Contamos con ec\u00f3grafos de \u00faltima generaci\u00f3n, un moderno equipo de rayos X, monitores multipar\u00e1metro y de presi\u00f3n invasiva. Tambi\u00e9n con camillas, una mesa de parto electr\u00f3nica moderna, y salas de hospitalizaci\u00f3n habilitadas con camas de \u00faltima generaci\u00f3n y sillones de descanso para pacientes y familiares. En realidad, es una infraestructura moderna al servicio de toda la comunidad\u201d.<\/p><p>En los pr\u00f3ximos d\u00edas, adem\u00e1s, se iniciar\u00e1 un proceso de visitas guiadas para que las y los vecinos puedan conocer el hospital antes de su inauguraci\u00f3n oficial.<\/p><p>Este hospital comenz\u00f3 a construirse en 2021 y responde al compromiso del Gobierno del Presidente Gabriel Boric de fortalecer la red p\u00fablica de salud en la Regi\u00f3n de Ays\u00e9n.\u00a0<\/p>\t\t\t\t\t\t\t\t<\/div>\n\t\t\t\t<\/div>\n\t\t\t\t\t<\/div>\n\t\t\t\t<\/div>\n\t\t\t\t<\/div>\n\t\t","protected":false},"excerpt":{"rendered":"<p>Con una inversi\u00f3n superior a los 35 mil millones de pesos, esta obra de salud beneficiar\u00e1 a cerca de 5.000 [&hellip;]<\/p>\n","protected":false},"author":2,"featured_media":5060,"comment_status":"open","ping_status":"open","sticky":false,"template":"","format":"standard","meta":{"_eb_attr":"","site-sidebar-layout":"default","site-content-layout":"","ast-site-content-layout":"default","site-content-style":"default","site-sidebar-style":"default","ast-global-header-display":"","ast-banner-title-visibility":"","ast-main-header-display":"","ast-hfb-above-header-display":"","ast-hfb-below-header-display":"","ast-hfb-mobile-header-display":"","site-post-title":"","ast-breadcrumbs-content":"","ast-featured-img":"disabled","footer-sml-layout":"","theme-transparent-header-meta":"","adv-header-id-meta":"","stick-header-meta":"","header-above-stick-meta":"","header-main-stick-meta":"","header-below-stick-meta":"","astra-migrate-meta-layouts":"default","ast-page-background-enabled":"default","ast-page-background-meta":{"desktop":{"background-color":"var(--ast-global-color-4)","background-image":"","background-repeat":"repeat","background-position":"center center","background-size":"auto","background-attachment":"scroll","background-type":"","background-media":"","overlay-type":"","overlay-color":"","overlay-opacity":"","overlay-gradient":""},"tablet":{"background-color":"","background-image":"","background-repeat":"repeat","background-position":"center center","background-size":"auto","background-attachment":"scroll","background-type":"","background-media":"","overlay-type":"","overlay-color":"","overlay-opacity":"","overlay-gradient":""},"mobile":{"background-color":"","background-image":"","background-repeat":"repeat","background-position":"center center","background-size":"auto","background-attachment":"scroll","background-type":"","background-media":"","overlay-type":"","overlay-color":"","overlay-opacity":"","overlay-gradient":""}},"ast-content-background-meta":{"desktop":{"background-color":"var(--ast-global-color-5)","background-image":"","background-repeat":"repeat","background-position":"center center","background-size":"auto","background-attachment":"scroll","background-type":"","background-media":"","overlay-type":"","overlay-color":"","overlay-opacity":"","overlay-gradient":""},"tablet":{"background-color":"var(--ast-global-color-5)","background-image":"","background-repeat":"repeat","background-position":"center center","background-size":"auto","background-attachment":"scroll","background-type":"","background-media":"","overlay-type":"","overlay-color":"","overlay-opacity":"","overlay-gradient":""},"mobile":{"background-color":"var(--ast-global-color-5)","background-image":"","background-repeat":"repeat","background-position":"center center","background-size":"auto","background-attachment":"scroll","background-type":"","background-media":"","overlay-type":"","overlay-color":"","overlay-opacity":"","overlay-gradient":""}},"footnotes":""},"categories":[1],"tags":[29,68,59,28],"class_list":["post-5050","post","type-post","status-publish","format-standard","has-post-thumbnail","hentry","category-noticias","tag-coyhaique","tag-hospital-de-chile-chico","tag-servicio-de-salud-aysen","tag-serviciodesalud"],"_links":{"self":[{"href":"https:\/\/www.serviciosaludaysen.cl\/index.php\/wp-json\/wp\/v2\/posts\/5050","targetHints":{"allow":["GET"]}}],"collection":[{"href":"https:\/\/www.serviciosaludaysen.cl\/index.php\/wp-json\/wp\/v2\/posts"}],"about":[{"href":"https:\/\/www.serviciosaludaysen.cl\/index.php\/wp-json\/wp\/v2\/types\/post"}],"author":[{"embeddable":true,"href":"https:\/\/www.serviciosaludaysen.cl\/index.php\/wp-json\/wp\/v2\/users\/2"}],"replies":[{"embeddable":true,"href":"https:\/\/www.serviciosaludaysen.cl\/index.php\/wp-json\/wp\/v2\/comments?post=5050"}],"version-history":[{"count":4,"href":"https:\/\/www.serviciosaludaysen.cl\/index.php\/wp-json\/wp\/v2\/posts\/5050\/revisions"}],"predecessor-version":[{"id":5066,"href":"https:\/\/www.serviciosaludaysen.cl\/index.php\/wp-json\/wp\/v2\/posts\/5050\/revisions\/5066"}],"wp:featuredmedia":[{"embeddable":true,"href":"https:\/\/www.serviciosaludaysen.cl\/index.php\/wp-json\/wp\/v2\/media\/5060"}],"wp:attachment":[{"href":"https:\/\/www.serviciosaludaysen.cl\/index.php\/wp-json\/wp\/v2\/media?parent=5050"}],"wp:term":[{"taxonomy":"category","embeddable":true,"href":"https:\/\/www.serviciosaludaysen.cl\/index.php\/wp-json\/wp\/v2\/categories?post=5050"},{"taxonomy":"post_tag","embeddable":true,"href":"https:\/\/www.serviciosaludaysen.cl\/index.php\/wp-json\/wp\/v2\/tags?post=5050"}],"curies":[{"name":"wp","href":"https:\/\/api.w.org\/{rel}","templated":true}]}}