{"id":5039,"date":"2025-09-03T14:23:37","date_gmt":"2025-09-03T17:23:37","guid":{"rendered":"https:\/\/www.serviciosaludaysen.cl\/?p=5039"},"modified":"2025-09-03T14:28:32","modified_gmt":"2025-09-03T17:28:32","slug":"hospital-de-puerto-aysen-inaugura-nuevo-equipo-de-tac-dental","status":"publish","type":"post","link":"https:\/\/www.serviciosaludaysen.cl\/index.php\/2025\/09\/03\/hospital-de-puerto-aysen-inaugura-nuevo-equipo-de-tac-dental\/","title":{"rendered":"Hospital de Puerto Ays\u00e9n inaugura nuevo equipo de TAC Dental"},"content":{"rendered":"\t\t<div data-elementor-type=\"wp-post\" data-elementor-id=\"5039\" class=\"elementor elementor-5039\">\n\t\t\t\t<div class=\"elementor-element elementor-element-8d76bae e-flex e-con-boxed e-con e-parent\" data-id=\"8d76bae\" data-element_type=\"container\">\n\t\t\t\t\t<div class=\"e-con-inner\">\n\t\t\t\t<div class=\"elementor-element elementor-element-7f413a0 elementor-arrows-position-inside elementor-pagination-position-outside elementor-widget elementor-widget-image-carousel\" data-id=\"7f413a0\" data-element_type=\"widget\" data-settings=\"{&quot;slides_to_show&quot;:&quot;1&quot;,&quot;navigation&quot;:&quot;both&quot;,&quot;autoplay&quot;:&quot;yes&quot;,&quot;pause_on_hover&quot;:&quot;yes&quot;,&quot;pause_on_interaction&quot;:&quot;yes&quot;,&quot;autoplay_speed&quot;:5000,&quot;infinite&quot;:&quot;yes&quot;,&quot;effect&quot;:&quot;slide&quot;,&quot;speed&quot;:500}\" data-widget_type=\"image-carousel.default\">\n\t\t\t\t<div class=\"elementor-widget-container\">\n\t\t\t\t\t\t\t<div class=\"elementor-image-carousel-wrapper swiper\" role=\"region\" aria-roledescription=\"carousel\" aria-label=\"Carrusel de im\u00e1genes\" dir=\"ltr\">\n\t\t\t<div class=\"elementor-image-carousel swiper-wrapper\" aria-live=\"off\">\n\t\t\t\t\t\t\t\t<div class=\"swiper-slide\" role=\"group\" aria-roledescription=\"slide\" aria-label=\"1 de 6\"><figure class=\"swiper-slide-inner\"><img decoding=\"async\" class=\"swiper-slide-image\" src=\"https:\/\/www.serviciosaludaysen.cl\/wp-content\/uploads\/2025\/09\/PUESTA-EN-MARCHA-021-1-1024x683.jpg\" alt=\"Hospital de Puerto Ays\u00e9n inaugura nuevo equipo de TAC Dental\" \/><\/figure><\/div><div class=\"swiper-slide\" role=\"group\" aria-roledescription=\"slide\" aria-label=\"2 de 6\"><figure class=\"swiper-slide-inner\"><img decoding=\"async\" class=\"swiper-slide-image\" src=\"https:\/\/www.serviciosaludaysen.cl\/wp-content\/uploads\/2025\/09\/PUESTA-EN-MARCHA-017-1024x682.jpg\" alt=\"Hospital de Puerto Ays\u00e9n inaugura nuevo equipo de TAC Dental\" \/><\/figure><\/div><div class=\"swiper-slide\" role=\"group\" aria-roledescription=\"slide\" aria-label=\"3 de 6\"><figure class=\"swiper-slide-inner\"><img decoding=\"async\" class=\"swiper-slide-image\" src=\"https:\/\/www.serviciosaludaysen.cl\/wp-content\/uploads\/2025\/09\/PUESTA-EN-MARCHA-004-1024x683.jpg\" alt=\"Hospital de Puerto Ays\u00e9n inaugura nuevo equipo de TAC Dental\" \/><\/figure><\/div><div class=\"swiper-slide\" role=\"group\" aria-roledescription=\"slide\" aria-label=\"4 de 6\"><figure class=\"swiper-slide-inner\"><img decoding=\"async\" class=\"swiper-slide-image\" src=\"https:\/\/www.serviciosaludaysen.cl\/wp-content\/uploads\/2025\/09\/PUESTA-EN-MARCHA-002-1024x683.jpg\" alt=\"Hospital de Puerto Ays\u00e9n inaugura nuevo equipo de TAC Dental\" \/><\/figure><\/div><div class=\"swiper-slide\" role=\"group\" aria-roledescription=\"slide\" aria-label=\"5 de 6\"><figure class=\"swiper-slide-inner\"><img decoding=\"async\" class=\"swiper-slide-image\" src=\"https:\/\/www.serviciosaludaysen.cl\/wp-content\/uploads\/2025\/09\/PUESTA-EN-MARCHA-016-1024x683.jpg\" alt=\"Hospital de Puerto Ays\u00e9n inaugura nuevo equipo de TAC Dental\" \/><\/figure><\/div><div class=\"swiper-slide\" role=\"group\" aria-roledescription=\"slide\" aria-label=\"6 de 6\"><figure class=\"swiper-slide-inner\"><img decoding=\"async\" class=\"swiper-slide-image\" src=\"https:\/\/www.serviciosaludaysen.cl\/wp-content\/uploads\/2025\/09\/PUESTA-EN-MARCHA-019-1024x683.jpg\" alt=\"Hospital de Puerto Ays\u00e9n inaugura nuevo equipo de TAC Dental\" \/><\/figure><\/div>\t\t\t<\/div>\n\t\t\t\t\t\t\t\t\t\t\t\t<div class=\"elementor-swiper-button elementor-swiper-button-prev\" role=\"button\" tabindex=\"0\">\n\t\t\t\t\t\t<svg aria-hidden=\"true\" class=\"e-font-icon-svg e-eicon-chevron-left\" viewBox=\"0 0 1000 1000\" xmlns=\"http:\/\/www.w3.org\/2000\/svg\"><path d=\"M646 125C629 125 613 133 604 142L308 442C296 454 292 471 292 487 292 504 296 521 308 533L604 854C617 867 629 875 646 875 663 875 679 871 692 858 704 846 713 829 713 812 713 796 708 779 692 767L438 487 692 225C700 217 708 204 708 187 708 171 704 154 692 142 675 129 663 125 646 125Z\"><\/path><\/svg>\t\t\t\t\t<\/div>\n\t\t\t\t\t<div class=\"elementor-swiper-button elementor-swiper-button-next\" role=\"button\" tabindex=\"0\">\n\t\t\t\t\t\t<svg aria-hidden=\"true\" class=\"e-font-icon-svg e-eicon-chevron-right\" viewBox=\"0 0 1000 1000\" xmlns=\"http:\/\/www.w3.org\/2000\/svg\"><path d=\"M696 533C708 521 713 504 713 487 713 471 708 454 696 446L400 146C388 133 375 125 354 125 338 125 325 129 313 142 300 154 292 171 292 187 292 204 296 221 308 233L563 492 304 771C292 783 288 800 288 817 288 833 296 850 308 863 321 871 338 875 354 875 371 875 388 867 400 854L696 533Z\"><\/path><\/svg>\t\t\t\t\t<\/div>\n\t\t\t\t\n\t\t\t\t\t\t\t\t\t<div class=\"swiper-pagination\"><\/div>\n\t\t\t\t\t\t\t\t\t<\/div>\n\t\t\t\t\t\t<\/div>\n\t\t\t\t<\/div>\n\t\t\t\t\t<\/div>\n\t\t\t\t<\/div>\n\t\t<div class=\"elementor-element elementor-element-219a84a e-flex e-con-boxed e-con e-parent\" data-id=\"219a84a\" data-element_type=\"container\">\n\t\t\t\t\t<div class=\"e-con-inner\">\n\t\t\t\t<div class=\"elementor-element elementor-element-a989efa elementor-widget elementor-widget-text-editor\" data-id=\"a989efa\" data-element_type=\"widget\" data-widget_type=\"text-editor.default\">\n\t\t\t\t<div class=\"elementor-widget-container\">\n\t\t\t\t\t\t\t\t\t<ul><li><strong><span style=\"font-family: tahoma, sans-serif;\"><i>El nuevo equipo permitir\u00e1 fortalecer el polo odontol\u00f3gico en Ays\u00e9n y entregar respuestas m\u00e1s r\u00e1pidas a la comunidad.<\/i><\/span><\/strong><\/li><\/ul><div><p><span style=\"font-family: tahoma, sans-serif;\">El Hospital de Puerto Ays\u00e9n ya cuenta con un nuevo Tom\u00f3grafo Axial Computarizado (TAC) Dental, un equipo de \u00faltima generaci\u00f3n que incorpora mayor tecnolog\u00eda y precisi\u00f3n. Este dispositivo reemplaza al anterior, que ya hab\u00eda cumplido su vida \u00fatil, y permitir\u00e1 realizar ex\u00e1menes m\u00e1s c\u00f3modos, reducir la necesidad de derivaciones a Coyhaique y agilizar la atenci\u00f3n de los pacientes.<\/span><\/p><p><span style=\"font-family: tahoma, sans-serif;\">Este moderno TAC representa un paso decisivo en la mejora de la salud odontol\u00f3gica, pues aumenta la capacidad de diagn\u00f3stico y atenci\u00f3n en un contexto donde la reducci\u00f3n de los tiempos de espera es una prioridad para la Red Asistencial del Servicio de Salud Ays\u00e9n.<\/span><\/p><p><span style=\"font-family: tahoma, sans-serif;\">La puesta en marcha cont\u00f3 con la presencia de autoridades locales y profesionales de la salud, quienes destacaron la importancia de modernizar la infraestructura con apoyo de nuevas tecnolog\u00edas e inteligencia artificial.<\/span><\/p><p><span style=\"font-family: tahoma, sans-serif;\">\u201cEstoy muy contenta por este logro del Hospital de Ays\u00e9n. Contar con un dispositivo como el TAC dental va a permitir un mejor diagn\u00f3stico y ofrecer mayores oportunidades en los tratamientos. Esto permitir\u00e1 aumentar casi cuatro mil nuevas atenciones odontol\u00f3gicas en un momento en que la lista de espera dental es cr\u00edtica en nuestra regi\u00f3n\u201d, se\u00f1al\u00f3\u00a0Ximena \u00d3rdenes, senadora de la Rep\u00fablica.<\/span><\/p><p><span style=\"font-family: tahoma, sans-serif;\">Por su parte, Mauricio Cort\u00e9s, en representaci\u00f3n del director del Servicio de Salud Ays\u00e9n, destac\u00f3:\u00a0\u201cEl equipo directivo ha dado una soluci\u00f3n a corto plazo, adelant\u00e1ndose a la obsolescencia del antiguo TAC. Nuestro objetivo es ofrecer soluciones m\u00e1s oportunas y equitativas para toda la poblaci\u00f3n del norte de Ays\u00e9n\u201d.<\/span><\/p><p><span style=\"font-family: tahoma, sans-serif;\">Desde lo t\u00e9cnico, el Dr. Juan Qui\u00f1elen, especialista en odontolog\u00eda, explic\u00f3:\u00a0\u201cCon este TAC aumentaremos el \u00e1rea de diagn\u00f3stico, pasando de un volumen de adquisici\u00f3n de 8 x 8 cm a 15 x 17 cm, lo que nos permitir\u00e1 tomar cr\u00e1neo completo y observar todas las estructuras \u00f3seas y articulares de esta zona\u201d.<\/span><\/p><p><span style=\"font-family: tahoma, sans-serif;\">Finalmente, Hern\u00e1n Barrientos, director del Hospital de Puerto Ays\u00e9n, acot\u00f3:\u00a0\u201cEsto refuerza el polo odontol\u00f3gico que estamos levantando en Ays\u00e9n con un gran equipo humano. Quiero destacar el trabajo del Dr. Faundes y su equipo, quienes han permitido resolver muchas dificultades y avanzar en la lista de espera dental\u201d.<\/span><\/p><p><span style=\"font-family: tahoma, sans-serif;\">El TAC no solo optimiza la capacidad diagn\u00f3stica, sino que marca un avance sustantivo para la salud bucal en la regi\u00f3n, beneficiando a miles de pacientes con una atenci\u00f3n m\u00e1s oportuna y de calidad.<\/span><\/p><\/div>\t\t\t\t\t\t\t\t<\/div>\n\t\t\t\t<\/div>\n\t\t\t\t\t<\/div>\n\t\t\t\t<\/div>\n\t\t\t\t<\/div>\n\t\t","protected":false},"excerpt":{"rendered":"<p>El nuevo equipo permitir\u00e1 fortalecer el polo odontol\u00f3gico en Ays\u00e9n y entregar respuestas m\u00e1s r\u00e1pidas a la comunidad. El Hospital [&hellip;]<\/p>\n","protected":false},"author":2,"featured_media":5042,"comment_status":"open","ping_status":"open","sticky":false,"template":"","format":"standard","meta":{"_eb_attr":"","site-sidebar-layout":"default","site-content-layout":"","ast-site-content-layout":"default","site-content-style":"default","site-sidebar-style":"default","ast-global-header-display":"","ast-banner-title-visibility":"","ast-main-header-display":"","ast-hfb-above-header-display":"","ast-hfb-below-header-display":"","ast-hfb-mobile-header-display":"","site-post-title":"","ast-breadcrumbs-content":"","ast-featured-img":"disabled","footer-sml-layout":"","theme-transparent-header-meta":"","adv-header-id-meta":"","stick-header-meta":"","header-above-stick-meta":"","header-main-stick-meta":"","header-below-stick-meta":"","astra-migrate-meta-layouts":"default","ast-page-background-enabled":"default","ast-page-background-meta":{"desktop":{"background-color":"var(--ast-global-color-4)","background-image":"","background-repeat":"repeat","background-position":"center center","background-size":"auto","background-attachment":"scroll","background-type":"","background-media":"","overlay-type":"","overlay-color":"","overlay-opacity":"","overlay-gradient":""},"tablet":{"background-color":"","background-image":"","background-repeat":"repeat","background-position":"center center","background-size":"auto","background-attachment":"scroll","background-type":"","background-media":"","overlay-type":"","overlay-color":"","overlay-opacity":"","overlay-gradient":""},"mobile":{"background-color":"","background-image":"","background-repeat":"repeat","background-position":"center center","background-size":"auto","background-attachment":"scroll","background-type":"","background-media":"","overlay-type":"","overlay-color":"","overlay-opacity":"","overlay-gradient":""}},"ast-content-background-meta":{"desktop":{"background-color":"var(--ast-global-color-5)","background-image":"","background-repeat":"repeat","background-position":"center center","background-size":"auto","background-attachment":"scroll","background-type":"","background-media":"","overlay-type":"","overlay-color":"","overlay-opacity":"","overlay-gradient":""},"tablet":{"background-color":"var(--ast-global-color-5)","background-image":"","background-repeat":"repeat","background-position":"center center","background-size":"auto","background-attachment":"scroll","background-type":"","background-media":"","overlay-type":"","overlay-color":"","overlay-opacity":"","overlay-gradient":""},"mobile":{"background-color":"var(--ast-global-color-5)","background-image":"","background-repeat":"repeat","background-position":"center center","background-size":"auto","background-attachment":"scroll","background-type":"","background-media":"","overlay-type":"","overlay-color":"","overlay-opacity":"","overlay-gradient":""}},"footnotes":""},"categories":[1],"tags":[32,29,74,88,87,62,75,59,28,47],"class_list":["post-5039","post","type-post","status-publish","format-standard","has-post-thumbnail","hentry","category-noticias","tag-chilechico","tag-coyhaique","tag-equidad","tag-hospital","tag-puertoaysen","tag-red-asistencial-aysen","tag-resolutividad","tag-servicio-de-salud-aysen","tag-serviciodesalud","tag-ssa"],"_links":{"self":[{"href":"https:\/\/www.serviciosaludaysen.cl\/index.php\/wp-json\/wp\/v2\/posts\/5039","targetHints":{"allow":["GET"]}}],"collection":[{"href":"https:\/\/www.serviciosaludaysen.cl\/index.php\/wp-json\/wp\/v2\/posts"}],"about":[{"href":"https:\/\/www.serviciosaludaysen.cl\/index.php\/wp-json\/wp\/v2\/types\/post"}],"author":[{"embeddable":true,"href":"https:\/\/www.serviciosaludaysen.cl\/index.php\/wp-json\/wp\/v2\/users\/2"}],"replies":[{"embeddable":true,"href":"https:\/\/www.serviciosaludaysen.cl\/index.php\/wp-json\/wp\/v2\/comments?post=5039"}],"version-history":[{"count":4,"href":"https:\/\/www.serviciosaludaysen.cl\/index.php\/wp-json\/wp\/v2\/posts\/5039\/revisions"}],"predecessor-version":[{"id":5049,"href":"https:\/\/www.serviciosaludaysen.cl\/index.php\/wp-json\/wp\/v2\/posts\/5039\/revisions\/5049"}],"wp:featuredmedia":[{"embeddable":true,"href":"https:\/\/www.serviciosaludaysen.cl\/index.php\/wp-json\/wp\/v2\/media\/5042"}],"wp:attachment":[{"href":"https:\/\/www.serviciosaludaysen.cl\/index.php\/wp-json\/wp\/v2\/media?parent=5039"}],"wp:term":[{"taxonomy":"category","embeddable":true,"href":"https:\/\/www.serviciosaludaysen.cl\/index.php\/wp-json\/wp\/v2\/categories?post=5039"},{"taxonomy":"post_tag","embeddable":true,"href":"https:\/\/www.serviciosaludaysen.cl\/index.php\/wp-json\/wp\/v2\/tags?post=5039"}],"curies":[{"name":"wp","href":"https:\/\/api.w.org\/{rel}","templated":true}]}}