{"id":4955,"date":"2025-07-29T15:31:04","date_gmt":"2025-07-29T18:31:04","guid":{"rendered":"https:\/\/www.serviciosaludaysen.cl\/?p=4955"},"modified":"2025-07-29T15:45:37","modified_gmt":"2025-07-29T18:45:37","slug":"en-puerto-cisnes-director-del-servicio-de-salud-rinde-cuenta-publica-2024-con-anuncios-de-nuevos-especialistas-y-mejoras-en-la-red-asistencial","status":"publish","type":"post","link":"https:\/\/www.serviciosaludaysen.cl\/index.php\/2025\/07\/29\/en-puerto-cisnes-director-del-servicio-de-salud-rinde-cuenta-publica-2024-con-anuncios-de-nuevos-especialistas-y-mejoras-en-la-red-asistencial\/","title":{"rendered":"\u00a0En Puerto Cisnes director del Servicio de Salud rinde Cuenta P\u00fablica 2024 con anuncios de nuevos especialistas y mejoras en la Red asistencial"},"content":{"rendered":"\t\t<div data-elementor-type=\"wp-post\" data-elementor-id=\"4955\" class=\"elementor elementor-4955\">\n\t\t\t\t<div class=\"elementor-element elementor-element-a020256 e-flex e-con-boxed e-con e-parent\" data-id=\"a020256\" data-element_type=\"container\">\n\t\t\t\t\t<div class=\"e-con-inner\">\n\t\t\t\t<div class=\"elementor-element elementor-element-f9d1994 elementor-arrows-position-inside elementor-pagination-position-outside elementor-widget elementor-widget-image-carousel\" data-id=\"f9d1994\" data-element_type=\"widget\" data-settings=\"{&quot;slides_to_show&quot;:&quot;1&quot;,&quot;navigation&quot;:&quot;both&quot;,&quot;autoplay&quot;:&quot;yes&quot;,&quot;pause_on_hover&quot;:&quot;yes&quot;,&quot;pause_on_interaction&quot;:&quot;yes&quot;,&quot;autoplay_speed&quot;:5000,&quot;infinite&quot;:&quot;yes&quot;,&quot;effect&quot;:&quot;slide&quot;,&quot;speed&quot;:500}\" data-widget_type=\"image-carousel.default\">\n\t\t\t\t<div class=\"elementor-widget-container\">\n\t\t\t\t\t\t\t<div class=\"elementor-image-carousel-wrapper swiper\" role=\"region\" aria-roledescription=\"carousel\" aria-label=\"Carrusel de im\u00e1genes\" dir=\"ltr\">\n\t\t\t<div class=\"elementor-image-carousel swiper-wrapper\" aria-live=\"off\">\n\t\t\t\t\t\t\t\t<div class=\"swiper-slide\" role=\"group\" aria-roledescription=\"slide\" aria-label=\"1 de 7\"><figure class=\"swiper-slide-inner\"><img decoding=\"async\" class=\"swiper-slide-image\" src=\"https:\/\/www.serviciosaludaysen.cl\/wp-content\/uploads\/2025\/07\/CUENTA-PUBLICA-066-1024x683.jpg\" alt=\"Cuenta P\u00fablica Participaci\u00f3n Social 2024\" \/><\/figure><\/div><div class=\"swiper-slide\" role=\"group\" aria-roledescription=\"slide\" aria-label=\"2 de 7\"><figure class=\"swiper-slide-inner\"><img decoding=\"async\" class=\"swiper-slide-image\" src=\"https:\/\/www.serviciosaludaysen.cl\/wp-content\/uploads\/2025\/07\/CUENTA-PUBLICA-060-1-1024x683.jpg\" alt=\"CUENTA PUBLICA 060 (1)\" \/><\/figure><\/div><div class=\"swiper-slide\" role=\"group\" aria-roledescription=\"slide\" aria-label=\"3 de 7\"><figure class=\"swiper-slide-inner\"><img decoding=\"async\" class=\"swiper-slide-image\" src=\"https:\/\/www.serviciosaludaysen.cl\/wp-content\/uploads\/2025\/07\/CUENTA-PUBLICA-058-1024x683.jpg\" alt=\"CUENTA PUBLICA 058\" \/><\/figure><\/div><div class=\"swiper-slide\" role=\"group\" aria-roledescription=\"slide\" aria-label=\"4 de 7\"><figure class=\"swiper-slide-inner\"><img decoding=\"async\" class=\"swiper-slide-image\" src=\"https:\/\/www.serviciosaludaysen.cl\/wp-content\/uploads\/2025\/07\/CUENTA-PUBLICA-052-1024x683.jpg\" alt=\"CUENTA PUBLICA 052\" \/><\/figure><\/div><div class=\"swiper-slide\" role=\"group\" aria-roledescription=\"slide\" aria-label=\"5 de 7\"><figure class=\"swiper-slide-inner\"><img decoding=\"async\" class=\"swiper-slide-image\" src=\"https:\/\/www.serviciosaludaysen.cl\/wp-content\/uploads\/2025\/07\/CUENTA-PUBLICA-080-1024x683.jpg\" alt=\"CUENTA PUBLICA 080\" \/><\/figure><\/div><div class=\"swiper-slide\" role=\"group\" aria-roledescription=\"slide\" aria-label=\"6 de 7\"><figure class=\"swiper-slide-inner\"><img decoding=\"async\" class=\"swiper-slide-image\" src=\"https:\/\/www.serviciosaludaysen.cl\/wp-content\/uploads\/2025\/07\/CUENTA-PUBLICA-050-1024x683.jpg\" alt=\"CUENTA PUBLICA 050\" \/><\/figure><\/div><div class=\"swiper-slide\" role=\"group\" aria-roledescription=\"slide\" aria-label=\"7 de 7\"><figure class=\"swiper-slide-inner\"><img decoding=\"async\" class=\"swiper-slide-image\" src=\"https:\/\/www.serviciosaludaysen.cl\/wp-content\/uploads\/2025\/07\/CUENTA-PUBLICA-068-1024x683.jpg\" alt=\"CUENTA PUBLICA 068\" \/><\/figure><\/div>\t\t\t<\/div>\n\t\t\t\t\t\t\t\t\t\t\t\t<div class=\"elementor-swiper-button elementor-swiper-button-prev\" role=\"button\" tabindex=\"0\">\n\t\t\t\t\t\t<svg aria-hidden=\"true\" class=\"e-font-icon-svg e-eicon-chevron-left\" viewBox=\"0 0 1000 1000\" xmlns=\"http:\/\/www.w3.org\/2000\/svg\"><path d=\"M646 125C629 125 613 133 604 142L308 442C296 454 292 471 292 487 292 504 296 521 308 533L604 854C617 867 629 875 646 875 663 875 679 871 692 858 704 846 713 829 713 812 713 796 708 779 692 767L438 487 692 225C700 217 708 204 708 187 708 171 704 154 692 142 675 129 663 125 646 125Z\"><\/path><\/svg>\t\t\t\t\t<\/div>\n\t\t\t\t\t<div class=\"elementor-swiper-button elementor-swiper-button-next\" role=\"button\" tabindex=\"0\">\n\t\t\t\t\t\t<svg aria-hidden=\"true\" class=\"e-font-icon-svg e-eicon-chevron-right\" viewBox=\"0 0 1000 1000\" xmlns=\"http:\/\/www.w3.org\/2000\/svg\"><path d=\"M696 533C708 521 713 504 713 487 713 471 708 454 696 446L400 146C388 133 375 125 354 125 338 125 325 129 313 142 300 154 292 171 292 187 292 204 296 221 308 233L563 492 304 771C292 783 288 800 288 817 288 833 296 850 308 863 321 871 338 875 354 875 371 875 388 867 400 854L696 533Z\"><\/path><\/svg>\t\t\t\t\t<\/div>\n\t\t\t\t\n\t\t\t\t\t\t\t\t\t<div class=\"swiper-pagination\"><\/div>\n\t\t\t\t\t\t\t\t\t<\/div>\n\t\t\t\t\t\t<\/div>\n\t\t\t\t<\/div>\n\t\t\t\t\t<\/div>\n\t\t\t\t<\/div>\n\t\t<div class=\"elementor-element elementor-element-9c70d57 e-flex e-con-boxed e-con e-parent\" data-id=\"9c70d57\" data-element_type=\"container\">\n\t\t\t\t\t<div class=\"e-con-inner\">\n\t\t\t\t<div class=\"elementor-element elementor-element-0ed4281 elementor-widget elementor-widget-text-editor\" data-id=\"0ed4281\" data-element_type=\"widget\" data-widget_type=\"text-editor.default\">\n\t\t\t\t<div class=\"elementor-widget-container\">\n\t\t\t\t\t\t\t\t\t<p style=\"font-weight: 400;\">Con una amplia participaci\u00f3n de la comunidad, funcionarios y autoridades el\u00a0director del Servicio de Salud Ays\u00e9n, Juan Pablo Bravo Quintana, present\u00f3 la\u00a0Cuenta\u00a0P\u00fablica Participativa gesti\u00f3n 2024\u00a0en el\u00a0Terminal de Pasajeros de Emporcha, Puerto Cisnes. La instancia permiti\u00f3 compartir los principales avances y desaf\u00edos de la red asistencial, reafirmando el compromiso con una salud p\u00fablica m\u00e1s equitativa y resolutiva para la regi\u00f3n.<\/p><p style=\"font-weight: 400;\"><strong>Avances y anuncios en el \u00e1mbito asistencial<\/strong><\/p><p style=\"font-weight: 400;\">Uno de los anuncios m\u00e1s relevantes fue el dise\u00f1o del plan piloto para un nuevo Hospital en Puerto Cisnes, junto al fortalecimiento de los partos inminentes en hospitales de primer nivel, acercando una atenci\u00f3n m\u00e1s resolutiva a las familias de la regi\u00f3n.<\/p><p style=\"font-weight: 400;\">Durante 2024 se realizaron m\u00e1s de 12.000 cirug\u00edas, aumentaron las consultas y los tratamientos especializados, y la red se fortaleci\u00f3 con la llegada de nuevos especialistas y subespecialistas a trav\u00e9s del Periodo Asistencial Obligatorio (PAO), ampliando la cobertura en \u00e1reas como anestesiolog\u00eda, psiquiatr\u00eda, dermatolog\u00eda, cirug\u00eda de cabeza y cuello, ginecolog\u00eda y traumatolog\u00eda, lo que permite brindar una atenci\u00f3n m\u00e1s digna y oportuna a la comunidad.<\/p><p style=\"font-weight: 400;\">Tambi\u00e9n se vio fortalecida con la\u00a0reposici\u00f3n de ambulancias en Cisnes, Ib\u00e1\u00f1ez y SAMU regional, mejorando la capacidad de respuesta ante emergencias en el territorio.<\/p><p style=\"font-weight: 400;\"><strong>Obras e infraestructura<\/strong><\/p><p style=\"font-weight: 400;\">En materia de infraestructura,\u00a0se inici\u00f3 la construcci\u00f3n del COSAM de Puerto Ays\u00e9n,\u00a0se puso en marcha la\u00a0nueva Posta de Salud Rural de Villa Cerro Castillo, avanz\u00f3 la\u00a0normalizaci\u00f3n del Hospital de Chile Chico\u00a0y se habilitaron\u00a0bases transitorias del SAMU en Chacabuco y Puerto Ays\u00e9n. Paralelamente, se inici\u00f3 la construcci\u00f3n de las\u00a0postas de Villa La Tapera y Puerto Guadal, las que este a\u00f1o fueron inauguradas, fortaleciendo la atenci\u00f3n primaria en sectores rurales de la regi\u00f3n.<\/p><p style=\"font-weight: 400;\">\u201cAgradecer, porque este es el reflejo de todo el trabajo que hemos realizado durante el 2024 con cada uno de los funcionarios y funcionarias de la red asistencial. As\u00ed que estoy contento con la\u00a0cuenta p\u00fablica. Quedan muchos desaf\u00edos, queda mucho por mejorar. Este a\u00f1o vamos a implementar, en conjunto con el Gobierno Regional, Telemorbilidad en todos los dispositivos de nuestra red, lo que nos va a permitir brindar atenciones y tender a que nadie se quede sin atenci\u00f3n. Ese es nuestro desaf\u00edo para el presente a\u00f1o y para el pr\u00f3ximo\u201d, manifest\u00f3\u00a0Juan Pablo Bravo Quintana, director del Servicio de Salud Ays\u00e9n.<\/p><p style=\"font-weight: 400;\">El presidente del Consejo de Salud del Hospital de Puerto Cisnes, Mauricio Quintul, afirm\u00f3\u00a0\u201cme parece una idea fant\u00e1stica que por fin haya pensado en incluirnos, sobre todo a Puerto Cisnes. Ser part\u00edcipe de esto y dar a conocer a la comunidad las cosas que se est\u00e1n solicitando, las que se est\u00e1n pidiendo a trav\u00e9s del Servicio de Salud, y tambi\u00e9n lo que tenemos a nivel regional\u201d, expres\u00f3.<\/p><p style=\"font-weight: 400;\">Por su parte,\u00a0Jaime Rain, presidente de la Junta de Vecinos del sector Alto Baguales de Coyhaique, coment\u00f3 \u201cestoy muy agradecido de que esto se haya hecho en Puerto Cisnes, que se centraron en todo el tema de salud (\u2026) tambi\u00e9n agradecer toda la gran inversi\u00f3n que se est\u00e1 haciendo en salud. Agradezco una vez m\u00e1s a todo el equipo de salud por todo lo que han hecho, porque hemos sido muy bien atendidos\u201d.<\/p><p style=\"font-weight: 400;\">Durante la ceremonia, la\u00a0Seremi de Obras P\u00fablicas, Paloma Jara, tambi\u00e9n destac\u00f3 los avances en infraestructura,\u00a0\u201cel Hospital de Chile Chico esperamos pronto poder inaugurarlo. Es una obra que nos permiti\u00f3 demostrar, en la regi\u00f3n, que como ministerio podemos involucrarnos en la edificaci\u00f3n p\u00fablica de salud. Adem\u00e1s, quiero destacar algo que dijo el director: que de la mano con la Direcci\u00f3n de Aeropuertos podemos ayudar a salvar vidas, algo que tambi\u00e9n nos llena de orgullo como ministerio. Por lo tanto, esperamos poder seguir trabajando en conjunto para que tengamos una mejor gesti\u00f3n\u201d.<\/p><p style=\"font-weight: 400;\">Ximena Ruiz, vicepresidenta del COSOC del Servicio de Salud Ays\u00e9n, resalt\u00f3 la importancia de estos espacios:\u00a0\u201cfue una\u00a0cuenta p\u00fablica\u00a0bastante participativa, por lo que pudimos apreciar ac\u00e1 en este recinto en Puerto Cisnes, un espacio completamente lleno, donde pudimos revisar tambi\u00e9n la proyecci\u00f3n que tiene el Servicio de Salud con los distintos dispositivos de esta red asistencial. As\u00ed que es importante mantenerse informados. Tal como lo dijo nuestro director, es importante que mantengamos las comunicaciones fluidas para poder avanzar en los proyectos, en lo que queremos como comuna, como regi\u00f3n y como red asistencial tambi\u00e9n\u201d.<\/p><p style=\"font-weight: 400;\">La jornada cerr\u00f3 destacando los desaf\u00edos que a\u00fan est\u00e1n por cumplirse, entre ellos el inicio de operaciones del nuevo equipo de Tomograf\u00eda Axial Computarizada (TAC) para el Hospital de Puerto Ays\u00e9n, la inauguraci\u00f3n de la Posta de Salud Rural de Puyuhuapi, la reposici\u00f3n de una ambulancia y la formalizaci\u00f3n del Servicio de Urgencia Rural (SUR) en el CESFAM La Junta, as\u00ed como la implementaci\u00f3n de una sala forense b\u00e1sica en los hospitales de Cochrane y Chile Chico, Ley TEA, Fibromialgia, entre otros compromisos.<\/p>\t\t\t\t\t\t\t\t<\/div>\n\t\t\t\t<\/div>\n\t\t\t\t\t<\/div>\n\t\t\t\t<\/div>\n\t\t\t\t<\/div>\n\t\t","protected":false},"excerpt":{"rendered":"<p>Con una amplia participaci\u00f3n de la comunidad, funcionarios y autoridades el\u00a0director del Servicio de Salud Ays\u00e9n, Juan Pablo Bravo Quintana, [&hellip;]<\/p>\n","protected":false},"author":2,"featured_media":4958,"comment_status":"open","ping_status":"open","sticky":false,"template":"","format":"standard","meta":{"_eb_attr":"","site-sidebar-layout":"default","site-content-layout":"","ast-site-content-layout":"default","site-content-style":"default","site-sidebar-style":"default","ast-global-header-display":"","ast-banner-title-visibility":"","ast-main-header-display":"","ast-hfb-above-header-display":"","ast-hfb-below-header-display":"","ast-hfb-mobile-header-display":"","site-post-title":"","ast-breadcrumbs-content":"","ast-featured-img":"disabled","footer-sml-layout":"","theme-transparent-header-meta":"","adv-header-id-meta":"","stick-header-meta":"","header-above-stick-meta":"","header-main-stick-meta":"","header-below-stick-meta":"","astra-migrate-meta-layouts":"default","ast-page-background-enabled":"default","ast-page-background-meta":{"desktop":{"background-color":"var(--ast-global-color-4)","background-image":"","background-repeat":"repeat","background-position":"center center","background-size":"auto","background-attachment":"scroll","background-type":"","background-media":"","overlay-type":"","overlay-color":"","overlay-opacity":"","overlay-gradient":""},"tablet":{"background-color":"","background-image":"","background-repeat":"repeat","background-position":"center center","background-size":"auto","background-attachment":"scroll","background-type":"","background-media":"","overlay-type":"","overlay-color":"","overlay-opacity":"","overlay-gradient":""},"mobile":{"background-color":"","background-image":"","background-repeat":"repeat","background-position":"center center","background-size":"auto","background-attachment":"scroll","background-type":"","background-media":"","overlay-type":"","overlay-color":"","overlay-opacity":"","overlay-gradient":""}},"ast-content-background-meta":{"desktop":{"background-color":"var(--ast-global-color-5)","background-image":"","background-repeat":"repeat","background-position":"center center","background-size":"auto","background-attachment":"scroll","background-type":"","background-media":"","overlay-type":"","overlay-color":"","overlay-opacity":"","overlay-gradient":""},"tablet":{"background-color":"var(--ast-global-color-5)","background-image":"","background-repeat":"repeat","background-position":"center center","background-size":"auto","background-attachment":"scroll","background-type":"","background-media":"","overlay-type":"","overlay-color":"","overlay-opacity":"","overlay-gradient":""},"mobile":{"background-color":"var(--ast-global-color-5)","background-image":"","background-repeat":"repeat","background-position":"center center","background-size":"auto","background-attachment":"scroll","background-type":"","background-media":"","overlay-type":"","overlay-color":"","overlay-opacity":"","overlay-gradient":""}},"footnotes":""},"categories":[11,1,12],"tags":[73,29,27,62,59,28],"class_list":["post-4955","post","type-post","status-publish","format-standard","has-post-thumbnail","hentry","category-general","category-noticias","category-uncategorized","tag-cochrane","tag-coyhaique","tag-postasdesalud","tag-red-asistencial-aysen","tag-servicio-de-salud-aysen","tag-serviciodesalud"],"_links":{"self":[{"href":"https:\/\/www.serviciosaludaysen.cl\/index.php\/wp-json\/wp\/v2\/posts\/4955","targetHints":{"allow":["GET"]}}],"collection":[{"href":"https:\/\/www.serviciosaludaysen.cl\/index.php\/wp-json\/wp\/v2\/posts"}],"about":[{"href":"https:\/\/www.serviciosaludaysen.cl\/index.php\/wp-json\/wp\/v2\/types\/post"}],"author":[{"embeddable":true,"href":"https:\/\/www.serviciosaludaysen.cl\/index.php\/wp-json\/wp\/v2\/users\/2"}],"replies":[{"embeddable":true,"href":"https:\/\/www.serviciosaludaysen.cl\/index.php\/wp-json\/wp\/v2\/comments?post=4955"}],"version-history":[{"count":4,"href":"https:\/\/www.serviciosaludaysen.cl\/index.php\/wp-json\/wp\/v2\/posts\/4955\/revisions"}],"predecessor-version":[{"id":4969,"href":"https:\/\/www.serviciosaludaysen.cl\/index.php\/wp-json\/wp\/v2\/posts\/4955\/revisions\/4969"}],"wp:featuredmedia":[{"embeddable":true,"href":"https:\/\/www.serviciosaludaysen.cl\/index.php\/wp-json\/wp\/v2\/media\/4958"}],"wp:attachment":[{"href":"https:\/\/www.serviciosaludaysen.cl\/index.php\/wp-json\/wp\/v2\/media?parent=4955"}],"wp:term":[{"taxonomy":"category","embeddable":true,"href":"https:\/\/www.serviciosaludaysen.cl\/index.php\/wp-json\/wp\/v2\/categories?post=4955"},{"taxonomy":"post_tag","embeddable":true,"href":"https:\/\/www.serviciosaludaysen.cl\/index.php\/wp-json\/wp\/v2\/tags?post=4955"}],"curies":[{"name":"wp","href":"https:\/\/api.w.org\/{rel}","templated":true}]}}