{"id":4877,"date":"2025-07-29T12:31:45","date_gmt":"2025-07-29T15:31:45","guid":{"rendered":"https:\/\/www.serviciosaludaysen.cl\/?p=4877"},"modified":"2025-07-29T12:32:51","modified_gmt":"2025-07-29T15:32:51","slug":"sala-forense-basica-en-cochrane-sera-una-realidad-proyecta-su-puesta-en-marcha-durante-el-2025","status":"publish","type":"post","link":"https:\/\/www.serviciosaludaysen.cl\/index.php\/2025\/07\/29\/sala-forense-basica-en-cochrane-sera-una-realidad-proyecta-su-puesta-en-marcha-durante-el-2025\/","title":{"rendered":"Sala forense b\u00e1sica en Cochrane ser\u00e1 una realidad: proyecta su puesta en marcha durante el 2025"},"content":{"rendered":"\t\t<div data-elementor-type=\"wp-post\" data-elementor-id=\"4877\" class=\"elementor elementor-4877\">\n\t\t\t\t<div class=\"elementor-element elementor-element-5c5dd9f e-flex e-con-boxed e-con e-parent\" data-id=\"5c5dd9f\" data-element_type=\"container\">\n\t\t\t\t\t<div class=\"e-con-inner\">\n\t\t\t\t<div class=\"elementor-element elementor-element-a43f0f6 elementor-arrows-position-inside elementor-pagination-position-outside elementor-widget elementor-widget-image-carousel\" data-id=\"a43f0f6\" data-element_type=\"widget\" data-settings=\"{&quot;slides_to_show&quot;:&quot;1&quot;,&quot;navigation&quot;:&quot;both&quot;,&quot;autoplay&quot;:&quot;yes&quot;,&quot;pause_on_hover&quot;:&quot;yes&quot;,&quot;pause_on_interaction&quot;:&quot;yes&quot;,&quot;autoplay_speed&quot;:5000,&quot;infinite&quot;:&quot;yes&quot;,&quot;effect&quot;:&quot;slide&quot;,&quot;speed&quot;:500}\" data-widget_type=\"image-carousel.default\">\n\t\t\t\t<div class=\"elementor-widget-container\">\n\t\t\t\t\t\t\t<div class=\"elementor-image-carousel-wrapper swiper\" role=\"region\" aria-roledescription=\"carousel\" aria-label=\"Carrusel de im\u00e1genes\" dir=\"ltr\">\n\t\t\t<div class=\"elementor-image-carousel swiper-wrapper\" aria-live=\"off\">\n\t\t\t\t\t\t\t\t<div class=\"swiper-slide\" role=\"group\" aria-roledescription=\"slide\" aria-label=\"1 de 4\"><figure class=\"swiper-slide-inner\"><img decoding=\"async\" class=\"swiper-slide-image\" src=\"https:\/\/www.serviciosaludaysen.cl\/wp-content\/uploads\/2025\/07\/FOTO-SALA-FORENSE-COCHRANE-1-1024x577.jpeg\" alt=\"FOTO SALA FORENSE COCHRANE (1)\" \/><\/figure><\/div><div class=\"swiper-slide\" role=\"group\" aria-roledescription=\"slide\" aria-label=\"2 de 4\"><figure class=\"swiper-slide-inner\"><img decoding=\"async\" class=\"swiper-slide-image\" src=\"https:\/\/www.serviciosaludaysen.cl\/wp-content\/uploads\/2025\/07\/FOTO-SALA-FORENSE-COCHRANE-4-1-1024x577.jpeg\" alt=\"FOTO SALA FORENSE COCHRANE 4 (1)\" \/><\/figure><\/div><div class=\"swiper-slide\" role=\"group\" aria-roledescription=\"slide\" aria-label=\"3 de 4\"><figure class=\"swiper-slide-inner\"><img decoding=\"async\" class=\"swiper-slide-image\" src=\"https:\/\/www.serviciosaludaysen.cl\/wp-content\/uploads\/2025\/07\/FOTO-SALA-FORENSE-COCHRANE-1-1-1024x577.jpeg\" alt=\"FOTO SALA FORENSE COCHRANE 1 (1)\" \/><\/figure><\/div><div class=\"swiper-slide\" role=\"group\" aria-roledescription=\"slide\" aria-label=\"4 de 4\"><figure class=\"swiper-slide-inner\"><img decoding=\"async\" class=\"swiper-slide-image\" src=\"https:\/\/www.serviciosaludaysen.cl\/wp-content\/uploads\/2025\/07\/FOTO-SALA-FORENSE-COCHRANE-2-1-1024x577.jpeg\" alt=\"FOTO SALA FORENSE COCHRANE\" \/><\/figure><\/div>\t\t\t<\/div>\n\t\t\t\t\t\t\t\t\t\t\t\t<div class=\"elementor-swiper-button elementor-swiper-button-prev\" role=\"button\" tabindex=\"0\">\n\t\t\t\t\t\t<svg aria-hidden=\"true\" class=\"e-font-icon-svg e-eicon-chevron-left\" viewBox=\"0 0 1000 1000\" xmlns=\"http:\/\/www.w3.org\/2000\/svg\"><path d=\"M646 125C629 125 613 133 604 142L308 442C296 454 292 471 292 487 292 504 296 521 308 533L604 854C617 867 629 875 646 875 663 875 679 871 692 858 704 846 713 829 713 812 713 796 708 779 692 767L438 487 692 225C700 217 708 204 708 187 708 171 704 154 692 142 675 129 663 125 646 125Z\"><\/path><\/svg>\t\t\t\t\t<\/div>\n\t\t\t\t\t<div class=\"elementor-swiper-button elementor-swiper-button-next\" role=\"button\" tabindex=\"0\">\n\t\t\t\t\t\t<svg aria-hidden=\"true\" class=\"e-font-icon-svg e-eicon-chevron-right\" viewBox=\"0 0 1000 1000\" xmlns=\"http:\/\/www.w3.org\/2000\/svg\"><path d=\"M696 533C708 521 713 504 713 487 713 471 708 454 696 446L400 146C388 133 375 125 354 125 338 125 325 129 313 142 300 154 292 171 292 187 292 204 296 221 308 233L563 492 304 771C292 783 288 800 288 817 288 833 296 850 308 863 321 871 338 875 354 875 371 875 388 867 400 854L696 533Z\"><\/path><\/svg>\t\t\t\t\t<\/div>\n\t\t\t\t\n\t\t\t\t\t\t\t\t\t<div class=\"swiper-pagination\"><\/div>\n\t\t\t\t\t\t\t\t\t<\/div>\n\t\t\t\t\t\t<\/div>\n\t\t\t\t<\/div>\n\t\t\t\t\t<\/div>\n\t\t\t\t<\/div>\n\t\t<div class=\"elementor-element elementor-element-4ffdc2b e-flex e-con-boxed e-con e-parent\" data-id=\"4ffdc2b\" data-element_type=\"container\">\n\t\t\t\t\t<div class=\"e-con-inner\">\n\t\t\t\t<div class=\"elementor-element elementor-element-9ee516b elementor-widget elementor-widget-text-editor\" data-id=\"9ee516b\" data-element_type=\"widget\" data-widget_type=\"text-editor.default\">\n\t\t\t\t<div class=\"elementor-widget-container\">\n\t\t\t\t\t\t\t\t\t<p style=\"font-weight: 400;\">Con obras ya adjudicadas por el Servicio de Salud Ays\u00e9n y el compromiso de financiamiento del equipamiento por parte del Gobierno Regional, el proyecto para habilitar una sala forense b\u00e1sica en el Hospital de Cochrane avanza de forma concreta y sostenida, con miras a su implementaci\u00f3n durante el segundo semestre de 2025.<\/p><p style=\"font-weight: 400;\">Esta unidad, largamente anhelada por la comunidad, permitir\u00e1 realizar peritajes m\u00e9dicos legales sin necesidad de trasladar los cuerpos a Coyhaique, lo que representa un alivio para las familias de Cochrane, Villa O\u2019Higgins, Caleta Tortel y otras localidades del territorio sur, quienes han debido enfrentar largos desplazamientos en momentos de profundo dolor.<\/p><p style=\"font-weight: 400;\">Durante una visita inspectiva, autoridades regionales y comunales destacaron el significado de este hito.<\/p><p style=\"font-weight: 400;\">\u201cEl Servicio M\u00e9dico Legal est\u00e1 presentando el proyecto al Gobierno Regional y su Consejo, donde ya est\u00e1 comprometido el apoyo para poder financiar todo lo que es el equipamiento, el instrumental que es necesario para tener una unidad b\u00e1sica forense. Y esperamos, antes que termine este a\u00f1o, poder ya inaugurar esta dependencia\u201d, se\u00f1al\u00f3 Samuel Navarro Castro, Seremi de Justicia y Derechos Humanos Ays\u00e9n.<\/p><p style=\"font-weight: 400;\">Uno de los puntos clave para la puesta en marcha ser\u00e1 el protocolo de funcionamiento, que se est\u00e1 trabajando en conjunto con el Servicio M\u00e9dico Legal de Coyhaique, considerando los tiempos de respuesta y particularidades de cada caso. Esto permitir\u00e1 un manejo t\u00e9cnico, respetuoso y oportuno en situaciones que impliquen fallecimientos.<\/p><p style=\"font-weight: 400;\">\u201cEs una gran satisfacci\u00f3n poder haber logrado este proyecto que llevaba a\u00f1os esperando. Poder habilitar esta sala, esta unidad forense, es una necesidad sentida por la comunidad de todo el territorio. No tan solo de Cochrane, sino que tambi\u00e9n de Tortel, de Villa O\u2019Higgins, de todo el territorio sur\u201d manifest\u00f3 Miriam Navarrete Novoa, directora del hospital de Cochrane.<\/p><p style=\"font-weight: 400;\">Por su parte, Patricio Ulloa Georgia, alcalde de Cochrane destac\u00f3 que \u201choy d\u00eda se ha avanzado fuertemente en este tema. Est\u00e1n las obras ya contratadas y esperamos que a partir del mes de octubre este proyecto se pueda inaugurar y ya sea una realidad\u201d, se\u00f1al\u00f3 el alcalde.<\/p><p style=\"font-weight: 400;\">La delegada presidencial Provincial de Capit\u00e1n Prat, Marta Montiel tambi\u00e9n valor\u00f3 el impacto del proyecto, manifestando que \u201cla Provincia Capit\u00e1n Prat tambi\u00e9n abarca la parte sur de la provincia General Carrera. Tenemos un amplio territorio de familias que, en alg\u00fan minuto, pudiesen requerir de este procedimiento. Y que el procedimiento, en un momento de angustia, de p\u00e9rdida de un familiar, sea en el menor tiempo posible\u201d concluy\u00f3 la delegada.\u00a0<\/p>\t\t\t\t\t\t\t\t<\/div>\n\t\t\t\t<\/div>\n\t\t\t\t\t<\/div>\n\t\t\t\t<\/div>\n\t\t\t\t<\/div>\n\t\t","protected":false},"excerpt":{"rendered":"<p>Con obras ya adjudicadas por el Servicio de Salud Ays\u00e9n y el compromiso de financiamiento del equipamiento por parte del [&hellip;]<\/p>\n","protected":false},"author":2,"featured_media":4879,"comment_status":"open","ping_status":"open","sticky":false,"template":"","format":"standard","meta":{"_eb_attr":"","site-sidebar-layout":"default","site-content-layout":"","ast-site-content-layout":"default","site-content-style":"default","site-sidebar-style":"default","ast-global-header-display":"","ast-banner-title-visibility":"","ast-main-header-display":"","ast-hfb-above-header-display":"","ast-hfb-below-header-display":"","ast-hfb-mobile-header-display":"","site-post-title":"","ast-breadcrumbs-content":"","ast-featured-img":"disabled","footer-sml-layout":"","theme-transparent-header-meta":"","adv-header-id-meta":"","stick-header-meta":"","header-above-stick-meta":"","header-main-stick-meta":"","header-below-stick-meta":"","astra-migrate-meta-layouts":"default","ast-page-background-enabled":"default","ast-page-background-meta":{"desktop":{"background-color":"var(--ast-global-color-4)","background-image":"","background-repeat":"repeat","background-position":"center center","background-size":"auto","background-attachment":"scroll","background-type":"","background-media":"","overlay-type":"","overlay-color":"","overlay-opacity":"","overlay-gradient":""},"tablet":{"background-color":"","background-image":"","background-repeat":"repeat","background-position":"center center","background-size":"auto","background-attachment":"scroll","background-type":"","background-media":"","overlay-type":"","overlay-color":"","overlay-opacity":"","overlay-gradient":""},"mobile":{"background-color":"","background-image":"","background-repeat":"repeat","background-position":"center center","background-size":"auto","background-attachment":"scroll","background-type":"","background-media":"","overlay-type":"","overlay-color":"","overlay-opacity":"","overlay-gradient":""}},"ast-content-background-meta":{"desktop":{"background-color":"var(--ast-global-color-5)","background-image":"","background-repeat":"repeat","background-position":"center center","background-size":"auto","background-attachment":"scroll","background-type":"","background-media":"","overlay-type":"","overlay-color":"","overlay-opacity":"","overlay-gradient":""},"tablet":{"background-color":"var(--ast-global-color-5)","background-image":"","background-repeat":"repeat","background-position":"center center","background-size":"auto","background-attachment":"scroll","background-type":"","background-media":"","overlay-type":"","overlay-color":"","overlay-opacity":"","overlay-gradient":""},"mobile":{"background-color":"var(--ast-global-color-5)","background-image":"","background-repeat":"repeat","background-position":"center center","background-size":"auto","background-attachment":"scroll","background-type":"","background-media":"","overlay-type":"","overlay-color":"","overlay-opacity":"","overlay-gradient":""}},"footnotes":""},"categories":[1],"tags":[80,73,29,62,79,28],"class_list":["post-4877","post","type-post","status-publish","format-standard","has-post-thumbnail","hentry","category-noticias","tag-aysen-2","tag-cochrane","tag-coyhaique","tag-red-asistencial-aysen","tag-salaforense","tag-serviciodesalud"],"_links":{"self":[{"href":"https:\/\/www.serviciosaludaysen.cl\/index.php\/wp-json\/wp\/v2\/posts\/4877","targetHints":{"allow":["GET"]}}],"collection":[{"href":"https:\/\/www.serviciosaludaysen.cl\/index.php\/wp-json\/wp\/v2\/posts"}],"about":[{"href":"https:\/\/www.serviciosaludaysen.cl\/index.php\/wp-json\/wp\/v2\/types\/post"}],"author":[{"embeddable":true,"href":"https:\/\/www.serviciosaludaysen.cl\/index.php\/wp-json\/wp\/v2\/users\/2"}],"replies":[{"embeddable":true,"href":"https:\/\/www.serviciosaludaysen.cl\/index.php\/wp-json\/wp\/v2\/comments?post=4877"}],"version-history":[{"count":5,"href":"https:\/\/www.serviciosaludaysen.cl\/index.php\/wp-json\/wp\/v2\/posts\/4877\/revisions"}],"predecessor-version":[{"id":4934,"href":"https:\/\/www.serviciosaludaysen.cl\/index.php\/wp-json\/wp\/v2\/posts\/4877\/revisions\/4934"}],"wp:featuredmedia":[{"embeddable":true,"href":"https:\/\/www.serviciosaludaysen.cl\/index.php\/wp-json\/wp\/v2\/media\/4879"}],"wp:attachment":[{"href":"https:\/\/www.serviciosaludaysen.cl\/index.php\/wp-json\/wp\/v2\/media?parent=4877"}],"wp:term":[{"taxonomy":"category","embeddable":true,"href":"https:\/\/www.serviciosaludaysen.cl\/index.php\/wp-json\/wp\/v2\/categories?post=4877"},{"taxonomy":"post_tag","embeddable":true,"href":"https:\/\/www.serviciosaludaysen.cl\/index.php\/wp-json\/wp\/v2\/tags?post=4877"}],"curies":[{"name":"wp","href":"https:\/\/api.w.org\/{rel}","templated":true}]}}