{"id":4867,"date":"2025-07-29T12:36:36","date_gmt":"2025-07-29T15:36:36","guid":{"rendered":"https:\/\/www.serviciosaludaysen.cl\/?p=4867"},"modified":"2025-07-29T13:25:03","modified_gmt":"2025-07-29T16:25:03","slug":"asume-nueva-directiva-del-consejo-consultivo-de-salud-del-hospital-de-puerto-aysen","status":"publish","type":"post","link":"https:\/\/www.serviciosaludaysen.cl\/index.php\/2025\/07\/29\/asume-nueva-directiva-del-consejo-consultivo-de-salud-del-hospital-de-puerto-aysen\/","title":{"rendered":"Asume nueva directiva del Consejo Consultivo de Salud del Hospital de Puerto Ays\u00e9n"},"content":{"rendered":"\t\t<div data-elementor-type=\"wp-post\" data-elementor-id=\"4867\" class=\"elementor elementor-4867\">\n\t\t\t\t<div class=\"elementor-element elementor-element-4986ef2 e-flex e-con-boxed e-con e-parent\" data-id=\"4986ef2\" data-element_type=\"container\">\n\t\t\t\t\t<div class=\"e-con-inner\">\n\t\t\t\t<div class=\"elementor-element elementor-element-14f082a elementor-arrows-position-inside elementor-pagination-position-outside elementor-widget elementor-widget-image-carousel\" data-id=\"14f082a\" data-element_type=\"widget\" data-settings=\"{&quot;slides_to_show&quot;:&quot;1&quot;,&quot;navigation&quot;:&quot;both&quot;,&quot;autoplay&quot;:&quot;yes&quot;,&quot;pause_on_hover&quot;:&quot;yes&quot;,&quot;pause_on_interaction&quot;:&quot;yes&quot;,&quot;autoplay_speed&quot;:5000,&quot;infinite&quot;:&quot;yes&quot;,&quot;effect&quot;:&quot;slide&quot;,&quot;speed&quot;:500}\" data-widget_type=\"image-carousel.default\">\n\t\t\t\t<div class=\"elementor-widget-container\">\n\t\t\t\t\t\t\t<div class=\"elementor-image-carousel-wrapper swiper\" role=\"region\" aria-roledescription=\"carousel\" aria-label=\"Carrusel de im\u00e1genes\" dir=\"ltr\">\n\t\t\t<div class=\"elementor-image-carousel swiper-wrapper\" aria-live=\"off\">\n\t\t\t\t\t\t\t\t<div class=\"swiper-slide\" role=\"group\" aria-roledescription=\"slide\" aria-label=\"1 de 7\"><figure class=\"swiper-slide-inner\"><img decoding=\"async\" class=\"swiper-slide-image\" src=\"https:\/\/www.serviciosaludaysen.cl\/wp-content\/uploads\/2025\/07\/PRESENTACION-CONSEJO-SALUD-032-1024x683.jpg\" alt=\"Asume nueva directiva del Consejo Consultivo de Salud del Hospital de Puerto Ays\u00e9n\" \/><\/figure><\/div><div class=\"swiper-slide\" role=\"group\" aria-roledescription=\"slide\" aria-label=\"2 de 7\"><figure class=\"swiper-slide-inner\"><img decoding=\"async\" class=\"swiper-slide-image\" src=\"https:\/\/www.serviciosaludaysen.cl\/wp-content\/uploads\/2025\/07\/PRESENTACION-CONSEJO-SALUD-027-1024x683.jpg\" alt=\"PRESENTACION CONSEJO SALUD 027\" \/><\/figure><\/div><div class=\"swiper-slide\" role=\"group\" aria-roledescription=\"slide\" aria-label=\"3 de 7\"><figure class=\"swiper-slide-inner\"><img decoding=\"async\" class=\"swiper-slide-image\" src=\"https:\/\/www.serviciosaludaysen.cl\/wp-content\/uploads\/2025\/07\/PRESENTACION-CONSEJO-SALUD-009-1024x682.jpg\" alt=\"PRESENTACION CONSEJO SALUD 009\" \/><\/figure><\/div><div class=\"swiper-slide\" role=\"group\" aria-roledescription=\"slide\" aria-label=\"4 de 7\"><figure class=\"swiper-slide-inner\"><img decoding=\"async\" class=\"swiper-slide-image\" src=\"https:\/\/www.serviciosaludaysen.cl\/wp-content\/uploads\/2025\/07\/PRESENTACION-CONSEJO-SALUD-031-1024x683.jpg\" alt=\"Consejo Consultivo de Salud del Hospital de Puerto Ays\u00e9n\" \/><\/figure><\/div><div class=\"swiper-slide\" role=\"group\" aria-roledescription=\"slide\" aria-label=\"5 de 7\"><figure class=\"swiper-slide-inner\"><img decoding=\"async\" class=\"swiper-slide-image\" src=\"https:\/\/www.serviciosaludaysen.cl\/wp-content\/uploads\/2025\/07\/PRESENTACION-CONSEJO-SALUD-002-1024x683.jpg\" alt=\"PRESENTACION CONSEJO SALUD 002\" \/><\/figure><\/div><div class=\"swiper-slide\" role=\"group\" aria-roledescription=\"slide\" aria-label=\"6 de 7\"><figure class=\"swiper-slide-inner\"><img decoding=\"async\" class=\"swiper-slide-image\" src=\"https:\/\/www.serviciosaludaysen.cl\/wp-content\/uploads\/2025\/07\/PRESENTACION-CONSEJO-SALUD-012-1024x683.jpg\" alt=\"PRESENTACION CONSEJO SALUD 012\" \/><\/figure><\/div><div class=\"swiper-slide\" role=\"group\" aria-roledescription=\"slide\" aria-label=\"7 de 7\"><figure class=\"swiper-slide-inner\"><img decoding=\"async\" class=\"swiper-slide-image\" src=\"https:\/\/www.serviciosaludaysen.cl\/wp-content\/uploads\/2025\/07\/PRESENTACION-CONSEJO-SALUD-026-1024x683.jpg\" alt=\"PRESENTACION CONSEJO SALUD 026\" \/><\/figure><\/div>\t\t\t<\/div>\n\t\t\t\t\t\t\t\t\t\t\t\t<div class=\"elementor-swiper-button elementor-swiper-button-prev\" role=\"button\" tabindex=\"0\">\n\t\t\t\t\t\t<svg aria-hidden=\"true\" class=\"e-font-icon-svg e-eicon-chevron-left\" viewBox=\"0 0 1000 1000\" xmlns=\"http:\/\/www.w3.org\/2000\/svg\"><path d=\"M646 125C629 125 613 133 604 142L308 442C296 454 292 471 292 487 292 504 296 521 308 533L604 854C617 867 629 875 646 875 663 875 679 871 692 858 704 846 713 829 713 812 713 796 708 779 692 767L438 487 692 225C700 217 708 204 708 187 708 171 704 154 692 142 675 129 663 125 646 125Z\"><\/path><\/svg>\t\t\t\t\t<\/div>\n\t\t\t\t\t<div class=\"elementor-swiper-button elementor-swiper-button-next\" role=\"button\" tabindex=\"0\">\n\t\t\t\t\t\t<svg aria-hidden=\"true\" class=\"e-font-icon-svg e-eicon-chevron-right\" viewBox=\"0 0 1000 1000\" xmlns=\"http:\/\/www.w3.org\/2000\/svg\"><path d=\"M696 533C708 521 713 504 713 487 713 471 708 454 696 446L400 146C388 133 375 125 354 125 338 125 325 129 313 142 300 154 292 171 292 187 292 204 296 221 308 233L563 492 304 771C292 783 288 800 288 817 288 833 296 850 308 863 321 871 338 875 354 875 371 875 388 867 400 854L696 533Z\"><\/path><\/svg>\t\t\t\t\t<\/div>\n\t\t\t\t\n\t\t\t\t\t\t\t\t\t<div class=\"swiper-pagination\"><\/div>\n\t\t\t\t\t\t\t\t\t<\/div>\n\t\t\t\t\t\t<\/div>\n\t\t\t\t<\/div>\n\t\t\t\t\t<\/div>\n\t\t\t\t<\/div>\n\t\t<div class=\"elementor-element elementor-element-5e4a14d e-flex e-con-boxed e-con e-parent\" data-id=\"5e4a14d\" data-element_type=\"container\">\n\t\t\t\t\t<div class=\"e-con-inner\">\n\t\t\t\t<div class=\"elementor-element elementor-element-7c5d0e6 elementor-widget elementor-widget-text-editor\" data-id=\"7c5d0e6\" data-element_type=\"widget\" data-widget_type=\"text-editor.default\">\n\t\t\t\t<div class=\"elementor-widget-container\">\n\t\t\t\t\t\t\t\t\t<ul><li style=\"font-weight: 400;\"><strong><em>Representantes de organizaciones comunitarias asumieron sus cargos para el periodo 2025-2028 en una ceremonia que destac\u00f3 el compromiso con una salud m\u00e1s equitativa, resolutiva y participaci\u00f3n en di\u00e1logo con la red asistencial.<\/em><\/strong><\/li><\/ul><p style=\"font-weight: 400;\">Con el objetivo de fortalecer el v\u00ednculo entre la comunidad, el Servicio de Salud Ays\u00e9n y sus distintos dispositivos, cerca de una veintena de organizaciones sociales participaron en la ceremonia donde se oficializ\u00f3 la nueva directiva del Consejo Consultivo del Hospital de Puerto Ays\u00e9n.<\/p><p style=\"font-weight: 400;\">La nueva mesa qued\u00f3 conformada por la se\u00f1ora Ximena Ruiz Reimapo como presidenta, Ingrid Becker Cordano, vicepresidenta, Rosa Ch\u00e1vez Nitor, secretaria de acta y \u00c1ngel Maldonado C\u00e1novas, quien asumi\u00f3 el rol de delegado.<\/p><p style=\"font-weight: 400;\">\u201cMi apreciaci\u00f3n con este nuevo trabajo es tomarlo con harta responsabilidad nuevamente. Hay hartas cosas pendientes todav\u00eda, y hay que avanzar en el trabajo colaborativo. Hay que retomar las confianzas con la comunidad, que es muy importante para el Consejo: poder acercar la salud a los territorios y, sobre todo, a nuestra comuna, a nuestras juntas de vecinos. Desde la direcci\u00f3n del Hospital poder sacarlo a las poblaciones, hacer de esta salud m\u00e1s comunitaria, donde la gente se sienta acogida, y sienta confianza en su hospital\u201d, se\u00f1al\u00f3 Ximena Ruiz Reimapo, presidenta del Consejo Consultivo del Hospital de Puerto Ays\u00e9n.<\/p><p style=\"font-weight: 400;\">La ceremonia fue encabezada por el director del Hospital de Puerto Ays\u00e9n, Hern\u00e1n Barrientos, quien ratific\u00f3 oficialmente los resultados de la elecci\u00f3n y relev\u00f3 el rol activo de la comunidad en la construcci\u00f3n de una salud m\u00e1s cercana y resolutiva.<\/p><p style=\"font-weight: 400;\">\u201cTodos los compromisos que nosotros hacemos como directivos y como equipo de salud, muchas veces es a trav\u00e9s de este nexo y esta colaboraci\u00f3n que uno hace con la comunidad. Entonces, el rol que cumple el Consejo Consultivo en este proceso es fundamental. As\u00ed que esperamos que, de aqu\u00ed en adelante, podamos trabajar colaborativamente, con respeto mutuo, conociendo las necesidades directas de las organizaciones sociales que van a estar representadas y de esa forma tambi\u00e9n tomar decisiones informadas para poder entregar una mejor salud a la gente de Ays\u00e9n\u201d, indic\u00f3 el director.<\/p><p style=\"font-weight: 400;\">El proceso eleccionario fue coordinado por un Tribunal Calificador de Elecciones (TRICEL), cuya labor fue reconocida por su transparencia y rigurosidad.<\/p><p style=\"font-weight: 400;\">\u201cHubo un TRICEL que trabaj\u00f3 igual muy bueno, las chicas ac\u00e1 de OIRS, y se dio esta directiva que fue elegida la semana pasada. Y nosotros como consejo estamos llanos a trabajar en todo lo que es para mejorar, para aportar en equipo con el director y ver todas esas necesidades que son m\u00e1s prioritarias\u201d, expres\u00f3 Rosa S\u00e1nchez, secretaria de acta del nuevo consejo.<\/p><p style=\"font-weight: 400;\">Cabe mencionar que, espacios como este Consejo Consultivo permiten no solo escuchar a la comunidad, sino tambi\u00e9n integrar su mirada en decisiones que impactan directamente en el desarrollo de la red asistencial y en el fortalecimiento de la salud p\u00fablica con enfoque territorial.<\/p><p style=\"font-weight: 400;\">\u201cDesearles todo el \u00e9xito y estamos llanos a trabajar en equipo, que es lo que interesa, con la finalidad de poder buscar el mejor beneficio para la comunidad\u201d, agreg\u00f3 la concejala Tatiana Villarroel.<\/p><p style=\"font-weight: 400;\">Desde el Hospital de Puerto Ays\u00e9n, junto al Servicio de Salud Ays\u00e9n, se reiter\u00f3 que la participaci\u00f3n social es un eje central de la gesti\u00f3n sanitaria, y que los consejos de la sociedad civil son instrumentos leg\u00edtimos y necesarios para recoger las necesidades reales de cada comunidad.<\/p>\t\t\t\t\t\t\t\t<\/div>\n\t\t\t\t<\/div>\n\t\t\t\t\t<\/div>\n\t\t\t\t<\/div>\n\t\t\t\t<\/div>\n\t\t","protected":false},"excerpt":{"rendered":"<p>Representantes de organizaciones comunitarias asumieron sus cargos para el periodo 2025-2028 en una ceremonia que destac\u00f3 el compromiso con una [&hellip;]<\/p>\n","protected":false},"author":2,"featured_media":4871,"comment_status":"open","ping_status":"open","sticky":false,"template":"","format":"standard","meta":{"_eb_attr":"","site-sidebar-layout":"default","site-content-layout":"","ast-site-content-layout":"default","site-content-style":"default","site-sidebar-style":"default","ast-global-header-display":"","ast-banner-title-visibility":"","ast-main-header-display":"","ast-hfb-above-header-display":"","ast-hfb-below-header-display":"","ast-hfb-mobile-header-display":"","site-post-title":"","ast-breadcrumbs-content":"","ast-featured-img":"disabled","footer-sml-layout":"","theme-transparent-header-meta":"","adv-header-id-meta":"","stick-header-meta":"","header-above-stick-meta":"","header-main-stick-meta":"","header-below-stick-meta":"","astra-migrate-meta-layouts":"default","ast-page-background-enabled":"default","ast-page-background-meta":{"desktop":{"background-color":"var(--ast-global-color-4)","background-image":"","background-repeat":"repeat","background-position":"center center","background-size":"auto","background-attachment":"scroll","background-type":"","background-media":"","overlay-type":"","overlay-color":"","overlay-opacity":"","overlay-gradient":""},"tablet":{"background-color":"","background-image":"","background-repeat":"repeat","background-position":"center center","background-size":"auto","background-attachment":"scroll","background-type":"","background-media":"","overlay-type":"","overlay-color":"","overlay-opacity":"","overlay-gradient":""},"mobile":{"background-color":"","background-image":"","background-repeat":"repeat","background-position":"center center","background-size":"auto","background-attachment":"scroll","background-type":"","background-media":"","overlay-type":"","overlay-color":"","overlay-opacity":"","overlay-gradient":""}},"ast-content-background-meta":{"desktop":{"background-color":"var(--ast-global-color-5)","background-image":"","background-repeat":"repeat","background-position":"center center","background-size":"auto","background-attachment":"scroll","background-type":"","background-media":"","overlay-type":"","overlay-color":"","overlay-opacity":"","overlay-gradient":""},"tablet":{"background-color":"var(--ast-global-color-5)","background-image":"","background-repeat":"repeat","background-position":"center center","background-size":"auto","background-attachment":"scroll","background-type":"","background-media":"","overlay-type":"","overlay-color":"","overlay-opacity":"","overlay-gradient":""},"mobile":{"background-color":"var(--ast-global-color-5)","background-image":"","background-repeat":"repeat","background-position":"center center","background-size":"auto","background-attachment":"scroll","background-type":"","background-media":"","overlay-type":"","overlay-color":"","overlay-opacity":"","overlay-gradient":""}},"footnotes":""},"categories":[1],"tags":[80,85,86,29,25,81,84,28,82],"class_list":["post-4867","post","type-post","status-publish","format-standard","has-post-thumbnail","hentry","category-noticias","tag-aysen-2","tag-comunidad","tag-consejo-consultivo-de-salud","tag-coyhaique","tag-hospital-puerto-aysen","tag-participacion","tag-saludaysen-2","tag-serviciodesalud","tag-social"],"_links":{"self":[{"href":"https:\/\/www.serviciosaludaysen.cl\/index.php\/wp-json\/wp\/v2\/posts\/4867","targetHints":{"allow":["GET"]}}],"collection":[{"href":"https:\/\/www.serviciosaludaysen.cl\/index.php\/wp-json\/wp\/v2\/posts"}],"about":[{"href":"https:\/\/www.serviciosaludaysen.cl\/index.php\/wp-json\/wp\/v2\/types\/post"}],"author":[{"embeddable":true,"href":"https:\/\/www.serviciosaludaysen.cl\/index.php\/wp-json\/wp\/v2\/users\/2"}],"replies":[{"embeddable":true,"href":"https:\/\/www.serviciosaludaysen.cl\/index.php\/wp-json\/wp\/v2\/comments?post=4867"}],"version-history":[{"count":4,"href":"https:\/\/www.serviciosaludaysen.cl\/index.php\/wp-json\/wp\/v2\/posts\/4867\/revisions"}],"predecessor-version":[{"id":4932,"href":"https:\/\/www.serviciosaludaysen.cl\/index.php\/wp-json\/wp\/v2\/posts\/4867\/revisions\/4932"}],"wp:featuredmedia":[{"embeddable":true,"href":"https:\/\/www.serviciosaludaysen.cl\/index.php\/wp-json\/wp\/v2\/media\/4871"}],"wp:attachment":[{"href":"https:\/\/www.serviciosaludaysen.cl\/index.php\/wp-json\/wp\/v2\/media?parent=4867"}],"wp:term":[{"taxonomy":"category","embeddable":true,"href":"https:\/\/www.serviciosaludaysen.cl\/index.php\/wp-json\/wp\/v2\/categories?post=4867"},{"taxonomy":"post_tag","embeddable":true,"href":"https:\/\/www.serviciosaludaysen.cl\/index.php\/wp-json\/wp\/v2\/tags?post=4867"}],"curies":[{"name":"wp","href":"https:\/\/api.w.org\/{rel}","templated":true}]}}