{"id":4811,"date":"2025-06-23T17:13:13","date_gmt":"2025-06-23T20:13:13","guid":{"rendered":"https:\/\/www.serviciosaludaysen.cl\/?p=4811"},"modified":"2025-06-23T17:47:56","modified_gmt":"2025-06-23T20:47:56","slug":"ministra-de-salud-inaugura-nuevo-cosam-de-puerto-aysen","status":"publish","type":"post","link":"https:\/\/www.serviciosaludaysen.cl\/index.php\/2025\/06\/23\/ministra-de-salud-inaugura-nuevo-cosam-de-puerto-aysen\/","title":{"rendered":"Ministra de Salud inaugura nuevo COSAM de Puerto Ays\u00e9n"},"content":{"rendered":"\t\t<div data-elementor-type=\"wp-post\" data-elementor-id=\"4811\" class=\"elementor elementor-4811\">\n\t\t\t\t<div class=\"elementor-element elementor-element-0787c96 e-flex e-con-boxed e-con e-parent\" data-id=\"0787c96\" data-element_type=\"container\">\n\t\t\t\t\t<div class=\"e-con-inner\">\n\t\t\t\t<div class=\"elementor-element elementor-element-2b5ca95 elementor-arrows-position-inside elementor-pagination-position-outside elementor-widget elementor-widget-image-carousel\" data-id=\"2b5ca95\" data-element_type=\"widget\" data-settings=\"{&quot;slides_to_show&quot;:&quot;1&quot;,&quot;navigation&quot;:&quot;both&quot;,&quot;autoplay&quot;:&quot;yes&quot;,&quot;pause_on_hover&quot;:&quot;yes&quot;,&quot;pause_on_interaction&quot;:&quot;yes&quot;,&quot;autoplay_speed&quot;:5000,&quot;infinite&quot;:&quot;yes&quot;,&quot;effect&quot;:&quot;slide&quot;,&quot;speed&quot;:500}\" data-widget_type=\"image-carousel.default\">\n\t\t\t\t<div class=\"elementor-widget-container\">\n\t\t\t\t\t\t\t<div class=\"elementor-image-carousel-wrapper swiper\" role=\"region\" aria-roledescription=\"carousel\" aria-label=\"Carrusel de im\u00e1genes\" dir=\"ltr\">\n\t\t\t<div class=\"elementor-image-carousel swiper-wrapper\" aria-live=\"off\">\n\t\t\t\t\t\t\t\t<div class=\"swiper-slide\" role=\"group\" aria-roledescription=\"slide\" aria-label=\"1 de 7\"><figure class=\"swiper-slide-inner\"><img decoding=\"async\" class=\"swiper-slide-image\" src=\"https:\/\/www.serviciosaludaysen.cl\/wp-content\/uploads\/2025\/06\/COSAM-6-e1750709821846-1024x696.jpeg\" alt=\"Ministra de Salud inaugura nuevo COSAM de Puerto Ays\u00e9n\" \/><\/figure><\/div><div class=\"swiper-slide\" role=\"group\" aria-roledescription=\"slide\" aria-label=\"2 de 7\"><figure class=\"swiper-slide-inner\"><img decoding=\"async\" class=\"swiper-slide-image\" src=\"https:\/\/www.serviciosaludaysen.cl\/wp-content\/uploads\/2025\/06\/COSAM-2-1024x576.jpeg\" alt=\"COSAM 2\" \/><\/figure><\/div><div class=\"swiper-slide\" role=\"group\" aria-roledescription=\"slide\" aria-label=\"3 de 7\"><figure class=\"swiper-slide-inner\"><img decoding=\"async\" class=\"swiper-slide-image\" src=\"https:\/\/www.serviciosaludaysen.cl\/wp-content\/uploads\/2025\/06\/COSAM-3-1024x576.jpeg\" alt=\"COSAM 3\" \/><\/figure><\/div><div class=\"swiper-slide\" role=\"group\" aria-roledescription=\"slide\" aria-label=\"4 de 7\"><figure class=\"swiper-slide-inner\"><img decoding=\"async\" class=\"swiper-slide-image\" src=\"https:\/\/www.serviciosaludaysen.cl\/wp-content\/uploads\/2025\/06\/COSAM-5-1-1024x768.jpeg\" alt=\"COSAM 5 (1)\" \/><\/figure><\/div><div class=\"swiper-slide\" role=\"group\" aria-roledescription=\"slide\" aria-label=\"5 de 7\"><figure class=\"swiper-slide-inner\"><img decoding=\"async\" class=\"swiper-slide-image\" src=\"https:\/\/www.serviciosaludaysen.cl\/wp-content\/uploads\/2025\/06\/COSAM-12-1-e1750709855443-1024x748.jpeg\" alt=\"Ministra de Salud inaugura nuevo COSAM de Puerto Ays\u00e9n\" \/><\/figure><\/div><div class=\"swiper-slide\" role=\"group\" aria-roledescription=\"slide\" aria-label=\"6 de 7\"><figure class=\"swiper-slide-inner\"><img decoding=\"async\" class=\"swiper-slide-image\" src=\"https:\/\/www.serviciosaludaysen.cl\/wp-content\/uploads\/2025\/06\/HOSPITAL-9-1024x768.jpeg\" alt=\"HOSPITAL 9\" \/><\/figure><\/div><div class=\"swiper-slide\" role=\"group\" aria-roledescription=\"slide\" aria-label=\"7 de 7\"><figure class=\"swiper-slide-inner\"><img decoding=\"async\" class=\"swiper-slide-image\" src=\"https:\/\/www.serviciosaludaysen.cl\/wp-content\/uploads\/2025\/06\/HOSPITAL-10-1024x768.jpeg\" alt=\"HOSPITAL 10\" \/><\/figure><\/div>\t\t\t<\/div>\n\t\t\t\t\t\t\t\t\t\t\t\t<div class=\"elementor-swiper-button elementor-swiper-button-prev\" role=\"button\" tabindex=\"0\">\n\t\t\t\t\t\t<svg aria-hidden=\"true\" class=\"e-font-icon-svg e-eicon-chevron-left\" viewBox=\"0 0 1000 1000\" xmlns=\"http:\/\/www.w3.org\/2000\/svg\"><path d=\"M646 125C629 125 613 133 604 142L308 442C296 454 292 471 292 487 292 504 296 521 308 533L604 854C617 867 629 875 646 875 663 875 679 871 692 858 704 846 713 829 713 812 713 796 708 779 692 767L438 487 692 225C700 217 708 204 708 187 708 171 704 154 692 142 675 129 663 125 646 125Z\"><\/path><\/svg>\t\t\t\t\t<\/div>\n\t\t\t\t\t<div class=\"elementor-swiper-button elementor-swiper-button-next\" role=\"button\" tabindex=\"0\">\n\t\t\t\t\t\t<svg aria-hidden=\"true\" class=\"e-font-icon-svg e-eicon-chevron-right\" viewBox=\"0 0 1000 1000\" xmlns=\"http:\/\/www.w3.org\/2000\/svg\"><path d=\"M696 533C708 521 713 504 713 487 713 471 708 454 696 446L400 146C388 133 375 125 354 125 338 125 325 129 313 142 300 154 292 171 292 187 292 204 296 221 308 233L563 492 304 771C292 783 288 800 288 817 288 833 296 850 308 863 321 871 338 875 354 875 371 875 388 867 400 854L696 533Z\"><\/path><\/svg>\t\t\t\t\t<\/div>\n\t\t\t\t\n\t\t\t\t\t\t\t\t\t<div class=\"swiper-pagination\"><\/div>\n\t\t\t\t\t\t\t\t\t<\/div>\n\t\t\t\t\t\t<\/div>\n\t\t\t\t<\/div>\n\t\t\t\t\t<\/div>\n\t\t\t\t<\/div>\n\t\t<div class=\"elementor-element elementor-element-13c24c4 e-flex e-con-boxed e-con e-parent\" data-id=\"13c24c4\" data-element_type=\"container\">\n\t\t\t\t\t<div class=\"e-con-inner\">\n\t\t\t\t<div class=\"elementor-element elementor-element-99274ed elementor-widget elementor-widget-text-editor\" data-id=\"99274ed\" data-element_type=\"widget\" data-widget_type=\"text-editor.default\">\n\t\t\t\t<div class=\"elementor-widget-container\">\n\t\t\t\t\t\t\t\t\t<p><strong><i>La obra forma parte del compromiso presidencial para fortalecer la red de salud mental comunitaria en los territorios.<\/i><\/strong><\/p>\n<p>El nuevo Centro de Salud Mental Comunitaria (COSAM) de Puerto Ays\u00e9n fue inaugurado este jueves en una ceremonia encabezada por la ministra de Salud,&nbsp;Dra. Ximena Aguilera Sanhueza, junto a autoridades regionales, equipos de salud y representantes de la comunidad.<\/p>\n<p>La obra considera una superficie total de&nbsp;208,7 m\u00b2, y fue ejecutada en el terreno de la ex Delegaci\u00f3n Provincial con una inversi\u00f3n superior a los&nbsp;350 millones de pesos&nbsp;por parte del Ministerio de Salud. En su interior alberga box de atenci\u00f3n cl\u00ednica, multiprop\u00f3sito, salas de procedimientos, de entrevistas, de espera, \u00e1reas de apoyo administrativo y servicios higi\u00e9nicos con acceso universal.<\/p>\n<p>\u201cEstoy muy satisfecha de haber tenido la posibilidad de recibir las llaves y de realizar el corte de cinta de este Centro Comunitaria de Salud Mental. Fue muy gratificante ver a los equipos entusiasmados, trabajando con la comunidad, y tambi\u00e9n escuchar los testimonios de pacientes que sienten que hoy cuentan con mejores condiciones para atender sus afecciones y seguir luchando por una sociedad m\u00e1s saludable, de todo punto de vista, tambi\u00e9n en lo mental. Adem\u00e1s, este avance contribuye a reducir el estigma asociado a los problemas de salud mental\u201d,&nbsp;se\u00f1al\u00f3 la Dra. Ximena Aguilera Sanhueza, ministra de Salud.<\/p>\n<p>El centro est\u00e1 orientado a la atenci\u00f3n de personas&nbsp;del ciclo vital adulto&nbsp;y forma parte de un conjunto de infraestructuras de salud mental comunitaria que opera en la comuna de Puerto Ays\u00e9n, junto al dispositivo infantojuvenil y los programas de tratamiento ambulatorio para poblaci\u00f3n adolescente y adulta.<\/p>\n<p>Con esta obra se da respuesta a una necesidad prioritaria en salud mental en la zona norte de la regi\u00f3n, beneficiando directamente a comunidades como&nbsp;La Junta, Ra\u00fal Mar\u00edn Balmaceda, Puyuhuapi, Lago Verde, Ma\u00f1ihuales, Melinka, Islas Huichas, Puerto Ays\u00e9n, entre otras.<\/p>\n<p>\u201cPara el Gobierno del Presidente Boric, concretar este proyecto nos llena de satisfacci\u00f3n, porque significa formar parte de la soluci\u00f3n. Ays\u00e9n tiene muchos problemas, pero hay que ponerse del lado de la soluci\u00f3n.&nbsp;Creo que en esta oportunidad el Ministerio del Interior tambi\u00e9n contribuy\u00f3 poni\u00e9ndose del lado de la gente de Ays\u00e9n, con una necesidad que era muy sentida. El traspaso de esta propiedad, de estas instalaciones, fue fundamental para poder concretar este proyecto. Por lo tanto, como Gobierno y como Ministerio del Interior, a trav\u00e9s de la Delegaci\u00f3n Provincial, fue clave lograr que esto se materializara. Estamos muy contentos por la gente de Ays\u00e9n\u201d, manifest\u00f3&nbsp;Jorge D\u00edaz Guzm\u00e1n, delegado presidencial regional Ays\u00e9n.<\/p>\n<p>Posteriormente, la ministra se traslad\u00f3 hasta el&nbsp;Hospital Regional de Coyhaique, donde recorri\u00f3 junto al equipo directivo, la directora (s) del recinto,&nbsp;Victoria Pinto, y el director del Servicio de Salud Ays\u00e9n,&nbsp;Juan Pablo Bravo Quintana, distintas unidades cl\u00ednicas como Farmacia, Unidad Hospitalaria de Corta Estad\u00eda (UHCE), Unidad de Tratamientos Intermedios (UTI), Unidad de Cuidados Intensivos (UCI) y Cirug\u00eda Mayor Ambulatoria (CMA).<\/p>\n<p>En terreno, pudo conocer los avances del proyecto de&nbsp;angi\u00f3grafo, la futura UPC pedi\u00e1trica, as\u00ed como la&nbsp;regularizaci\u00f3n de los servicios de Oncolog\u00eda y Hematolog\u00eda.<\/p>\n<p>\u201cEste a\u00f1o se va a cerrar el estudio preinversional del Hospital Regional Coyhaique, y esperamos cumplir con los plazos que compromet\u00ed al asumir: entre 8 a 10 a\u00f1os para contar con un nuevo hospital para la regi\u00f3n. Esta tambi\u00e9n es una necesidad muy sentida por nuestra poblaci\u00f3n y por las y los funcionarios. Hay que recordar que este a\u00f1o se cumplieron 10 a\u00f1os desde que surgi\u00f3 la primera idea y se obtuvo la primera Recomendaci\u00f3n Satisfactoria (RS), para el hospital regional, as\u00ed que tenemos que cumplir y trabajar con seriedad para que ese nuevo hospital sea una realidad.\u201d, acot\u00f3 el director del Servicio de Salud Ays\u00e9n.<\/p>\n<p>Durante la jornada, organizaciones sociales, gremios de la salud y representantes del Consejo de la Sociedad Civil (COSOC) entregaron cartas a la ministra de Salud, expresando demandas relacionadas con la infraestructura, tiempos de atenci\u00f3n y condiciones laborales en la red asistencial.<\/p>\t\t\t\t\t\t\t\t<\/div>\n\t\t\t\t<\/div>\n\t\t\t\t\t<\/div>\n\t\t\t\t<\/div>\n\t\t\t\t<\/div>\n\t\t","protected":false},"excerpt":{"rendered":"<p>La obra forma parte del compromiso presidencial para fortalecer la red de salud mental comunitaria en los territorios. El nuevo [&hellip;]<\/p>\n","protected":false},"author":2,"featured_media":4824,"comment_status":"open","ping_status":"open","sticky":false,"template":"","format":"standard","meta":{"_eb_attr":"","site-sidebar-layout":"default","site-content-layout":"","ast-site-content-layout":"default","site-content-style":"default","site-sidebar-style":"default","ast-global-header-display":"","ast-banner-title-visibility":"","ast-main-header-display":"","ast-hfb-above-header-display":"","ast-hfb-below-header-display":"","ast-hfb-mobile-header-display":"","site-post-title":"","ast-breadcrumbs-content":"","ast-featured-img":"disabled","footer-sml-layout":"","theme-transparent-header-meta":"","adv-header-id-meta":"","stick-header-meta":"","header-above-stick-meta":"","header-main-stick-meta":"","header-below-stick-meta":"","astra-migrate-meta-layouts":"default","ast-page-background-enabled":"default","ast-page-background-meta":{"desktop":{"background-color":"var(--ast-global-color-4)","background-image":"","background-repeat":"repeat","background-position":"center center","background-size":"auto","background-attachment":"scroll","background-type":"","background-media":"","overlay-type":"","overlay-color":"","overlay-opacity":"","overlay-gradient":""},"tablet":{"background-color":"","background-image":"","background-repeat":"repeat","background-position":"center center","background-size":"auto","background-attachment":"scroll","background-type":"","background-media":"","overlay-type":"","overlay-color":"","overlay-opacity":"","overlay-gradient":""},"mobile":{"background-color":"","background-image":"","background-repeat":"repeat","background-position":"center center","background-size":"auto","background-attachment":"scroll","background-type":"","background-media":"","overlay-type":"","overlay-color":"","overlay-opacity":"","overlay-gradient":""}},"ast-content-background-meta":{"desktop":{"background-color":"var(--ast-global-color-5)","background-image":"","background-repeat":"repeat","background-position":"center center","background-size":"auto","background-attachment":"scroll","background-type":"","background-media":"","overlay-type":"","overlay-color":"","overlay-opacity":"","overlay-gradient":""},"tablet":{"background-color":"var(--ast-global-color-5)","background-image":"","background-repeat":"repeat","background-position":"center center","background-size":"auto","background-attachment":"scroll","background-type":"","background-media":"","overlay-type":"","overlay-color":"","overlay-opacity":"","overlay-gradient":""},"mobile":{"background-color":"var(--ast-global-color-5)","background-image":"","background-repeat":"repeat","background-position":"center center","background-size":"auto","background-attachment":"scroll","background-type":"","background-media":"","overlay-type":"","overlay-color":"","overlay-opacity":"","overlay-gradient":""}},"footnotes":""},"categories":[11,1],"tags":[],"class_list":["post-4811","post","type-post","status-publish","format-standard","has-post-thumbnail","hentry","category-general","category-noticias"],"_links":{"self":[{"href":"https:\/\/www.serviciosaludaysen.cl\/index.php\/wp-json\/wp\/v2\/posts\/4811","targetHints":{"allow":["GET"]}}],"collection":[{"href":"https:\/\/www.serviciosaludaysen.cl\/index.php\/wp-json\/wp\/v2\/posts"}],"about":[{"href":"https:\/\/www.serviciosaludaysen.cl\/index.php\/wp-json\/wp\/v2\/types\/post"}],"author":[{"embeddable":true,"href":"https:\/\/www.serviciosaludaysen.cl\/index.php\/wp-json\/wp\/v2\/users\/2"}],"replies":[{"embeddable":true,"href":"https:\/\/www.serviciosaludaysen.cl\/index.php\/wp-json\/wp\/v2\/comments?post=4811"}],"version-history":[{"count":7,"href":"https:\/\/www.serviciosaludaysen.cl\/index.php\/wp-json\/wp\/v2\/posts\/4811\/revisions"}],"predecessor-version":[{"id":4834,"href":"https:\/\/www.serviciosaludaysen.cl\/index.php\/wp-json\/wp\/v2\/posts\/4811\/revisions\/4834"}],"wp:featuredmedia":[{"embeddable":true,"href":"https:\/\/www.serviciosaludaysen.cl\/index.php\/wp-json\/wp\/v2\/media\/4824"}],"wp:attachment":[{"href":"https:\/\/www.serviciosaludaysen.cl\/index.php\/wp-json\/wp\/v2\/media?parent=4811"}],"wp:term":[{"taxonomy":"category","embeddable":true,"href":"https:\/\/www.serviciosaludaysen.cl\/index.php\/wp-json\/wp\/v2\/categories?post=4811"},{"taxonomy":"post_tag","embeddable":true,"href":"https:\/\/www.serviciosaludaysen.cl\/index.php\/wp-json\/wp\/v2\/tags?post=4811"}],"curies":[{"name":"wp","href":"https:\/\/api.w.org\/{rel}","templated":true}]}}