{"id":4796,"date":"2025-06-23T16:55:35","date_gmt":"2025-06-23T19:55:35","guid":{"rendered":"https:\/\/www.serviciosaludaysen.cl\/?p=4796"},"modified":"2025-06-23T17:28:36","modified_gmt":"2025-06-23T20:28:36","slug":"servicio-de-salud-aysen-y-gendarmeria-de-chile-firman-convenio-de-colaboracion","status":"publish","type":"post","link":"https:\/\/www.serviciosaludaysen.cl\/index.php\/2025\/06\/23\/servicio-de-salud-aysen-y-gendarmeria-de-chile-firman-convenio-de-colaboracion\/","title":{"rendered":"Servicio de Salud Ays\u00e9n y Gendarmer\u00eda de Chile firman convenio de colaboraci\u00f3n"},"content":{"rendered":"\t\t<div data-elementor-type=\"wp-post\" data-elementor-id=\"4796\" class=\"elementor elementor-4796\">\n\t\t\t\t<div class=\"elementor-element elementor-element-a61c67c e-flex e-con-boxed e-con e-parent\" data-id=\"a61c67c\" data-element_type=\"container\">\n\t\t\t\t\t<div class=\"e-con-inner\">\n\t\t\t\t<div class=\"elementor-element elementor-element-c8d77fd elementor-arrows-position-inside elementor-pagination-position-outside elementor-widget elementor-widget-image-carousel\" data-id=\"c8d77fd\" data-element_type=\"widget\" data-settings=\"{&quot;slides_to_show&quot;:&quot;1&quot;,&quot;navigation&quot;:&quot;both&quot;,&quot;autoplay&quot;:&quot;yes&quot;,&quot;pause_on_hover&quot;:&quot;yes&quot;,&quot;pause_on_interaction&quot;:&quot;yes&quot;,&quot;autoplay_speed&quot;:5000,&quot;infinite&quot;:&quot;yes&quot;,&quot;effect&quot;:&quot;slide&quot;,&quot;speed&quot;:500}\" data-widget_type=\"image-carousel.default\">\n\t\t\t\t<div class=\"elementor-widget-container\">\n\t\t\t\t\t\t\t<div class=\"elementor-image-carousel-wrapper swiper\" role=\"region\" aria-roledescription=\"carousel\" aria-label=\"Carrusel de im\u00e1genes\" dir=\"ltr\">\n\t\t\t<div class=\"elementor-image-carousel swiper-wrapper\" aria-live=\"off\">\n\t\t\t\t\t\t\t\t<div class=\"swiper-slide\" role=\"group\" aria-roledescription=\"slide\" aria-label=\"1 de 5\"><figure class=\"swiper-slide-inner\"><img decoding=\"async\" class=\"swiper-slide-image\" src=\"https:\/\/www.serviciosaludaysen.cl\/wp-content\/uploads\/2025\/06\/CONVENIO-3-1024x768.jpeg\" alt=\"CONVENIO 3\" \/><\/figure><\/div><div class=\"swiper-slide\" role=\"group\" aria-roledescription=\"slide\" aria-label=\"2 de 5\"><figure class=\"swiper-slide-inner\"><img decoding=\"async\" class=\"swiper-slide-image\" src=\"https:\/\/www.serviciosaludaysen.cl\/wp-content\/uploads\/2025\/06\/CONVENIO-5-1024x768.jpeg\" alt=\"CONVENIO 5\" \/><\/figure><\/div><div class=\"swiper-slide\" role=\"group\" aria-roledescription=\"slide\" aria-label=\"3 de 5\"><figure class=\"swiper-slide-inner\"><img decoding=\"async\" class=\"swiper-slide-image\" src=\"https:\/\/www.serviciosaludaysen.cl\/wp-content\/uploads\/2025\/06\/CONVENIO-2-1024x768.jpeg\" alt=\"CONVENIO 2\" \/><\/figure><\/div><div class=\"swiper-slide\" role=\"group\" aria-roledescription=\"slide\" aria-label=\"4 de 5\"><figure class=\"swiper-slide-inner\"><img decoding=\"async\" class=\"swiper-slide-image\" src=\"https:\/\/www.serviciosaludaysen.cl\/wp-content\/uploads\/2025\/06\/CONVENIO-6-1024x768.jpeg\" alt=\"CONVENIO 6\" \/><\/figure><\/div><div class=\"swiper-slide\" role=\"group\" aria-roledescription=\"slide\" aria-label=\"5 de 5\"><figure class=\"swiper-slide-inner\"><img decoding=\"async\" class=\"swiper-slide-image\" src=\"https:\/\/www.serviciosaludaysen.cl\/wp-content\/uploads\/2025\/06\/CONVENIO.jpeg\" alt=\"Servicio de Salud Ays\u00e9n y Gendarmer\u00eda de Chile firman convenio de colaboraci\u00f3n\" \/><\/figure><\/div>\t\t\t<\/div>\n\t\t\t\t\t\t\t\t\t\t\t\t<div class=\"elementor-swiper-button elementor-swiper-button-prev\" role=\"button\" tabindex=\"0\">\n\t\t\t\t\t\t<svg aria-hidden=\"true\" class=\"e-font-icon-svg e-eicon-chevron-left\" viewBox=\"0 0 1000 1000\" xmlns=\"http:\/\/www.w3.org\/2000\/svg\"><path d=\"M646 125C629 125 613 133 604 142L308 442C296 454 292 471 292 487 292 504 296 521 308 533L604 854C617 867 629 875 646 875 663 875 679 871 692 858 704 846 713 829 713 812 713 796 708 779 692 767L438 487 692 225C700 217 708 204 708 187 708 171 704 154 692 142 675 129 663 125 646 125Z\"><\/path><\/svg>\t\t\t\t\t<\/div>\n\t\t\t\t\t<div class=\"elementor-swiper-button elementor-swiper-button-next\" role=\"button\" tabindex=\"0\">\n\t\t\t\t\t\t<svg aria-hidden=\"true\" class=\"e-font-icon-svg e-eicon-chevron-right\" viewBox=\"0 0 1000 1000\" xmlns=\"http:\/\/www.w3.org\/2000\/svg\"><path d=\"M696 533C708 521 713 504 713 487 713 471 708 454 696 446L400 146C388 133 375 125 354 125 338 125 325 129 313 142 300 154 292 171 292 187 292 204 296 221 308 233L563 492 304 771C292 783 288 800 288 817 288 833 296 850 308 863 321 871 338 875 354 875 371 875 388 867 400 854L696 533Z\"><\/path><\/svg>\t\t\t\t\t<\/div>\n\t\t\t\t\n\t\t\t\t\t\t\t\t\t<div class=\"swiper-pagination\"><\/div>\n\t\t\t\t\t\t\t\t\t<\/div>\n\t\t\t\t\t\t<\/div>\n\t\t\t\t<\/div>\n\t\t\t\t<div class=\"elementor-element elementor-element-cbfbf8f elementor-widget elementor-widget-text-editor\" data-id=\"cbfbf8f\" data-element_type=\"widget\" data-widget_type=\"text-editor.default\">\n\t\t\t\t<div class=\"elementor-widget-container\">\n\t\t\t\t\t\t\t\t\t<p><strong><em>Dicho convenio permitir\u00e1 fortalecer la atenci\u00f3n de salud de mujeres <\/em><\/strong><strong><em>privadas de libertad gestantes o con hijos e hijas lactantes.<\/em><\/strong><\/p>\t\t\t\t\t\t\t\t<\/div>\n\t\t\t\t<\/div>\n\t\t\t\t\t<\/div>\n\t\t\t\t<\/div>\n\t\t<div class=\"elementor-element elementor-element-ac2b1c1 e-flex e-con-boxed e-con e-parent\" data-id=\"ac2b1c1\" data-element_type=\"container\">\n\t\t\t\t\t<div class=\"e-con-inner\">\n\t\t\t\t<div class=\"elementor-element elementor-element-fa0a5b8 elementor-widget elementor-widget-text-editor\" data-id=\"fa0a5b8\" data-element_type=\"widget\" data-widget_type=\"text-editor.default\">\n\t\t\t\t<div class=\"elementor-widget-container\">\n\t\t\t\t\t\t\t\t\t<p>Este jueves se llev\u00f3 a cabo la firma de un convenio de colaboraci\u00f3n entre el Servicio de Salud Ays\u00e9n y Gendarmer\u00eda de Chile, dicha instancia permitir\u00e1 establecer los compromisos que asumen ambas instituciones para fortalecer la atenci\u00f3n de salud de las mujeres privadas de libertad gestantes o con hijos e hijas lactantes en particular y de la poblaci\u00f3n penal en general.<\/p><p>En la firma de convenio estuvieron presentes, el seremi de justicia y derechos humanos Samuel Navarro Castro, el defensor regional de Ays\u00e9n, Jorge Moraga, la seremi de la Mujer y Equidad de G\u00e9nero, Isidora Gacit\u00faa, el director del Servicio de Salud Ays\u00e9n Juan Pablo Bravo Quintana, la representante de la seremi de Salud Silvia Delfin, el director regional de Gendarmer\u00eda de Chile, coronel Pablo Torres y el director del Instituto Nacional de Derechos Humanos Joaqu\u00edn Bizama, adem\u00e1s de directores de establecimientos de salud y funcionarios de salud y de gendarmeria.<\/p><p>Respecto a la firma de este convenio, el director del Servicio de Salud Ays\u00e9n, Juan Pablo Bravo se\u00f1al\u00f3 que \u201cse traduce en prestaciones de salud reales en protocolizar las atenciones que se est\u00e1n dando a las embarazadas y tambi\u00e9n a las gestantes de mujeres privadas de libertad, donde vamos a acercar la salud a esas usuarias, darles atenci\u00f3n de calidad, equidad y tambi\u00e9n resolutividad a cada uno de nuestros usuarios, y estas mujeres gestantes est\u00e1n dentro de esos usuarios y este convenio nos lleva a asegurar la atenci\u00f3n en salud y tambi\u00e9n asegurar la seguridad para nuestros funcionarios\u201d.<\/p><p>En tanto, el seremi de Justicia y Derechos Humanos Samuel Navarro explic\u00f3 que \u201cabarca o implica una oferta program\u00e1tica, una oferta de prestaciones de salud de todo nivel a toda la poblaci\u00f3n penal que est\u00e1 en los centros penitenciarios en la regi\u00f3n de Ays\u00e9n desde esa perspectiva podemos decir hist\u00f3rico porque si bien es cierto est\u00e1bamos realizando algunas acciones, no ten\u00edan un marco jur\u00eddico, marco normativo y hoy se cuenta con este marco jur\u00eddico, van a tener protocolos y estamos avanzando en mejorar las condiciones de las mujeres privadas de libertad y de la poblaci\u00f3n penal en general\u201d, avance enmarcado en el eje de reinserci\u00f3n social que impulsa nuestro gobierno.<\/p><p>Por su parte, el director regional de Gendarmer\u00eda de Chile, coronel Pablo Torres indic\u00f3 que \u201ceste convenio viene a fortalecer la atenci\u00f3n que nosotros le prestamos a las personas privadas de libertad en situaci\u00f3n de embarazo y lactancia, nos permite tener una mejor tratativa a la poblaci\u00f3n penal, nos permite fortalecer y que nuestras secciones femeninas tengan un ambiente protegido y seguro en la protecci\u00f3n de la maternidad\u201d.<\/p><p>En tanto, la seremi de la Mujer y Equidad de G\u00e9nero, Isidora Gacit\u00faa manifest\u00f3 que \u201cprimero es un gran avance para asegurar que tenga las condiciones y las prestaciones de salud necesarias para poder afrontar este proceso, y seguiremos trabajando en la mesa para no solamente esta acci\u00f3n poder visibilizar y dar tambi\u00e9n soluci\u00f3n en este momento tan importante para las mujeres como es poder tener a disposici\u00f3n de todas las garant\u00edas para asegurar tanto que el ejercicio de sus derechos se cumpla y que el Estado tambi\u00e9n sea garante de eso\u201d.<\/p><p>Finalmente, la firma de este convenio de colaboraci\u00f3n entre el Servicio de Salud y Gendarmer\u00eda de Chile, es uno de los productos del trabajo que se viene desarrollando desde marzo del a\u00f1o 2024 con la puesta en marcha de la mesa de mujeres privadas de libertad embarazadas y con hijos lactantes, que lidera el seremi Navarro en la regi\u00f3n de Ays\u00e9n y que materializa en el sector una pol\u00edtica p\u00fablica del gobierno con enfoque de g\u00e9nero.<\/p>\t\t\t\t\t\t\t\t<\/div>\n\t\t\t\t<\/div>\n\t\t\t\t\t<\/div>\n\t\t\t\t<\/div>\n\t\t\t\t<\/div>\n\t\t","protected":false},"excerpt":{"rendered":"<p>Dicho convenio permitir\u00e1 fortalecer la atenci\u00f3n de salud de mujeres privadas de libertad gestantes o con hijos e hijas lactantes. [&hellip;]<\/p>\n","protected":false},"author":2,"featured_media":4797,"comment_status":"open","ping_status":"open","sticky":false,"template":"","format":"standard","meta":{"_eb_attr":"","site-sidebar-layout":"default","site-content-layout":"","ast-site-content-layout":"default","site-content-style":"default","site-sidebar-style":"default","ast-global-header-display":"","ast-banner-title-visibility":"","ast-main-header-display":"","ast-hfb-above-header-display":"","ast-hfb-below-header-display":"","ast-hfb-mobile-header-display":"","site-post-title":"","ast-breadcrumbs-content":"","ast-featured-img":"disabled","footer-sml-layout":"","theme-transparent-header-meta":"","adv-header-id-meta":"","stick-header-meta":"","header-above-stick-meta":"","header-main-stick-meta":"","header-below-stick-meta":"","astra-migrate-meta-layouts":"default","ast-page-background-enabled":"default","ast-page-background-meta":{"desktop":{"background-color":"var(--ast-global-color-4)","background-image":"","background-repeat":"repeat","background-position":"center center","background-size":"auto","background-attachment":"scroll","background-type":"","background-media":"","overlay-type":"","overlay-color":"","overlay-opacity":"","overlay-gradient":""},"tablet":{"background-color":"","background-image":"","background-repeat":"repeat","background-position":"center center","background-size":"auto","background-attachment":"scroll","background-type":"","background-media":"","overlay-type":"","overlay-color":"","overlay-opacity":"","overlay-gradient":""},"mobile":{"background-color":"","background-image":"","background-repeat":"repeat","background-position":"center center","background-size":"auto","background-attachment":"scroll","background-type":"","background-media":"","overlay-type":"","overlay-color":"","overlay-opacity":"","overlay-gradient":""}},"ast-content-background-meta":{"desktop":{"background-color":"var(--ast-global-color-5)","background-image":"","background-repeat":"repeat","background-position":"center center","background-size":"auto","background-attachment":"scroll","background-type":"","background-media":"","overlay-type":"","overlay-color":"","overlay-opacity":"","overlay-gradient":""},"tablet":{"background-color":"var(--ast-global-color-5)","background-image":"","background-repeat":"repeat","background-position":"center center","background-size":"auto","background-attachment":"scroll","background-type":"","background-media":"","overlay-type":"","overlay-color":"","overlay-opacity":"","overlay-gradient":""},"mobile":{"background-color":"var(--ast-global-color-5)","background-image":"","background-repeat":"repeat","background-position":"center center","background-size":"auto","background-attachment":"scroll","background-type":"","background-media":"","overlay-type":"","overlay-color":"","overlay-opacity":"","overlay-gradient":""}},"footnotes":""},"categories":[11,1],"tags":[29,62,30,59,28,47],"class_list":["post-4796","post","type-post","status-publish","format-standard","has-post-thumbnail","hentry","category-general","category-noticias","tag-coyhaique","tag-red-asistencial-aysen","tag-salud","tag-servicio-de-salud-aysen","tag-serviciodesalud","tag-ssa"],"_links":{"self":[{"href":"https:\/\/www.serviciosaludaysen.cl\/index.php\/wp-json\/wp\/v2\/posts\/4796","targetHints":{"allow":["GET"]}}],"collection":[{"href":"https:\/\/www.serviciosaludaysen.cl\/index.php\/wp-json\/wp\/v2\/posts"}],"about":[{"href":"https:\/\/www.serviciosaludaysen.cl\/index.php\/wp-json\/wp\/v2\/types\/post"}],"author":[{"embeddable":true,"href":"https:\/\/www.serviciosaludaysen.cl\/index.php\/wp-json\/wp\/v2\/users\/2"}],"replies":[{"embeddable":true,"href":"https:\/\/www.serviciosaludaysen.cl\/index.php\/wp-json\/wp\/v2\/comments?post=4796"}],"version-history":[{"count":11,"href":"https:\/\/www.serviciosaludaysen.cl\/index.php\/wp-json\/wp\/v2\/posts\/4796\/revisions"}],"predecessor-version":[{"id":4837,"href":"https:\/\/www.serviciosaludaysen.cl\/index.php\/wp-json\/wp\/v2\/posts\/4796\/revisions\/4837"}],"wp:featuredmedia":[{"embeddable":true,"href":"https:\/\/www.serviciosaludaysen.cl\/index.php\/wp-json\/wp\/v2\/media\/4797"}],"wp:attachment":[{"href":"https:\/\/www.serviciosaludaysen.cl\/index.php\/wp-json\/wp\/v2\/media?parent=4796"}],"wp:term":[{"taxonomy":"category","embeddable":true,"href":"https:\/\/www.serviciosaludaysen.cl\/index.php\/wp-json\/wp\/v2\/categories?post=4796"},{"taxonomy":"post_tag","embeddable":true,"href":"https:\/\/www.serviciosaludaysen.cl\/index.php\/wp-json\/wp\/v2\/tags?post=4796"}],"curies":[{"name":"wp","href":"https:\/\/api.w.org\/{rel}","templated":true}]}}