{"id":4564,"date":"2025-05-26T20:06:43","date_gmt":"2025-05-26T23:06:43","guid":{"rendered":"https:\/\/www.serviciosaludaysen.cl\/?p=4564"},"modified":"2025-05-26T20:25:57","modified_gmt":"2025-05-26T23:25:57","slug":"autoridades-de-salud-dan-inicio-a-obras-de-calefaccion-a-gas-en-hospital-de-cochrane-y-refuerzan-trabajo-territorial-en-villa-ohiggins","status":"publish","type":"post","link":"https:\/\/www.serviciosaludaysen.cl\/index.php\/2025\/05\/26\/autoridades-de-salud-dan-inicio-a-obras-de-calefaccion-a-gas-en-hospital-de-cochrane-y-refuerzan-trabajo-territorial-en-villa-ohiggins\/","title":{"rendered":"Autoridades de Salud dan inicio a obras de calefacci\u00f3n a gas en Hospital de Cochrane y refuerzan trabajo territorial en Villa O\u2019Higgins"},"content":{"rendered":"\t\t<div data-elementor-type=\"wp-post\" data-elementor-id=\"4564\" class=\"elementor elementor-4564\">\n\t\t\t\t<div class=\"elementor-element elementor-element-1a59ad0 e-flex e-con-boxed e-con e-parent\" data-id=\"1a59ad0\" data-element_type=\"container\">\n\t\t\t\t\t<div class=\"e-con-inner\">\n\t\t\t\t<div class=\"elementor-element elementor-element-4695a58 elementor-arrows-position-inside elementor-pagination-position-outside elementor-widget elementor-widget-image-carousel\" data-id=\"4695a58\" data-element_type=\"widget\" data-settings=\"{&quot;slides_to_show&quot;:&quot;1&quot;,&quot;navigation&quot;:&quot;both&quot;,&quot;autoplay&quot;:&quot;yes&quot;,&quot;pause_on_hover&quot;:&quot;yes&quot;,&quot;pause_on_interaction&quot;:&quot;yes&quot;,&quot;autoplay_speed&quot;:5000,&quot;infinite&quot;:&quot;yes&quot;,&quot;effect&quot;:&quot;slide&quot;,&quot;speed&quot;:500}\" data-widget_type=\"image-carousel.default\">\n\t\t\t\t<div class=\"elementor-widget-container\">\n\t\t\t\t\t\t\t<div class=\"elementor-image-carousel-wrapper swiper\" role=\"region\" aria-roledescription=\"carousel\" aria-label=\"Carrusel de im\u00e1genes\" dir=\"ltr\">\n\t\t\t<div class=\"elementor-image-carousel swiper-wrapper\" aria-live=\"off\">\n\t\t\t\t\t\t\t\t<div class=\"swiper-slide\" role=\"group\" aria-roledescription=\"slide\" aria-label=\"1 de 13\"><figure class=\"swiper-slide-inner\"><img decoding=\"async\" class=\"swiper-slide-image\" src=\"https:\/\/www.serviciosaludaysen.cl\/wp-content\/uploads\/2025\/05\/CALDERA-HOSPITAL-DE-COCHRANE-768x576.jpeg\" alt=\"Director del Servicio de Salud Ays\u00e9n junto a funcionarios y comunidad en ceremonia de inicio de obras de cambio de calderas en hospital Lord Cochrane\" \/><\/figure><\/div><div class=\"swiper-slide\" role=\"group\" aria-roledescription=\"slide\" aria-label=\"2 de 13\"><figure class=\"swiper-slide-inner\"><img decoding=\"async\" class=\"swiper-slide-image\" src=\"https:\/\/www.serviciosaludaysen.cl\/wp-content\/uploads\/2025\/05\/FOTO-5-OK-768x576.jpeg\" alt=\"FOTO 5 OK\" \/><\/figure><\/div><div class=\"swiper-slide\" role=\"group\" aria-roledescription=\"slide\" aria-label=\"3 de 13\"><figure class=\"swiper-slide-inner\"><img decoding=\"async\" class=\"swiper-slide-image\" src=\"https:\/\/www.serviciosaludaysen.cl\/wp-content\/uploads\/2025\/05\/FOTO-3-OK-768x576.jpeg\" alt=\"FOTO 3 OK\" \/><\/figure><\/div><div class=\"swiper-slide\" role=\"group\" aria-roledescription=\"slide\" aria-label=\"4 de 13\"><figure class=\"swiper-slide-inner\"><img decoding=\"async\" class=\"swiper-slide-image\" src=\"https:\/\/www.serviciosaludaysen.cl\/wp-content\/uploads\/2025\/05\/FOTO-2-OK-768x576.jpeg\" alt=\"FOTO 2 OK\" \/><\/figure><\/div><div class=\"swiper-slide\" role=\"group\" aria-roledescription=\"slide\" aria-label=\"5 de 13\"><figure class=\"swiper-slide-inner\"><img decoding=\"async\" class=\"swiper-slide-image\" src=\"https:\/\/www.serviciosaludaysen.cl\/wp-content\/uploads\/2025\/05\/WhatsApp-Image-2025-05-18-at-8.52.39-PM-768x576.jpeg\" alt=\"WhatsApp Image 2025-05-18 at 8.52.39 PM\" \/><\/figure><\/div><div class=\"swiper-slide\" role=\"group\" aria-roledescription=\"slide\" aria-label=\"6 de 13\"><figure class=\"swiper-slide-inner\"><img decoding=\"async\" class=\"swiper-slide-image\" src=\"https:\/\/www.serviciosaludaysen.cl\/wp-content\/uploads\/2025\/05\/WhatsApp-Image-2025-05-18-at-6.16.40-PM-768x576.jpeg\" alt=\"WhatsApp Image 2025-05-18 at 6.16.40 PM\" \/><\/figure><\/div><div class=\"swiper-slide\" role=\"group\" aria-roledescription=\"slide\" aria-label=\"7 de 13\"><figure class=\"swiper-slide-inner\"><img decoding=\"async\" class=\"swiper-slide-image\" src=\"https:\/\/www.serviciosaludaysen.cl\/wp-content\/uploads\/2025\/05\/FOTO-15-OK-768x576.jpeg\" alt=\"FOTO 15 OK\" \/><\/figure><\/div><div class=\"swiper-slide\" role=\"group\" aria-roledescription=\"slide\" aria-label=\"8 de 13\"><figure class=\"swiper-slide-inner\"><img decoding=\"async\" class=\"swiper-slide-image\" src=\"https:\/\/www.serviciosaludaysen.cl\/wp-content\/uploads\/2025\/05\/FOTO-4-OK-768x576.jpeg\" alt=\"FOTO 4 OK\" \/><\/figure><\/div><div class=\"swiper-slide\" role=\"group\" aria-roledescription=\"slide\" aria-label=\"9 de 13\"><figure class=\"swiper-slide-inner\"><img decoding=\"async\" class=\"swiper-slide-image\" src=\"https:\/\/www.serviciosaludaysen.cl\/wp-content\/uploads\/2025\/05\/FOTO-7-OK-768x576.jpeg\" alt=\"FOTO 7 OK\" \/><\/figure><\/div><div class=\"swiper-slide\" role=\"group\" aria-roledescription=\"slide\" aria-label=\"10 de 13\"><figure class=\"swiper-slide-inner\"><img decoding=\"async\" class=\"swiper-slide-image\" src=\"https:\/\/www.serviciosaludaysen.cl\/wp-content\/uploads\/2025\/05\/FOTO-9-OK-768x576.jpeg\" alt=\"FOTO 9 OK\" \/><\/figure><\/div><div class=\"swiper-slide\" role=\"group\" aria-roledescription=\"slide\" aria-label=\"11 de 13\"><figure class=\"swiper-slide-inner\"><img decoding=\"async\" class=\"swiper-slide-image\" src=\"https:\/\/www.serviciosaludaysen.cl\/wp-content\/uploads\/2025\/05\/FOTO-12-OK-768x576.jpeg\" alt=\"FOTO 12 OK\" \/><\/figure><\/div><div class=\"swiper-slide\" role=\"group\" aria-roledescription=\"slide\" aria-label=\"12 de 13\"><figure class=\"swiper-slide-inner\"><img decoding=\"async\" class=\"swiper-slide-image\" src=\"https:\/\/www.serviciosaludaysen.cl\/wp-content\/uploads\/2025\/05\/FOTO-10-OK-768x576.jpeg\" alt=\"FOTO 10 OK\" \/><\/figure><\/div><div class=\"swiper-slide\" role=\"group\" aria-roledescription=\"slide\" aria-label=\"13 de 13\"><figure class=\"swiper-slide-inner\"><img decoding=\"async\" class=\"swiper-slide-image\" src=\"https:\/\/www.serviciosaludaysen.cl\/wp-content\/uploads\/2025\/05\/FOTO-11-OK-768x576.jpeg\" alt=\"FOTO 11 OK\" \/><\/figure><\/div>\t\t\t<\/div>\n\t\t\t\t\t\t\t\t\t\t\t\t<div class=\"elementor-swiper-button elementor-swiper-button-prev\" role=\"button\" tabindex=\"0\">\n\t\t\t\t\t\t<svg aria-hidden=\"true\" class=\"e-font-icon-svg e-eicon-chevron-left\" viewBox=\"0 0 1000 1000\" xmlns=\"http:\/\/www.w3.org\/2000\/svg\"><path d=\"M646 125C629 125 613 133 604 142L308 442C296 454 292 471 292 487 292 504 296 521 308 533L604 854C617 867 629 875 646 875 663 875 679 871 692 858 704 846 713 829 713 812 713 796 708 779 692 767L438 487 692 225C700 217 708 204 708 187 708 171 704 154 692 142 675 129 663 125 646 125Z\"><\/path><\/svg>\t\t\t\t\t<\/div>\n\t\t\t\t\t<div class=\"elementor-swiper-button elementor-swiper-button-next\" role=\"button\" tabindex=\"0\">\n\t\t\t\t\t\t<svg aria-hidden=\"true\" class=\"e-font-icon-svg e-eicon-chevron-right\" viewBox=\"0 0 1000 1000\" xmlns=\"http:\/\/www.w3.org\/2000\/svg\"><path d=\"M696 533C708 521 713 504 713 487 713 471 708 454 696 446L400 146C388 133 375 125 354 125 338 125 325 129 313 142 300 154 292 171 292 187 292 204 296 221 308 233L563 492 304 771C292 783 288 800 288 817 288 833 296 850 308 863 321 871 338 875 354 875 371 875 388 867 400 854L696 533Z\"><\/path><\/svg>\t\t\t\t\t<\/div>\n\t\t\t\t\n\t\t\t\t\t\t\t\t\t<div class=\"swiper-pagination\"><\/div>\n\t\t\t\t\t\t\t\t\t<\/div>\n\t\t\t\t\t\t<\/div>\n\t\t\t\t<\/div>\n\t\t\t\t\t<\/div>\n\t\t\t\t<\/div>\n\t\t<div class=\"elementor-element elementor-element-b942dc4 e-flex e-con-boxed e-con e-parent\" data-id=\"b942dc4\" data-element_type=\"container\">\n\t\t\t\t\t<div class=\"e-con-inner\">\n\t\t\t\t<div class=\"elementor-element elementor-element-9aade63 elementor-widget elementor-widget-text-editor\" data-id=\"9aade63\" data-element_type=\"widget\" data-widget_type=\"text-editor.default\">\n\t\t\t\t<div class=\"elementor-widget-container\">\n\t\t\t\t\t\t\t\t\t<p><span style=\"font-style: inherit; font-weight: inherit;\">M\u00e1s de mil kil\u00f3metros recorrieron el director del Servicio de Salud Ays\u00e9n, Juan Pablo Bravo Quintana, y la directora del Hospital Lord Cochrane, Miriam Navarrete Novoa, durante una visita a las comunas de Cochrane y Villa O\u2019Higgins, en la Provincia de Capit\u00e1n Prat. La agenda incluy\u00f3 hitos relevantes para la Red Asistencial del extremo austral de la regi\u00f3n, como el inicio de las obras de recambio del sistema de calefacci\u00f3n del hospital y encuentros comunitarios para fortalecer el acceso a la salud en estos sectores aislados<\/span><strong style=\"font-style: inherit;\">.<\/strong><\/p><p><strong>Avances en salud y medio ambiente<\/strong><\/p><p><span style=\"font-style: inherit; font-weight: inherit;\">En una ceremonia realizada en el Hospital Lord Cochrane, se dio inicio oficial a las obras de recambio del sistema de calefacci\u00f3n, que permitir\u00e1 reemplazar las calderas a le\u00f1a por calefacci\u00f3n a gas. Esta mejora reducir\u00e1 las emisiones contaminantes, mejorar\u00e1 las condiciones t\u00e9rmicas del establecimiento y beneficiar\u00e1 tanto a funcionarios, usuarios y a quienes residen en la comuna.<\/span><br \/><span style=\"font-style: inherit; font-weight: inherit;\">La empresa encargada de ejecutar las obras es Lipigas, con una duraci\u00f3n estimada de 70 d\u00edas y un contrato de operaci\u00f3n por 60 meses.<\/span><\/p><p><span style=\"font-style: inherit; font-weight: inherit;\">\u201cEs realmente un orgullo para nosotros como instituci\u00f3n, enti\u00e9ndase todos los que trabajamos aqu\u00ed, el poder estar comunicando esta noticia. Es algo muy esperado y no quer\u00edamos seguir siendo el ojo de la opini\u00f3n p\u00fablica cuando est\u00e1bamos hablando de salud y a la vez est\u00e1bamos contaminando, es una satisfacci\u00f3n poder concretar esta soluci\u00f3n y realmente poder aportar a tener un aire m\u00e1s limpio en la comuna de Cochrane\u201d, expres\u00f3 Miriam Navarrete Novoa, directora del Hospital Lord Cochrane.<\/span><br \/><span style=\"font-style: inherit; font-weight: inherit;\">Tambi\u00e9n particip\u00f3 el Consejo Consultivo de Salud del Hospital de Cochrane, cuyos representantes valoraron el cumplimiento de este compromiso largamente esperado por la comunidad.<\/span><\/p><p><span style=\"font-style: inherit; font-weight: inherit;\">\u201cEsperamos que despu\u00e9s de esto tambi\u00e9n se pueda avanzar con los colegios que usan calderas a le\u00f1a, para tratar de reemplazarlas. La comunidad, a trav\u00e9s del Consejo Consultivo, tambi\u00e9n me hizo llegar la preocupaci\u00f3n por el cambio de la caldera. Esa inquietud se la transmitimos al director\u201d, dijo Jorge Kuyul, presidente del Consejo de Salud del Hospital Lord Cochrane.<\/span><\/p><p><span style=\"font-style: inherit; font-weight: inherit;\">Desde la Direcci\u00f3n del Servicio de Salud Ays\u00e9n, se subray\u00f3 que esta medida responde a una gesti\u00f3n orientada a mejorar las condiciones de salud en un territorio hist\u00f3ricamente expuesto a altos \u00edndices de contaminaci\u00f3n del aire, especialmente en un periodo cr\u00edtico como el invierno, donde aumentan las enfermedades respiratorias y se refuerzan las estrategias de prevenci\u00f3n y vacunaci\u00f3n.<\/span><\/p><p><span style=\"font-style: inherit; font-weight: inherit;\">\u201cEste cambio no es solo una modernizaci\u00f3n tecnol\u00f3gica, es un acto de amor por nuestra tierra, nuestra comunidad, por nuestros hijos y por la tierra que nos sustenta (\u2026) Cochrane, el \u00faltimo \u00edndice medido, ten\u00eda 107 de calidad del aire, entre 0 a 50 es bueno, entre 51 y 101 es moderado y entre 101 y 150 es perjudicial para el grupo sensible, los adultos mayores y los ni\u00f1os que habl\u00e1bamos y la poblaci\u00f3n de riesgo ante enfermedades respiratorias\u201d, acot\u00f3 Juan Pablo Bravo Quintana, director del Servicio de Salud Ays\u00e9n.<\/span><\/p><p><span style=\"font-style: inherit; font-weight: inherit;\">En esa misma l\u00ednea,\u00a0Marta Montiel Alarc\u00f3n, delegada presidencial provincial de Capit\u00e1n Prat, valor\u00f3 la importancia de este tipo de avances, fruto del trabajo articulado entre servicios p\u00fablicos, comunidades organizadas y autoridades locales.<\/span><\/p><p><span style=\"font-style: inherit; font-weight: inherit;\">\u201cLa directora del hospital nos dec\u00eda en alg\u00fan minuto, \u00abNo es oficial, pero va a ser y estamos muy contentos\u201d. Y la verdad es que s\u00ed, desde el a\u00f1o 2022 que estamos en este rol de representaci\u00f3n del presidente Gabriel Boric, nos hemos encontrado con distintas instancias de trabajo comunitario, con instituciones, con organizaciones y con vecinos comunicando noticias valiosas como esta\u201d, manifest\u00f3 Montiel.<\/span><\/p><p><span style=\"font-style: inherit; font-weight: inherit;\">Durante la actividad tambi\u00e9n se reconoci\u00f3 a los trabajadores Eleodoro Reinahuel Ay\u00e1n, Leonardo Huaiqu\u00edn C\u00e1ceres y Javier Chacano Aguilar, por su hist\u00f3rico trabajo en la operaci\u00f3n del sistema de calderas a le\u00f1a, contribuyendo al bienestar de la comunidad usuaria.<\/span><\/p><p><strong style=\"font-style: inherit;\">Villa O\u2019Higgins: segundo di\u00e1logo con comunidad y avances concretos<\/strong><\/p><p><span style=\"font-style: inherit; font-weight: inherit;\">El recorrido tambi\u00e9n contempl\u00f3 una visita a Villa O\u2019Higgins, donde se desarroll\u00f3 un nuevo encuentro con el Consejo de Desarrollo Local de Salud, autoridades locales y vecinas y vecinos de la comuna. Esta fue la segunda reuni\u00f3n entre la comunidad y el director del Servicio, en la que se abordaron avances en compromisos levantados en marzo de 2024. Adem\u00e1s, se visit\u00f3 al equipo de la posta rural, reconociendo su trabajo y escuchando sus principales requerimientos.<\/span><\/p><p><span style=\"font-style: inherit; font-weight: inherit;\">\u201cEl poder trabajar de forma mancomunada con el equipo de la posta, saber cu\u00e1les son sus requerimientos, sus necesidades para en el fondo ir garantizando el acceso a la salud que en esta comuna tan aislada muchas veces se ve transgred\u00eda\u201d, se\u00f1al\u00f3 Elena Tapia, tesorera del Consejo de Desarrollo Local de Villa O\u2019Higgins.<\/span><\/p><p><span style=\"font-style: inherit; font-weight: inherit;\">Entre los avances destacados se encuentran: priorizaci\u00f3n del proyecto de reposici\u00f3n de la posta rural, incorporaci\u00f3n de una enfermera y un t\u00e9cnico param\u00e9dico, continuidad en la atenci\u00f3n odontol\u00f3gica, refuerzo m\u00e9dico desde el Hospital, Mejoras en infraestructura y espacio de farmacia, proceso de instalaci\u00f3n de centr\u00edfuga para toma de muestras, entre otros.<\/span><\/p><p><span style=\"font-style: inherit; font-weight: inherit;\">Finalmente, la comitiva tambi\u00e9n se reuni\u00f3 con el Consejo Consultivo del Hospital de Cochrane y concejales de la comuna, con el objetivo de revisar avances en materia de salud y recoger nuevas inquietudes del territorio.<\/span><\/p>\t\t\t\t\t\t\t\t<\/div>\n\t\t\t\t<\/div>\n\t\t\t\t\t<\/div>\n\t\t\t\t<\/div>\n\t\t\t\t<\/div>\n\t\t","protected":false},"excerpt":{"rendered":"<p>M\u00e1s de mil kil\u00f3metros recorrieron el director del Servicio de Salud Ays\u00e9n, Juan Pablo Bravo Quintana, y la directora del [&hellip;]<\/p>\n","protected":false},"author":2,"featured_media":4575,"comment_status":"open","ping_status":"open","sticky":false,"template":"","format":"standard","meta":{"_eb_attr":"","site-sidebar-layout":"default","site-content-layout":"","ast-site-content-layout":"","site-content-style":"default","site-sidebar-style":"default","ast-global-header-display":"","ast-banner-title-visibility":"","ast-main-header-display":"","ast-hfb-above-header-display":"","ast-hfb-below-header-display":"","ast-hfb-mobile-header-display":"","site-post-title":"","ast-breadcrumbs-content":"","ast-featured-img":"disabled","footer-sml-layout":"","theme-transparent-header-meta":"","adv-header-id-meta":"","stick-header-meta":"","header-above-stick-meta":"","header-main-stick-meta":"","header-below-stick-meta":"","astra-migrate-meta-layouts":"default","ast-page-background-enabled":"default","ast-page-background-meta":{"desktop":{"background-color":"var(--ast-global-color-4)","background-image":"","background-repeat":"repeat","background-position":"center center","background-size":"auto","background-attachment":"scroll","background-type":"","background-media":"","overlay-type":"","overlay-color":"","overlay-opacity":"","overlay-gradient":""},"tablet":{"background-color":"","background-image":"","background-repeat":"repeat","background-position":"center center","background-size":"auto","background-attachment":"scroll","background-type":"","background-media":"","overlay-type":"","overlay-color":"","overlay-opacity":"","overlay-gradient":""},"mobile":{"background-color":"","background-image":"","background-repeat":"repeat","background-position":"center center","background-size":"auto","background-attachment":"scroll","background-type":"","background-media":"","overlay-type":"","overlay-color":"","overlay-opacity":"","overlay-gradient":""}},"ast-content-background-meta":{"desktop":{"background-color":"var(--ast-global-color-5)","background-image":"","background-repeat":"repeat","background-position":"center center","background-size":"auto","background-attachment":"scroll","background-type":"","background-media":"","overlay-type":"","overlay-color":"","overlay-opacity":"","overlay-gradient":""},"tablet":{"background-color":"var(--ast-global-color-5)","background-image":"","background-repeat":"repeat","background-position":"center center","background-size":"auto","background-attachment":"scroll","background-type":"","background-media":"","overlay-type":"","overlay-color":"","overlay-opacity":"","overlay-gradient":""},"mobile":{"background-color":"var(--ast-global-color-5)","background-image":"","background-repeat":"repeat","background-position":"center center","background-size":"auto","background-attachment":"scroll","background-type":"","background-media":"","overlay-type":"","overlay-color":"","overlay-opacity":"","overlay-gradient":""}},"footnotes":""},"categories":[1],"tags":[76,73,74,62,75,77,28],"class_list":["post-4564","post","type-post","status-publish","format-standard","has-post-thumbnail","hentry","category-noticias","tag-aysen","tag-cochrane","tag-equidad","tag-red-asistencial-aysen","tag-resolutividad","tag-saludaysen","tag-serviciodesalud"],"_links":{"self":[{"href":"https:\/\/www.serviciosaludaysen.cl\/index.php\/wp-json\/wp\/v2\/posts\/4564","targetHints":{"allow":["GET"]}}],"collection":[{"href":"https:\/\/www.serviciosaludaysen.cl\/index.php\/wp-json\/wp\/v2\/posts"}],"about":[{"href":"https:\/\/www.serviciosaludaysen.cl\/index.php\/wp-json\/wp\/v2\/types\/post"}],"author":[{"embeddable":true,"href":"https:\/\/www.serviciosaludaysen.cl\/index.php\/wp-json\/wp\/v2\/users\/2"}],"replies":[{"embeddable":true,"href":"https:\/\/www.serviciosaludaysen.cl\/index.php\/wp-json\/wp\/v2\/comments?post=4564"}],"version-history":[{"count":11,"href":"https:\/\/www.serviciosaludaysen.cl\/index.php\/wp-json\/wp\/v2\/posts\/4564\/revisions"}],"predecessor-version":[{"id":4591,"href":"https:\/\/www.serviciosaludaysen.cl\/index.php\/wp-json\/wp\/v2\/posts\/4564\/revisions\/4591"}],"wp:featuredmedia":[{"embeddable":true,"href":"https:\/\/www.serviciosaludaysen.cl\/index.php\/wp-json\/wp\/v2\/media\/4575"}],"wp:attachment":[{"href":"https:\/\/www.serviciosaludaysen.cl\/index.php\/wp-json\/wp\/v2\/media?parent=4564"}],"wp:term":[{"taxonomy":"category","embeddable":true,"href":"https:\/\/www.serviciosaludaysen.cl\/index.php\/wp-json\/wp\/v2\/categories?post=4564"},{"taxonomy":"post_tag","embeddable":true,"href":"https:\/\/www.serviciosaludaysen.cl\/index.php\/wp-json\/wp\/v2\/tags?post=4564"}],"curies":[{"name":"wp","href":"https:\/\/api.w.org\/{rel}","templated":true}]}}