{"id":4514,"date":"2025-04-28T16:08:02","date_gmt":"2025-04-28T19:08:02","guid":{"rendered":"https:\/\/www.serviciosaludaysen.cl\/?p=4514"},"modified":"2025-04-28T16:10:54","modified_gmt":"2025-04-28T19:10:54","slug":"realizan-primer-encuentro-de-organizaciones-sociales-y-consejos-de-la-sociedad-civil-de-salud","status":"publish","type":"post","link":"https:\/\/www.serviciosaludaysen.cl\/index.php\/2025\/04\/28\/realizan-primer-encuentro-de-organizaciones-sociales-y-consejos-de-la-sociedad-civil-de-salud\/","title":{"rendered":"Realizan primer encuentro de organizaciones sociales y Consejos de la Sociedad Civil de Salud"},"content":{"rendered":"\t\t<div data-elementor-type=\"wp-post\" data-elementor-id=\"4514\" class=\"elementor elementor-4514\">\n\t\t\t\t<div class=\"elementor-element elementor-element-66f1a1e e-flex e-con-boxed e-con e-parent\" data-id=\"66f1a1e\" data-element_type=\"container\">\n\t\t\t\t\t<div class=\"e-con-inner\">\n\t\t\t\t<div class=\"elementor-element elementor-element-b4f16d2 elementor-arrows-position-inside elementor-pagination-position-outside elementor-widget elementor-widget-image-carousel\" data-id=\"b4f16d2\" data-element_type=\"widget\" data-settings=\"{&quot;slides_to_show&quot;:&quot;1&quot;,&quot;navigation&quot;:&quot;both&quot;,&quot;autoplay&quot;:&quot;yes&quot;,&quot;pause_on_hover&quot;:&quot;yes&quot;,&quot;pause_on_interaction&quot;:&quot;yes&quot;,&quot;autoplay_speed&quot;:5000,&quot;infinite&quot;:&quot;yes&quot;,&quot;effect&quot;:&quot;slide&quot;,&quot;speed&quot;:500}\" data-widget_type=\"image-carousel.default\">\n\t\t\t\t<div class=\"elementor-widget-container\">\n\t\t\t\t\t\t\t<div class=\"elementor-image-carousel-wrapper swiper\" role=\"region\" aria-roledescription=\"carousel\" aria-label=\"Carrusel de im\u00e1genes\" dir=\"ltr\">\n\t\t\t<div class=\"elementor-image-carousel swiper-wrapper\" aria-live=\"off\">\n\t\t\t\t\t\t\t\t<div class=\"swiper-slide\" role=\"group\" aria-roledescription=\"slide\" aria-label=\"1 de 6\"><figure class=\"swiper-slide-inner\"><img decoding=\"async\" class=\"swiper-slide-image\" src=\"https:\/\/www.serviciosaludaysen.cl\/wp-content\/uploads\/2025\/04\/cosoc-org-sociales-3-768x576.jpeg\" alt=\"cosoc org sociales (3)\" \/><\/figure><\/div><div class=\"swiper-slide\" role=\"group\" aria-roledescription=\"slide\" aria-label=\"2 de 6\"><figure class=\"swiper-slide-inner\"><img decoding=\"async\" class=\"swiper-slide-image\" src=\"https:\/\/www.serviciosaludaysen.cl\/wp-content\/uploads\/2025\/04\/cosoc-org-sociales-2-768x576.jpeg\" alt=\"cosoc org sociales (2)\" \/><\/figure><\/div><div class=\"swiper-slide\" role=\"group\" aria-roledescription=\"slide\" aria-label=\"3 de 6\"><figure class=\"swiper-slide-inner\"><img decoding=\"async\" class=\"swiper-slide-image\" src=\"https:\/\/www.serviciosaludaysen.cl\/wp-content\/uploads\/2025\/04\/cosoc-768x576.jpeg\" alt=\"cosoc\" \/><\/figure><\/div><div class=\"swiper-slide\" role=\"group\" aria-roledescription=\"slide\" aria-label=\"4 de 6\"><figure class=\"swiper-slide-inner\"><img decoding=\"async\" class=\"swiper-slide-image\" src=\"https:\/\/www.serviciosaludaysen.cl\/wp-content\/uploads\/2025\/04\/cosoc-org-sociales-5-768x576.jpeg\" alt=\"cosoc org sociales (5)\" \/><\/figure><\/div><div class=\"swiper-slide\" role=\"group\" aria-roledescription=\"slide\" aria-label=\"5 de 6\"><figure class=\"swiper-slide-inner\"><img decoding=\"async\" class=\"swiper-slide-image\" src=\"https:\/\/www.serviciosaludaysen.cl\/wp-content\/uploads\/2025\/04\/cosoc-org-sociales-1-768x576.jpeg\" alt=\"cosoc org sociales (1)\" \/><\/figure><\/div><div class=\"swiper-slide\" role=\"group\" aria-roledescription=\"slide\" aria-label=\"6 de 6\"><figure class=\"swiper-slide-inner\"><img decoding=\"async\" class=\"swiper-slide-image\" src=\"https:\/\/www.serviciosaludaysen.cl\/wp-content\/uploads\/2025\/04\/cosoc-org-sociales-4-768x576.jpeg\" alt=\"cosoc org sociales (4)\" \/><\/figure><\/div>\t\t\t<\/div>\n\t\t\t\t\t\t\t\t\t\t\t\t<div class=\"elementor-swiper-button elementor-swiper-button-prev\" role=\"button\" tabindex=\"0\">\n\t\t\t\t\t\t<svg aria-hidden=\"true\" class=\"e-font-icon-svg e-eicon-chevron-left\" viewBox=\"0 0 1000 1000\" xmlns=\"http:\/\/www.w3.org\/2000\/svg\"><path d=\"M646 125C629 125 613 133 604 142L308 442C296 454 292 471 292 487 292 504 296 521 308 533L604 854C617 867 629 875 646 875 663 875 679 871 692 858 704 846 713 829 713 812 713 796 708 779 692 767L438 487 692 225C700 217 708 204 708 187 708 171 704 154 692 142 675 129 663 125 646 125Z\"><\/path><\/svg>\t\t\t\t\t<\/div>\n\t\t\t\t\t<div class=\"elementor-swiper-button elementor-swiper-button-next\" role=\"button\" tabindex=\"0\">\n\t\t\t\t\t\t<svg aria-hidden=\"true\" class=\"e-font-icon-svg e-eicon-chevron-right\" viewBox=\"0 0 1000 1000\" xmlns=\"http:\/\/www.w3.org\/2000\/svg\"><path d=\"M696 533C708 521 713 504 713 487 713 471 708 454 696 446L400 146C388 133 375 125 354 125 338 125 325 129 313 142 300 154 292 171 292 187 292 204 296 221 308 233L563 492 304 771C292 783 288 800 288 817 288 833 296 850 308 863 321 871 338 875 354 875 371 875 388 867 400 854L696 533Z\"><\/path><\/svg>\t\t\t\t\t<\/div>\n\t\t\t\t\n\t\t\t\t\t\t\t\t\t<div class=\"swiper-pagination\"><\/div>\n\t\t\t\t\t\t\t\t\t<\/div>\n\t\t\t\t\t\t<\/div>\n\t\t\t\t<\/div>\n\t\t\t\t\t<\/div>\n\t\t\t\t<\/div>\n\t\t<div class=\"elementor-element elementor-element-4a4bc3f e-flex e-con-boxed e-con e-parent\" data-id=\"4a4bc3f\" data-element_type=\"container\">\n\t\t\t\t\t<div class=\"e-con-inner\">\n\t\t\t\t<div class=\"elementor-element elementor-element-59d3c9c3 elementor-widget elementor-widget-text-editor\" data-id=\"59d3c9c3\" data-element_type=\"widget\" data-widget_type=\"text-editor.default\">\n\t\t\t\t<div class=\"elementor-widget-container\">\n\t\t\t\t\t\t\t\t\t\n<p>&nbsp;M\u00e1s de 20 organizaciones participaron en el primer encuentro regional de participaci\u00f3n social organizado por el Servicio de Salud Ays\u00e9n (SSA), y cuyo principal objetivo fue conocer las demandas, opiniones y el sentir de las comunidades en torno a la Red Asistencial.<\/p>\n\n\n\n<p>\u201cMe parece bastante importante este primer encuentro y agradecer a las personas que se conectaron y se unieron para escuchar lo que se est\u00e1 trabajando en salud, promover la participaci\u00f3n ciudadana tambi\u00e9n es tarea de nosotros como dirigentes y eso genera el v\u00ednculo para trabajar con los directivos de los distintos recintos de salud y esta primera instancia abre la puerta para hacer un trabajo colaborativo\u201d, indic\u00f3 Ximena Ru\u00edz, vicepresidenta del COSOC del Servicio de Salud.<\/p>\n\n\n\n<p>El espacio permiti\u00f3 que varias organizaciones se conectaran virtualmente, mientras una veintena de dirigentes lo hizo de manera presencial de las localidades de Puerto Cisnes, Ma\u00f1ihuales, Puerto Ays\u00e9n, Cochrane y Coyhaique.<\/p>\n\n\n\n<p>\u201cPara poder abordar distintos temas relevantes que estamos haciendo en salud, pero lo m\u00e1s importante para escuchar a las comunidades que est\u00e1n trabajando en todo el territorio, porque son ellos los que nos pueden contar a nosotros cu\u00e1les son los principales problemas, necesidades y las mejores estrategias para trabajar en salud y mejorar en resolutividad en la regi\u00f3n de Ays\u00e9n\u201d, manifest\u00f3 Carmen Su\u00e1rez, encargada de participaci\u00f3n social del Servicio.<\/p>\n\n\n\n<p>Los temas que se abordaron fueron el dise\u00f1o de la Red Asistencial vigente, perfil epidemiol\u00f3gico regional, cartera de Inversiones, estrategias de Salud Digital y el Estudio Preinversional del nuevo Hospital Regional Coyhaique.<\/p>\n\n\n\n<p>\u201cSe nos muestra lo que es la red hoy y lo que se proyecta, el crecimiento en las localidades, en cuanto a atenciones y recursos humanos. Por otro lado, tambi\u00e9n se nos mostraron las estad\u00edsticas que son de sumo inter\u00e9s para quienes son dirigentes sociales, porque son justamente ellos quienes pueden actuar a favor de estos indicadores dentro de sus agrupaciones y fortalecer la educaci\u00f3n en salud y trabajar en promoci\u00f3n y prevenci\u00f3n que es muy importante para evitar la enfermedad\u201d, mencion\u00f3 Ana Mar\u00eda Navarrete, concejala de Coyhaique, quien tambi\u00e9n fue parte de la reuni\u00f3n.<\/p>\n\n\n\n<p>Finalmente, cabe se\u00f1alar que estas reuniones se realizar\u00e1n cada dos meses y que las organizaciones se comprometieron a enviar sus consultas y sugerencias a trav\u00e9s de los canales dispuestos por la Red Asistencial para aquello.<\/p>\n\t\t\t\t\t\t\t\t<\/div>\n\t\t\t\t<\/div>\n\t\t\t\t\t<\/div>\n\t\t\t\t<\/div>\n\t\t\t\t<\/div>\n\t\t","protected":false},"excerpt":{"rendered":"<p>&nbsp;M\u00e1s de 20 organizaciones participaron en el primer encuentro regional de participaci\u00f3n social organizado por el Servicio de Salud Ays\u00e9n [&hellip;]<\/p>\n","protected":false},"author":2,"featured_media":4520,"comment_status":"open","ping_status":"open","sticky":false,"template":"","format":"standard","meta":{"_eb_attr":"","site-sidebar-layout":"default","site-content-layout":"","ast-site-content-layout":"","site-content-style":"default","site-sidebar-style":"default","ast-global-header-display":"","ast-banner-title-visibility":"","ast-main-header-display":"","ast-hfb-above-header-display":"","ast-hfb-below-header-display":"","ast-hfb-mobile-header-display":"","site-post-title":"","ast-breadcrumbs-content":"","ast-featured-img":"disabled","footer-sml-layout":"","theme-transparent-header-meta":"","adv-header-id-meta":"","stick-header-meta":"","header-above-stick-meta":"","header-main-stick-meta":"","header-below-stick-meta":"","astra-migrate-meta-layouts":"default","ast-page-background-enabled":"default","ast-page-background-meta":{"desktop":{"background-color":"var(--ast-global-color-4)","background-image":"","background-repeat":"repeat","background-position":"center center","background-size":"auto","background-attachment":"scroll","background-type":"","background-media":"","overlay-type":"","overlay-color":"","overlay-opacity":"","overlay-gradient":""},"tablet":{"background-color":"","background-image":"","background-repeat":"repeat","background-position":"center center","background-size":"auto","background-attachment":"scroll","background-type":"","background-media":"","overlay-type":"","overlay-color":"","overlay-opacity":"","overlay-gradient":""},"mobile":{"background-color":"","background-image":"","background-repeat":"repeat","background-position":"center center","background-size":"auto","background-attachment":"scroll","background-type":"","background-media":"","overlay-type":"","overlay-color":"","overlay-opacity":"","overlay-gradient":""}},"ast-content-background-meta":{"desktop":{"background-color":"var(--ast-global-color-5)","background-image":"","background-repeat":"repeat","background-position":"center center","background-size":"auto","background-attachment":"scroll","background-type":"","background-media":"","overlay-type":"","overlay-color":"","overlay-opacity":"","overlay-gradient":""},"tablet":{"background-color":"var(--ast-global-color-5)","background-image":"","background-repeat":"repeat","background-position":"center center","background-size":"auto","background-attachment":"scroll","background-type":"","background-media":"","overlay-type":"","overlay-color":"","overlay-opacity":"","overlay-gradient":""},"mobile":{"background-color":"var(--ast-global-color-5)","background-image":"","background-repeat":"repeat","background-position":"center center","background-size":"auto","background-attachment":"scroll","background-type":"","background-media":"","overlay-type":"","overlay-color":"","overlay-opacity":"","overlay-gradient":""}},"footnotes":""},"categories":[1],"tags":[],"class_list":["post-4514","post","type-post","status-publish","format-standard","has-post-thumbnail","hentry","category-noticias"],"_links":{"self":[{"href":"https:\/\/www.serviciosaludaysen.cl\/index.php\/wp-json\/wp\/v2\/posts\/4514","targetHints":{"allow":["GET"]}}],"collection":[{"href":"https:\/\/www.serviciosaludaysen.cl\/index.php\/wp-json\/wp\/v2\/posts"}],"about":[{"href":"https:\/\/www.serviciosaludaysen.cl\/index.php\/wp-json\/wp\/v2\/types\/post"}],"author":[{"embeddable":true,"href":"https:\/\/www.serviciosaludaysen.cl\/index.php\/wp-json\/wp\/v2\/users\/2"}],"replies":[{"embeddable":true,"href":"https:\/\/www.serviciosaludaysen.cl\/index.php\/wp-json\/wp\/v2\/comments?post=4514"}],"version-history":[{"count":4,"href":"https:\/\/www.serviciosaludaysen.cl\/index.php\/wp-json\/wp\/v2\/posts\/4514\/revisions"}],"predecessor-version":[{"id":4525,"href":"https:\/\/www.serviciosaludaysen.cl\/index.php\/wp-json\/wp\/v2\/posts\/4514\/revisions\/4525"}],"wp:featuredmedia":[{"embeddable":true,"href":"https:\/\/www.serviciosaludaysen.cl\/index.php\/wp-json\/wp\/v2\/media\/4520"}],"wp:attachment":[{"href":"https:\/\/www.serviciosaludaysen.cl\/index.php\/wp-json\/wp\/v2\/media?parent=4514"}],"wp:term":[{"taxonomy":"category","embeddable":true,"href":"https:\/\/www.serviciosaludaysen.cl\/index.php\/wp-json\/wp\/v2\/categories?post=4514"},{"taxonomy":"post_tag","embeddable":true,"href":"https:\/\/www.serviciosaludaysen.cl\/index.php\/wp-json\/wp\/v2\/tags?post=4514"}],"curies":[{"name":"wp","href":"https:\/\/api.w.org\/{rel}","templated":true}]}}