{"id":4502,"date":"2025-04-16T17:02:09","date_gmt":"2025-04-16T20:02:09","guid":{"rendered":"https:\/\/www.serviciosaludaysen.cl\/?p=4502"},"modified":"2025-04-16T17:05:26","modified_gmt":"2025-04-16T20:05:26","slug":"red-asistencial-despliega-sus-servicios-en-toda-la-region-este-fin-de-semana-santa","status":"publish","type":"post","link":"https:\/\/www.serviciosaludaysen.cl\/index.php\/2025\/04\/16\/red-asistencial-despliega-sus-servicios-en-toda-la-region-este-fin-de-semana-santa\/","title":{"rendered":"Red Asistencial despliega sus servicios en toda la regi\u00f3n este fin de Semana Santa"},"content":{"rendered":"\t\t<div data-elementor-type=\"wp-post\" data-elementor-id=\"4502\" class=\"elementor elementor-4502\">\n\t\t\t\t<div class=\"elementor-element elementor-element-0b45a4d e-flex e-con-boxed e-con e-parent\" data-id=\"0b45a4d\" data-element_type=\"container\">\n\t\t\t\t\t<div class=\"e-con-inner\">\n\t\t\t\t<div class=\"elementor-element elementor-element-8871008 elementor-arrows-position-inside elementor-pagination-position-outside elementor-widget elementor-widget-image-carousel\" data-id=\"8871008\" data-element_type=\"widget\" data-settings=\"{&quot;slides_to_show&quot;:&quot;1&quot;,&quot;navigation&quot;:&quot;both&quot;,&quot;autoplay&quot;:&quot;yes&quot;,&quot;pause_on_hover&quot;:&quot;yes&quot;,&quot;pause_on_interaction&quot;:&quot;yes&quot;,&quot;autoplay_speed&quot;:5000,&quot;infinite&quot;:&quot;yes&quot;,&quot;effect&quot;:&quot;slide&quot;,&quot;speed&quot;:500}\" data-widget_type=\"image-carousel.default\">\n\t\t\t\t<div class=\"elementor-widget-container\">\n\t\t\t\t\t\t\t<div class=\"elementor-image-carousel-wrapper swiper\" role=\"region\" aria-roledescription=\"carousel\" aria-label=\"Carrusel de im\u00e1genes\" dir=\"ltr\">\n\t\t\t<div class=\"elementor-image-carousel swiper-wrapper\" aria-live=\"off\">\n\t\t\t\t\t\t\t\t<div class=\"swiper-slide\" role=\"group\" aria-roledescription=\"slide\" aria-label=\"1 de 5\"><figure class=\"swiper-slide-inner\"><img decoding=\"async\" class=\"swiper-slide-image\" src=\"https:\/\/www.serviciosaludaysen.cl\/wp-content\/uploads\/2025\/04\/SEMANA-SANTA-4-768x512.jpeg\" alt=\"SEMANA SANTA (4)\" \/><\/figure><\/div><div class=\"swiper-slide\" role=\"group\" aria-roledescription=\"slide\" aria-label=\"2 de 5\"><figure class=\"swiper-slide-inner\"><img decoding=\"async\" class=\"swiper-slide-image\" src=\"https:\/\/www.serviciosaludaysen.cl\/wp-content\/uploads\/2025\/04\/SEMANA-SANTA-5-768x512.jpeg\" alt=\"SEMANA SANTA (5)\" \/><\/figure><\/div><div class=\"swiper-slide\" role=\"group\" aria-roledescription=\"slide\" aria-label=\"3 de 5\"><figure class=\"swiper-slide-inner\"><img decoding=\"async\" class=\"swiper-slide-image\" src=\"https:\/\/www.serviciosaludaysen.cl\/wp-content\/uploads\/2025\/04\/SEMANA-SANTA-3-768x512.jpeg\" alt=\"SEMANA SANTA (3)\" \/><\/figure><\/div><div class=\"swiper-slide\" role=\"group\" aria-roledescription=\"slide\" aria-label=\"4 de 5\"><figure class=\"swiper-slide-inner\"><img decoding=\"async\" class=\"swiper-slide-image\" src=\"https:\/\/www.serviciosaludaysen.cl\/wp-content\/uploads\/2025\/04\/SEMANA-SANTA-2-768x512.jpeg\" alt=\"SEMANA SANTA (2)\" \/><\/figure><\/div><div class=\"swiper-slide\" role=\"group\" aria-roledescription=\"slide\" aria-label=\"5 de 5\"><figure class=\"swiper-slide-inner\"><img decoding=\"async\" class=\"swiper-slide-image\" src=\"https:\/\/www.serviciosaludaysen.cl\/wp-content\/uploads\/2025\/04\/SEMANA-SANTA-1-768x512.jpeg\" alt=\"SEMANA SANTA (1)\" \/><\/figure><\/div>\t\t\t<\/div>\n\t\t\t\t\t\t\t\t\t\t\t\t<div class=\"elementor-swiper-button elementor-swiper-button-prev\" role=\"button\" tabindex=\"0\">\n\t\t\t\t\t\t<svg aria-hidden=\"true\" class=\"e-font-icon-svg e-eicon-chevron-left\" viewBox=\"0 0 1000 1000\" xmlns=\"http:\/\/www.w3.org\/2000\/svg\"><path d=\"M646 125C629 125 613 133 604 142L308 442C296 454 292 471 292 487 292 504 296 521 308 533L604 854C617 867 629 875 646 875 663 875 679 871 692 858 704 846 713 829 713 812 713 796 708 779 692 767L438 487 692 225C700 217 708 204 708 187 708 171 704 154 692 142 675 129 663 125 646 125Z\"><\/path><\/svg>\t\t\t\t\t<\/div>\n\t\t\t\t\t<div class=\"elementor-swiper-button elementor-swiper-button-next\" role=\"button\" tabindex=\"0\">\n\t\t\t\t\t\t<svg aria-hidden=\"true\" class=\"e-font-icon-svg e-eicon-chevron-right\" viewBox=\"0 0 1000 1000\" xmlns=\"http:\/\/www.w3.org\/2000\/svg\"><path d=\"M696 533C708 521 713 504 713 487 713 471 708 454 696 446L400 146C388 133 375 125 354 125 338 125 325 129 313 142 300 154 292 171 292 187 292 204 296 221 308 233L563 492 304 771C292 783 288 800 288 817 288 833 296 850 308 863 321 871 338 875 354 875 371 875 388 867 400 854L696 533Z\"><\/path><\/svg>\t\t\t\t\t<\/div>\n\t\t\t\t\n\t\t\t\t\t\t\t\t\t<div class=\"swiper-pagination\"><\/div>\n\t\t\t\t\t\t\t\t\t<\/div>\n\t\t\t\t\t\t<\/div>\n\t\t\t\t<\/div>\n\t\t\t\t\t<\/div>\n\t\t\t\t<\/div>\n\t\t<div class=\"elementor-element elementor-element-4ad23603 e-flex e-con-boxed e-con e-parent\" data-id=\"4ad23603\" data-element_type=\"container\">\n\t\t\t\t\t<div class=\"e-con-inner\">\n\t\t\t\t<div class=\"elementor-element elementor-element-1aba70f0 elementor-widget elementor-widget-text-editor\" data-id=\"1aba70f0\" data-element_type=\"widget\" data-widget_type=\"text-editor.default\">\n\t\t\t\t<div class=\"elementor-widget-container\">\n\t\t\t\t\t\t\t\t\t\n<p>En el CESFAM Dr. Alejandro Guti\u00e9rrez de Coyhaique, las autoridades del sector Salud informaron acerca de la preparaci\u00f3n de la Red Asistencial del Servicio de Salud Ays\u00e9n para este fin de semana largo y a la vez, realizaron recomendaciones para prevenir enfermedades gastrointestinales o accidentes.<\/p>\n\n\n\n<p>En ese sentido Juan Pablo Bravo, director del Servicio de Salud Ays\u00e9n, precis\u00f3 que toda la Red de Urgencia funcionar\u00e1 normalmente para este fin de semana largo. \u201cLos dispositivos de urgencia a lo largo de la Red, de los hospitales comunitarios, del hospital de Ays\u00e9n van a funcionar en caso de cualquier emergencia que tengan nuestros usuarios. Tambi\u00e9n estar\u00e1 el 131 del SAMU, por eso llamar a la responsabilidad, a manejar con cuidado y el autocuidado para no requerir los dispositivos de urgencia\u201d, se\u00f1al\u00f3.<\/p>\n\n\n\n<p>Cabe se\u00f1alar que el Consultorio V\u00edctor Domingo Silva reforzar\u00e1 las atenciones para el d\u00eda jueves con telemorbilidad y los cupos de morbilidad presencial. En cuanto a pacientes con curaciones, se citar\u00e1n a los usuarios para el lunes y en casos m\u00e1s severos ser\u00e1n derivados al SAPU.<\/p>\n\n\n\n<p>\u201cSi tienen alguna sintomatolog\u00eda que puedan manejar y noten que no es de criticidad al punto de tener que llegar a un dispositivo de alta resolutividad usen los dispositivos de mediana complejidad, como por ejemplo la urgencia del Consultorio Alejandro Guti\u00e9rrez\u201d, dijo Daniel Jara, director (s) del Hospital Regional Coyhaique (HRC).<\/p>\n\n\n\n<p>En el caso de los pacientes de baja complejidad (C4 y C5), el llamado es que se acerquen a los dispositivos de Atenci\u00f3n Primaria (SAPU). Cabe se\u00f1alar que el HRC cuenta con urgencias diferenciadas para Urgencia Adulto, Urgencia Pedi\u00e1trica y Urgencia Gineco obst\u00e9trica.<\/p>\n\n\n\n<p>\u201cNuestro dispositivo SAPU funcionar\u00e1 de manera normal, como lo hace los fines de semana y festivos, eso quiere decir con un horario de doce del d\u00eda a doce de la noche, con m\u00e9dico, enfermera que hace procedimientos y curaciones avanzadas y tambi\u00e9n vamos a tener la extensi\u00f3n horaria de urgencias odontol\u00f3gicas\u201d, acot\u00f3 Carlos P\u00e9rez, director del CESFAM Dr. Alejandro Guti\u00e9rrez.<\/p>\n\n\n\n<p>Mientras tambi\u00e9n existir\u00e1 un punto de vacunaci\u00f3n este viernes 18 de abril, de 10 a 14 horas en el CESFAM Dr. Alejandro Guti\u00e9rrez, para todas las personas que son parte de los grupos objetivos de las vacunas contra la Influenza y Covid-19.&nbsp;<\/p>\n\n\n\n<p>Lorena Velasco, Jefa SAMU, puntualiz\u00f3 que \u201cel llamado es a hacer un buen uso del 131, dondequiera que se encuentren a nivel regional en caso de alguna emergencia como intoxicaci\u00f3n, mareo, n\u00e1useas relacionadas con el consumo de mariscos , insuficiencia o dificultad respiratoria o accidentes de tr\u00e1nsito sin duda llamar a esta l\u00ednea y en cada dispositivo de Coyhaique, La Junta, Melinka, Villa O\u2019Higgins, Cochrane, Tortel contamos con m\u00f3viles que son despachadas, seg\u00fan el tipo de urgencia y requerimiento de la comunidad\u201d, subray\u00f3.<\/p>\n\n\n\n<p>Cabe destacar que el SAMU modula la demanda a trav\u00e9s del Centro Regulador, donde hay personal m\u00e9dico, radioperadores que reciben llamadas de toda la regi\u00f3n lo que permite obtener una visi\u00f3n regional de las emergencias y as\u00ed derivar oportunamente para una r\u00e1pida y oportuna atenci\u00f3n.<\/p>\n\n\n\n<p>\u201cTenemos equipos completos dispuestos desde Melinka y La Junta por el norte hasta Villa O\u2019Higgins por el sur, que nos permiten a la poblaci\u00f3n transmitir tranquilidad de que conmemoren esta festividad y recogimiento de este fin de semana de la manera m\u00e1s tranquila posible, con la confianza que los dispositivos est\u00e1n totalmente equipados y con todo nuestro personal, desde auxiliares, t\u00e9cnicos, enfermeros, profesionales y m\u00e9dicos a su disposici\u00f3n\u201d, cerr\u00f3 el Dr. Rodrigo Verdugo, Sub director de Gesti\u00f3n Asistencial.<\/p>\n\n\n\n<p><strong>Consuma con responsabilidad<\/strong><\/p>\n\n\n\n<p>Es importante destacar que en esta fecha se incrementa de forma importante el consumo de mariscos y pescados, por eso desde la Autoridad Sanitaria hicieron un llamado a evitar intoxicaciones. \u201cAumenta el consumo de productos del mar y particularmente de mariscos y sumado a eso que en nuestra regi\u00f3n tenemos la floraci\u00f3n de forma end\u00e9mica algal masiva, que durante este \u00faltimo a\u00f1o y que los monitoreos indican que hay un aumento de estas toxinas en el litoral, por lo tanto, resulta fundamental reforzar la compra de productos solo en lugares autorizados, porque (\u2026) analizados por el laboratorio de salud p\u00fablica y ambiental de la Seremi\u201d, manifest\u00f3 Carmen Monsalve, Seremi de Salud Ays\u00e9n.<\/p>\n\t\t\t\t\t\t\t\t<\/div>\n\t\t\t\t<\/div>\n\t\t\t\t\t<\/div>\n\t\t\t\t<\/div>\n\t\t\t\t<\/div>\n\t\t","protected":false},"excerpt":{"rendered":"<p>En el CESFAM Dr. Alejandro Guti\u00e9rrez de Coyhaique, las autoridades del sector Salud informaron acerca de la preparaci\u00f3n de la [&hellip;]<\/p>\n","protected":false},"author":2,"featured_media":4506,"comment_status":"open","ping_status":"open","sticky":false,"template":"","format":"standard","meta":{"_eb_attr":"","site-sidebar-layout":"default","site-content-layout":"","ast-site-content-layout":"","site-content-style":"default","site-sidebar-style":"default","ast-global-header-display":"","ast-banner-title-visibility":"","ast-main-header-display":"","ast-hfb-above-header-display":"","ast-hfb-below-header-display":"","ast-hfb-mobile-header-display":"","site-post-title":"","ast-breadcrumbs-content":"","ast-featured-img":"disabled","footer-sml-layout":"","theme-transparent-header-meta":"","adv-header-id-meta":"","stick-header-meta":"","header-above-stick-meta":"","header-main-stick-meta":"","header-below-stick-meta":"","astra-migrate-meta-layouts":"default","ast-page-background-enabled":"default","ast-page-background-meta":{"desktop":{"background-color":"var(--ast-global-color-4)","background-image":"","background-repeat":"repeat","background-position":"center center","background-size":"auto","background-attachment":"scroll","background-type":"","background-media":"","overlay-type":"","overlay-color":"","overlay-opacity":"","overlay-gradient":""},"tablet":{"background-color":"","background-image":"","background-repeat":"repeat","background-position":"center center","background-size":"auto","background-attachment":"scroll","background-type":"","background-media":"","overlay-type":"","overlay-color":"","overlay-opacity":"","overlay-gradient":""},"mobile":{"background-color":"","background-image":"","background-repeat":"repeat","background-position":"center center","background-size":"auto","background-attachment":"scroll","background-type":"","background-media":"","overlay-type":"","overlay-color":"","overlay-opacity":"","overlay-gradient":""}},"ast-content-background-meta":{"desktop":{"background-color":"var(--ast-global-color-5)","background-image":"","background-repeat":"repeat","background-position":"center center","background-size":"auto","background-attachment":"scroll","background-type":"","background-media":"","overlay-type":"","overlay-color":"","overlay-opacity":"","overlay-gradient":""},"tablet":{"background-color":"var(--ast-global-color-5)","background-image":"","background-repeat":"repeat","background-position":"center center","background-size":"auto","background-attachment":"scroll","background-type":"","background-media":"","overlay-type":"","overlay-color":"","overlay-opacity":"","overlay-gradient":""},"mobile":{"background-color":"var(--ast-global-color-5)","background-image":"","background-repeat":"repeat","background-position":"center center","background-size":"auto","background-attachment":"scroll","background-type":"","background-media":"","overlay-type":"","overlay-color":"","overlay-opacity":"","overlay-gradient":""}},"footnotes":""},"categories":[1],"tags":[],"class_list":["post-4502","post","type-post","status-publish","format-standard","has-post-thumbnail","hentry","category-noticias"],"_links":{"self":[{"href":"https:\/\/www.serviciosaludaysen.cl\/index.php\/wp-json\/wp\/v2\/posts\/4502","targetHints":{"allow":["GET"]}}],"collection":[{"href":"https:\/\/www.serviciosaludaysen.cl\/index.php\/wp-json\/wp\/v2\/posts"}],"about":[{"href":"https:\/\/www.serviciosaludaysen.cl\/index.php\/wp-json\/wp\/v2\/types\/post"}],"author":[{"embeddable":true,"href":"https:\/\/www.serviciosaludaysen.cl\/index.php\/wp-json\/wp\/v2\/users\/2"}],"replies":[{"embeddable":true,"href":"https:\/\/www.serviciosaludaysen.cl\/index.php\/wp-json\/wp\/v2\/comments?post=4502"}],"version-history":[{"count":4,"href":"https:\/\/www.serviciosaludaysen.cl\/index.php\/wp-json\/wp\/v2\/posts\/4502\/revisions"}],"predecessor-version":[{"id":4511,"href":"https:\/\/www.serviciosaludaysen.cl\/index.php\/wp-json\/wp\/v2\/posts\/4502\/revisions\/4511"}],"wp:featuredmedia":[{"embeddable":true,"href":"https:\/\/www.serviciosaludaysen.cl\/index.php\/wp-json\/wp\/v2\/media\/4506"}],"wp:attachment":[{"href":"https:\/\/www.serviciosaludaysen.cl\/index.php\/wp-json\/wp\/v2\/media?parent=4502"}],"wp:term":[{"taxonomy":"category","embeddable":true,"href":"https:\/\/www.serviciosaludaysen.cl\/index.php\/wp-json\/wp\/v2\/categories?post=4502"},{"taxonomy":"post_tag","embeddable":true,"href":"https:\/\/www.serviciosaludaysen.cl\/index.php\/wp-json\/wp\/v2\/tags?post=4502"}],"curies":[{"name":"wp","href":"https:\/\/api.w.org\/{rel}","templated":true}]}}