{"id":4239,"date":"2025-04-08T14:54:38","date_gmt":"2025-04-08T17:54:38","guid":{"rendered":"https:\/\/www.serviciosaludaysen.cl\/?p=4239"},"modified":"2025-04-08T14:57:42","modified_gmt":"2025-04-08T17:57:42","slug":"trece-profesionales-medicos-y-dentistas-se-suman-a-la-red-asistencial","status":"publish","type":"post","link":"https:\/\/www.serviciosaludaysen.cl\/index.php\/2025\/04\/08\/trece-profesionales-medicos-y-dentistas-se-suman-a-la-red-asistencial\/","title":{"rendered":"Trece profesionales m\u00e9dicos y dentistas se suman a la Red Asistencial"},"content":{"rendered":"\t\t<div data-elementor-type=\"wp-post\" data-elementor-id=\"4239\" class=\"elementor elementor-4239\">\n\t\t\t\t<div class=\"elementor-element elementor-element-8a864c0 e-flex e-con-boxed e-con e-parent\" data-id=\"8a864c0\" data-element_type=\"container\">\n\t\t\t\t\t<div class=\"e-con-inner\">\n\t\t\t\t<div class=\"elementor-element elementor-element-a345781 elementor-arrows-position-inside elementor-pagination-position-outside elementor-widget elementor-widget-image-carousel\" data-id=\"a345781\" data-element_type=\"widget\" data-settings=\"{&quot;slides_to_show&quot;:&quot;1&quot;,&quot;navigation&quot;:&quot;both&quot;,&quot;autoplay&quot;:&quot;yes&quot;,&quot;pause_on_hover&quot;:&quot;yes&quot;,&quot;pause_on_interaction&quot;:&quot;yes&quot;,&quot;autoplay_speed&quot;:5000,&quot;infinite&quot;:&quot;yes&quot;,&quot;effect&quot;:&quot;slide&quot;,&quot;speed&quot;:500}\" data-widget_type=\"image-carousel.default\">\n\t\t\t\t<div class=\"elementor-widget-container\">\n\t\t\t\t\t\t\t<div class=\"elementor-image-carousel-wrapper swiper\" role=\"region\" aria-roledescription=\"carousel\" aria-label=\"Carrusel de im\u00e1genes\" dir=\"ltr\">\n\t\t\t<div class=\"elementor-image-carousel swiper-wrapper\" aria-live=\"off\">\n\t\t\t\t\t\t\t\t<div class=\"swiper-slide\" role=\"group\" aria-roledescription=\"slide\" aria-label=\"1 de 6\"><figure class=\"swiper-slide-inner\"><img decoding=\"async\" class=\"swiper-slide-image\" src=\"https:\/\/www.serviciosaludaysen.cl\/wp-content\/uploads\/2025\/04\/EDF-6-1-768x576.jpg\" alt=\"EDF 6 (1)\" \/><\/figure><\/div><div class=\"swiper-slide\" role=\"group\" aria-roledescription=\"slide\" aria-label=\"2 de 6\"><figure class=\"swiper-slide-inner\"><img decoding=\"async\" class=\"swiper-slide-image\" src=\"https:\/\/www.serviciosaludaysen.cl\/wp-content\/uploads\/2025\/04\/EDF-1-768x576.jpg\" alt=\"EDF 1\" \/><\/figure><\/div><div class=\"swiper-slide\" role=\"group\" aria-roledescription=\"slide\" aria-label=\"3 de 6\"><figure class=\"swiper-slide-inner\"><img decoding=\"async\" class=\"swiper-slide-image\" src=\"https:\/\/www.serviciosaludaysen.cl\/wp-content\/uploads\/2025\/04\/EDF-4-768x576.jpg\" alt=\"EDF 4\" \/><\/figure><\/div><div class=\"swiper-slide\" role=\"group\" aria-roledescription=\"slide\" aria-label=\"4 de 6\"><figure class=\"swiper-slide-inner\"><img decoding=\"async\" class=\"swiper-slide-image\" src=\"https:\/\/www.serviciosaludaysen.cl\/wp-content\/uploads\/2025\/04\/EDF-5-768x576.jpg\" alt=\"EDF 5\" \/><\/figure><\/div><div class=\"swiper-slide\" role=\"group\" aria-roledescription=\"slide\" aria-label=\"5 de 6\"><figure class=\"swiper-slide-inner\"><img decoding=\"async\" class=\"swiper-slide-image\" src=\"https:\/\/www.serviciosaludaysen.cl\/wp-content\/uploads\/2025\/04\/EDF-2-768x576.jpg\" alt=\"EDF 2\" \/><\/figure><\/div><div class=\"swiper-slide\" role=\"group\" aria-roledescription=\"slide\" aria-label=\"6 de 6\"><figure class=\"swiper-slide-inner\"><img decoding=\"async\" class=\"swiper-slide-image\" src=\"https:\/\/www.serviciosaludaysen.cl\/wp-content\/uploads\/2025\/04\/EDF-3-768x576.jpg\" alt=\"EDF 3\" \/><\/figure><\/div>\t\t\t<\/div>\n\t\t\t\t\t\t\t\t\t\t\t\t<div class=\"elementor-swiper-button elementor-swiper-button-prev\" role=\"button\" tabindex=\"0\">\n\t\t\t\t\t\t<svg aria-hidden=\"true\" class=\"e-font-icon-svg e-eicon-chevron-left\" viewBox=\"0 0 1000 1000\" xmlns=\"http:\/\/www.w3.org\/2000\/svg\"><path d=\"M646 125C629 125 613 133 604 142L308 442C296 454 292 471 292 487 292 504 296 521 308 533L604 854C617 867 629 875 646 875 663 875 679 871 692 858 704 846 713 829 713 812 713 796 708 779 692 767L438 487 692 225C700 217 708 204 708 187 708 171 704 154 692 142 675 129 663 125 646 125Z\"><\/path><\/svg>\t\t\t\t\t<\/div>\n\t\t\t\t\t<div class=\"elementor-swiper-button elementor-swiper-button-next\" role=\"button\" tabindex=\"0\">\n\t\t\t\t\t\t<svg aria-hidden=\"true\" class=\"e-font-icon-svg e-eicon-chevron-right\" viewBox=\"0 0 1000 1000\" xmlns=\"http:\/\/www.w3.org\/2000\/svg\"><path d=\"M696 533C708 521 713 504 713 487 713 471 708 454 696 446L400 146C388 133 375 125 354 125 338 125 325 129 313 142 300 154 292 171 292 187 292 204 296 221 308 233L563 492 304 771C292 783 288 800 288 817 288 833 296 850 308 863 321 871 338 875 354 875 371 875 388 867 400 854L696 533Z\"><\/path><\/svg>\t\t\t\t\t<\/div>\n\t\t\t\t\n\t\t\t\t\t\t\t\t\t<div class=\"swiper-pagination\"><\/div>\n\t\t\t\t\t\t\t\t\t<\/div>\n\t\t\t\t\t\t<\/div>\n\t\t\t\t<\/div>\n\t\t\t\t\t<\/div>\n\t\t\t\t<\/div>\n\t\t<div class=\"elementor-element elementor-element-5719a391 e-flex e-con-boxed e-con e-parent\" data-id=\"5719a391\" data-element_type=\"container\">\n\t\t\t\t\t<div class=\"e-con-inner\">\n\t\t\t\t<div class=\"elementor-element elementor-element-5e9c1343 elementor-widget elementor-widget-text-editor\" data-id=\"5e9c1343\" data-element_type=\"widget\" data-widget_type=\"text-editor.default\">\n\t\t\t\t<div class=\"elementor-widget-container\">\n\t\t\t\t\t\t\t\t\t\n<p>Nueve m\u00e9dicos y cuatro dentistas se suman al trabajo que despliega la Red Asistencial de Ays\u00e9n. Se trata de j\u00f3venes profesionales en etapa de destinaci\u00f3n y formaci\u00f3n (EDF), una estrategia que forma parte del Plan Nacional de Inversi\u00f3n P\u00fablica en Salud.<\/p>\n\n\n\n<p>\u201cEstos nueve m\u00e9dicos y cuatro odont\u00f3logos vienen a hacer el recambio de las personas que ya cumplen su periodo. La llegada de estos profesionales nos permite dar equidad en los distintos territorios, dar la atenci\u00f3n necesaria que requieren las personas con las particularidades que tiene la regi\u00f3n, as\u00ed que estamos felices de recibir estos trece profesionales que se suman a la Red Asistencial\u201d, precis\u00f3 Juan Pablo Bravo, director del Servicio de Salud Ays\u00e9n (SSA).<\/p>\n\n\n\n<p>El plan destina profesionales m\u00e9dicos y odont\u00f3logos, a localidades vulnerables de nuestro pa\u00eds con dif\u00edcil acceso a la atenci\u00f3n de salud por motivos geogr\u00e1ficos, clim\u00e1ticos y socioecon\u00f3micos.<\/p>\n\n\n\n<p>\u201cEstamos muy contentos, sabemos que el desaf\u00edo principal es poder motivarles y darle continuidad al desarrollo del modelo de salud familiar y comunitario y por cierto reforzar este v\u00ednculo importante entre los equipos de cabecera de las zonas rurales con sus comunidades, porque es la forma de levantar con m\u00e1s pertinencia la salud en nuestra regi\u00f3n. Como Gobierno vamos a seguir impulsando todas estas estrategias que vienen en beneficio de darles pertinencia al desarrollo territorial, pero m\u00e1s a\u00fan avanzar en la resolutividad que es lo que necesitamos como pa\u00eds y particularmente como regi\u00f3n\u201d, se\u00f1al\u00f3 Carmen Gloria Monsalve, Seremi de Salud Ays\u00e9n.<\/p>\n\n\n\n<p>Con la incorporaci\u00f3n de los profesionales en este a\u00f1o 2025 ser\u00e1n un total 70 M\u00e9dicos Cirujanos EDF Art. 8 y un total de 09 Cirujanos Dentistas EDF Art. 8 en etapa de destinaci\u00f3n, en los Establecimientos de la Red del Servicio de Salud Ays\u00e9n.<\/p>\n\n\n\n<p>\u201cEste es un trabajo mancomunado que ha desarrollado el Gobierno Regional de Ays\u00e9n con el Servicio de Salud para mejorar la calidad de vida de la gente de Ays\u00e9n\u201d, mencion\u00f3 Dominique Brautigam, en representaci\u00f3n del gobernador Marcelo Santana.<\/p>\n\n\n\n<p>Los j\u00f3venes estar\u00e1n destinados desde La Junta a Villa O\u2019Higgins, en una pol\u00edtica p\u00fablica que data de 1955 y que busca reducir la brecha de m\u00e9dicos generales en zonas aisladas del pa\u00eds.<\/p>\n\n\n\n<p>Juan Aguilar, odont\u00f3logo que se trasladar\u00e1 a Villa O\u2019Higgins, coment\u00f3 acerca de lo que conoce de la localidad m\u00e1s austral de Ays\u00e9n. \u201cS\u00e9 que hay muy poquitas personas, que es una comunidad que se quiere y se aportan mucho entre todos. Es el lugar m\u00e1s remoto de la regi\u00f3n de Ays\u00e9n y espero aportar lo m\u00e1s que pueda a la comunidad\u201d, puntualiz\u00f3.<\/p>\n\n\n\n<p>Mientras el m\u00e9dico Juan Pablo Monta\u00f1o, vi\u00f1amarino con tres d\u00edas en la regi\u00f3n, dijo sentirse encantado del sur del pa\u00eds y agreg\u00f3 que \u201ca partir del jueves comenzamos a trabajar en el CESFAM de Puerto Ays\u00e9n\u201d.<\/p>\n\n\n\n<p>Por su parte Marcelo Cornejo de San Javier y quien se desempe\u00f1ar\u00e1 en Caleta Andrade, se\u00f1al\u00f3 que \u201cde lo que conozco de la isla es que son 1300 personas respecto al INE del 2018, se comunican mediante barcaza y los traslados se hacen v\u00eda a\u00e9rea o mar\u00edtima coordinado con la Armada\u201d.<\/p>\n\n\n\n<p>Una vez ingresado a la EDF, el per\u00edodo de destinaci\u00f3n dura entre 3 y 6 a\u00f1os, desempe\u00f1\u00e1ndose el m\u00e9dico cirujano y cirujano dentista en Establecimientos de Atenci\u00f3n Primaria de Salud u Hospitales de Baja Complejidad, otorgando atenciones de APS, de urgencias y hospitalizaci\u00f3n.<\/p>\n\n\n\n<p>\u201cPoder contribuir con mejorar la calidad de vida desde mi \u00e1rea, la odontolog\u00eda, aportar tambi\u00e9n desde la prevenci\u00f3n y promoci\u00f3n en salud para disminuir las brechas que existen en salud en una regi\u00f3n que tiene tantas condiciones dif\u00edciles como la dispersi\u00f3n geogr\u00e1fica y de alguna manera mejorar la equidad en salud\u201d, expres\u00f3 Daniela Figueroa, quien trabajar\u00e1 en el CESFAM La Junta.<\/p>\n\n\n\n<p>Melinka, La Junta, Villa O\u2019Higgins, Villa Ma\u00f1ihuales, Puerto Cisnes, Caleta Andrade, Puerto Ays\u00e9n y Chile Chico son parte de las comunas que se ver\u00e1n directamente beneficiadas con su llegada.<\/p>\n\t\t\t\t\t\t\t\t<\/div>\n\t\t\t\t<\/div>\n\t\t\t\t\t<\/div>\n\t\t\t\t<\/div>\n\t\t\t\t<\/div>\n\t\t","protected":false},"excerpt":{"rendered":"<p>Nueve m\u00e9dicos y cuatro dentistas se suman al trabajo que despliega la Red Asistencial de Ays\u00e9n. Se trata de j\u00f3venes [&hellip;]<\/p>\n","protected":false},"author":2,"featured_media":4241,"comment_status":"open","ping_status":"open","sticky":false,"template":"","format":"standard","meta":{"_eb_attr":"","site-sidebar-layout":"default","site-content-layout":"","ast-site-content-layout":"","site-content-style":"default","site-sidebar-style":"default","ast-global-header-display":"","ast-banner-title-visibility":"","ast-main-header-display":"","ast-hfb-above-header-display":"","ast-hfb-below-header-display":"","ast-hfb-mobile-header-display":"","site-post-title":"","ast-breadcrumbs-content":"","ast-featured-img":"disabled","footer-sml-layout":"","theme-transparent-header-meta":"","adv-header-id-meta":"","stick-header-meta":"","header-above-stick-meta":"","header-main-stick-meta":"","header-below-stick-meta":"","astra-migrate-meta-layouts":"default","ast-page-background-enabled":"default","ast-page-background-meta":{"desktop":{"background-color":"var(--ast-global-color-4)","background-image":"","background-repeat":"repeat","background-position":"center center","background-size":"auto","background-attachment":"scroll","background-type":"","background-media":"","overlay-type":"","overlay-color":"","overlay-opacity":"","overlay-gradient":""},"tablet":{"background-color":"","background-image":"","background-repeat":"repeat","background-position":"center center","background-size":"auto","background-attachment":"scroll","background-type":"","background-media":"","overlay-type":"","overlay-color":"","overlay-opacity":"","overlay-gradient":""},"mobile":{"background-color":"","background-image":"","background-repeat":"repeat","background-position":"center center","background-size":"auto","background-attachment":"scroll","background-type":"","background-media":"","overlay-type":"","overlay-color":"","overlay-opacity":"","overlay-gradient":""}},"ast-content-background-meta":{"desktop":{"background-color":"var(--ast-global-color-5)","background-image":"","background-repeat":"repeat","background-position":"center center","background-size":"auto","background-attachment":"scroll","background-type":"","background-media":"","overlay-type":"","overlay-color":"","overlay-opacity":"","overlay-gradient":""},"tablet":{"background-color":"var(--ast-global-color-5)","background-image":"","background-repeat":"repeat","background-position":"center center","background-size":"auto","background-attachment":"scroll","background-type":"","background-media":"","overlay-type":"","overlay-color":"","overlay-opacity":"","overlay-gradient":""},"mobile":{"background-color":"var(--ast-global-color-5)","background-image":"","background-repeat":"repeat","background-position":"center center","background-size":"auto","background-attachment":"scroll","background-type":"","background-media":"","overlay-type":"","overlay-color":"","overlay-opacity":"","overlay-gradient":""}},"footnotes":""},"categories":[1],"tags":[],"class_list":["post-4239","post","type-post","status-publish","format-standard","has-post-thumbnail","hentry","category-noticias"],"_links":{"self":[{"href":"https:\/\/www.serviciosaludaysen.cl\/index.php\/wp-json\/wp\/v2\/posts\/4239","targetHints":{"allow":["GET"]}}],"collection":[{"href":"https:\/\/www.serviciosaludaysen.cl\/index.php\/wp-json\/wp\/v2\/posts"}],"about":[{"href":"https:\/\/www.serviciosaludaysen.cl\/index.php\/wp-json\/wp\/v2\/types\/post"}],"author":[{"embeddable":true,"href":"https:\/\/www.serviciosaludaysen.cl\/index.php\/wp-json\/wp\/v2\/users\/2"}],"replies":[{"embeddable":true,"href":"https:\/\/www.serviciosaludaysen.cl\/index.php\/wp-json\/wp\/v2\/comments?post=4239"}],"version-history":[{"count":4,"href":"https:\/\/www.serviciosaludaysen.cl\/index.php\/wp-json\/wp\/v2\/posts\/4239\/revisions"}],"predecessor-version":[{"id":4249,"href":"https:\/\/www.serviciosaludaysen.cl\/index.php\/wp-json\/wp\/v2\/posts\/4239\/revisions\/4249"}],"wp:featuredmedia":[{"embeddable":true,"href":"https:\/\/www.serviciosaludaysen.cl\/index.php\/wp-json\/wp\/v2\/media\/4241"}],"wp:attachment":[{"href":"https:\/\/www.serviciosaludaysen.cl\/index.php\/wp-json\/wp\/v2\/media?parent=4239"}],"wp:term":[{"taxonomy":"category","embeddable":true,"href":"https:\/\/www.serviciosaludaysen.cl\/index.php\/wp-json\/wp\/v2\/categories?post=4239"},{"taxonomy":"post_tag","embeddable":true,"href":"https:\/\/www.serviciosaludaysen.cl\/index.php\/wp-json\/wp\/v2\/tags?post=4239"}],"curies":[{"name":"wp","href":"https:\/\/api.w.org\/{rel}","templated":true}]}}