{"id":4174,"date":"2025-03-25T16:39:22","date_gmt":"2025-03-25T19:39:22","guid":{"rendered":"https:\/\/www.serviciosaludaysen.cl\/?p=4174"},"modified":"2025-03-31T11:19:06","modified_gmt":"2025-03-31T14:19:06","slug":"servicios-de-salud-de-aysen-y-reloncavi-firman-convenio-para-fortalecer-atencion-de-salud-en-zonas-fronterizas","status":"publish","type":"post","link":"https:\/\/www.serviciosaludaysen.cl\/index.php\/2025\/03\/25\/servicios-de-salud-de-aysen-y-reloncavi-firman-convenio-para-fortalecer-atencion-de-salud-en-zonas-fronterizas\/","title":{"rendered":"Servicios de Salud de Ays\u00e9n y Reloncav\u00ed firman convenio para fortalecer atenci\u00f3n de salud en zonas fronterizas"},"content":{"rendered":"\t\t<div data-elementor-type=\"wp-post\" data-elementor-id=\"4174\" class=\"elementor elementor-4174\">\n\t\t\t\t<div class=\"elementor-element elementor-element-b5a1fc3 e-flex e-con-boxed e-con e-parent\" data-id=\"b5a1fc3\" data-element_type=\"container\">\n\t\t\t\t\t<div class=\"e-con-inner\">\n\t\t\t\t<div class=\"elementor-element elementor-element-641e740 elementor-arrows-position-inside elementor-pagination-position-outside elementor-widget elementor-widget-image-carousel\" data-id=\"641e740\" data-element_type=\"widget\" data-settings=\"{&quot;slides_to_show&quot;:&quot;1&quot;,&quot;navigation&quot;:&quot;both&quot;,&quot;autoplay&quot;:&quot;yes&quot;,&quot;pause_on_hover&quot;:&quot;yes&quot;,&quot;pause_on_interaction&quot;:&quot;yes&quot;,&quot;autoplay_speed&quot;:5000,&quot;infinite&quot;:&quot;yes&quot;,&quot;effect&quot;:&quot;slide&quot;,&quot;speed&quot;:500}\" data-widget_type=\"image-carousel.default\">\n\t\t\t\t<div class=\"elementor-widget-container\">\n\t\t\t\t\t\t\t<div class=\"elementor-image-carousel-wrapper swiper\" role=\"region\" aria-roledescription=\"carousel\" aria-label=\"Carrusel de im\u00e1genes\" dir=\"ltr\">\n\t\t\t<div class=\"elementor-image-carousel swiper-wrapper\" aria-live=\"off\">\n\t\t\t\t\t\t\t\t<div class=\"swiper-slide\" role=\"group\" aria-roledescription=\"slide\" aria-label=\"1 de 5\"><figure class=\"swiper-slide-inner\"><img decoding=\"async\" class=\"swiper-slide-image\" src=\"https:\/\/www.serviciosaludaysen.cl\/wp-content\/uploads\/2025\/03\/FOTO-5-CONVENIO-768x576.jpeg\" alt=\"FOTO 5 CONVENIO\" \/><\/figure><\/div><div class=\"swiper-slide\" role=\"group\" aria-roledescription=\"slide\" aria-label=\"2 de 5\"><figure class=\"swiper-slide-inner\"><img decoding=\"async\" class=\"swiper-slide-image\" src=\"https:\/\/www.serviciosaludaysen.cl\/wp-content\/uploads\/2025\/03\/FOTO-4-CONVENIO-768x576.jpeg\" alt=\"FOTO 4 CONVENIO\" \/><\/figure><\/div><div class=\"swiper-slide\" role=\"group\" aria-roledescription=\"slide\" aria-label=\"3 de 5\"><figure class=\"swiper-slide-inner\"><img decoding=\"async\" class=\"swiper-slide-image\" src=\"https:\/\/www.serviciosaludaysen.cl\/wp-content\/uploads\/2025\/03\/FOTO-3-CONVENIO-768x576.jpeg\" alt=\"FOTO 3 CONVENIO\" \/><\/figure><\/div><div class=\"swiper-slide\" role=\"group\" aria-roledescription=\"slide\" aria-label=\"4 de 5\"><figure class=\"swiper-slide-inner\"><img decoding=\"async\" class=\"swiper-slide-image\" src=\"https:\/\/www.serviciosaludaysen.cl\/wp-content\/uploads\/2025\/03\/FOTO-2-CONVENIO-768x576.jpeg\" alt=\"FOTO 2 CONVENIO\" \/><\/figure><\/div><div class=\"swiper-slide\" role=\"group\" aria-roledescription=\"slide\" aria-label=\"5 de 5\"><figure class=\"swiper-slide-inner\"><img decoding=\"async\" class=\"swiper-slide-image\" src=\"https:\/\/www.serviciosaludaysen.cl\/wp-content\/uploads\/2025\/03\/FOTO-1-CONVENIO-768x576.jpeg\" alt=\"FOTO 1 CONVENIO\" \/><\/figure><\/div>\t\t\t<\/div>\n\t\t\t\t\t\t\t\t\t\t\t\t<div class=\"elementor-swiper-button elementor-swiper-button-prev\" role=\"button\" tabindex=\"0\">\n\t\t\t\t\t\t<svg aria-hidden=\"true\" class=\"e-font-icon-svg e-eicon-chevron-left\" viewBox=\"0 0 1000 1000\" xmlns=\"http:\/\/www.w3.org\/2000\/svg\"><path d=\"M646 125C629 125 613 133 604 142L308 442C296 454 292 471 292 487 292 504 296 521 308 533L604 854C617 867 629 875 646 875 663 875 679 871 692 858 704 846 713 829 713 812 713 796 708 779 692 767L438 487 692 225C700 217 708 204 708 187 708 171 704 154 692 142 675 129 663 125 646 125Z\"><\/path><\/svg>\t\t\t\t\t<\/div>\n\t\t\t\t\t<div class=\"elementor-swiper-button elementor-swiper-button-next\" role=\"button\" tabindex=\"0\">\n\t\t\t\t\t\t<svg aria-hidden=\"true\" class=\"e-font-icon-svg e-eicon-chevron-right\" viewBox=\"0 0 1000 1000\" xmlns=\"http:\/\/www.w3.org\/2000\/svg\"><path d=\"M696 533C708 521 713 504 713 487 713 471 708 454 696 446L400 146C388 133 375 125 354 125 338 125 325 129 313 142 300 154 292 171 292 187 292 204 296 221 308 233L563 492 304 771C292 783 288 800 288 817 288 833 296 850 308 863 321 871 338 875 354 875 371 875 388 867 400 854L696 533Z\"><\/path><\/svg>\t\t\t\t\t<\/div>\n\t\t\t\t\n\t\t\t\t\t\t\t\t\t<div class=\"swiper-pagination\"><\/div>\n\t\t\t\t\t\t\t\t\t<\/div>\n\t\t\t\t\t\t<\/div>\n\t\t\t\t<\/div>\n\t\t\t\t\t<\/div>\n\t\t\t\t<\/div>\n\t\t<div class=\"elementor-element elementor-element-ab916b9 e-flex e-con-boxed e-con e-parent\" data-id=\"ab916b9\" data-element_type=\"container\">\n\t\t\t\t\t<div class=\"e-con-inner\">\n\t\t\t\t<div class=\"elementor-element elementor-element-594bdee2 elementor-widget elementor-widget-text-editor\" data-id=\"594bdee2\" data-element_type=\"widget\" data-widget_type=\"text-editor.default\">\n\t\t\t\t<div class=\"elementor-widget-container\">\n\t\t\t\t\t\t\t\t\t\n<p>Con el objetivo de fortalecer la atenci\u00f3n de salud en las zonas lim\u00edtrofes de ambas regiones, los Servicios de Salud de Ays\u00e9n y Del Reloncav\u00ed firmaron un Convenio de Colaboraci\u00f3n, que permitir\u00e1 integrar de manera m\u00e1s eficiente las prestaciones asistenciales entre ambas instituciones.<\/p>\n\n\n\n<p>Este acuerdo busca reconocer la realidad territorial, social y cultural que comparten las comunidades de la provincia de Palena y el norte de la regi\u00f3n de Ays\u00e9n, donde los habitantes hist\u00f3ricamente han establecido v\u00ednculos de atenci\u00f3n espont\u00e1nea entre los establecimientos de ambas redes de salud p\u00fablica.<\/p>\n\n\n\n<p>\u201cEste convenio marca el inicio de un trabajo conjunto para abrir nuestras carteras de prestaciones y avanzar hacia una mayor equidad en los territorios. Ambos servicios de salud enfrentamos dificultades importantes relacionadas con el aislamiento y la distancia, donde los kil\u00f3metros no se pueden medir simplemente en tiempo. Las condiciones de las rutas son complejas, y este acuerdo permitir\u00e1 beneficiar a toda el \u00e1rea norte de la regi\u00f3n de Ays\u00e9n, as\u00ed como tambi\u00e9n Palena (\u2026) vamos a poder trabajar de manera coordinada en rondas m\u00e9dicas, telemedicina y distintas estrategias. Sin duda, este es un hito relevante para nuestras regiones\u201d, manifest\u00f3 Juan Pablo Bravo Quintana, director del Servicio de Salud Ays\u00e9n.<\/p>\n\n\n\n<p>El convenio tambi\u00e9n establece \u00e1mbitos de cooperaci\u00f3n clave como derivaciones y traslados, acceso a an\u00e1lisis de muestras m\u00e9dicas y ex\u00e1menes de laboratorio y colaboraci\u00f3n t\u00e9cnica y administrativa seg\u00fan las necesidades detectadas por ambos servicios.<\/p>\n\n\n\n<p>\u00abEmpezamos primero en reconocer ex\u00e1menes, consultas m\u00e9dicas y de especialidades, para tambi\u00e9n poder ir transitando hacia otros procedimientos y tambi\u00e9n rondas m\u00e9dicas de especialistas. As\u00ed que estamos muy contentos, somos solo un territorio, y ambos directores hemos firmado un pacto junto a nuestro equipo cl\u00ednico para que este territorio tenga transversalidad en lo que es la instituci\u00f3n en temas de salud\u201d, expres\u00f3 B\u00e1rbara Del Pino, directora del Servicio de Salud del Reloncav\u00ed.<\/p>\n\n\n\n<p>Adem\u00e1s, el acuerdo contempla el desarrollo de una comisi\u00f3n de ambos servicios, que en el corto plazo permitir\u00e1 la elaboraci\u00f3n de un manual cl\u00ednico administrativo para regularizar, formalizar y enriquecer los flujos asistenciales entre ambas poblaciones en lo referente a atenciones y acceso a ex\u00e1menes de apoyo cl\u00ednico.<\/p>\n\n\n\n<p>\u201cEste convenio pretende hacernos cargo, desde la institucionalidad de ambos servicios del Reloncav\u00ed y de nuestro servicio, de lo que ocurre espont\u00e1neamente con nuestra poblaci\u00f3n fronteriza, que est\u00e1 en el eje La Junta, Ra\u00fal Mar\u00edn, Lago Verde, Puyuhuapi, y que acude a los hospitales del Reloncav\u00ed, y viceversa\u201d, acot\u00f3 el Dr. Jaime Carvajal, coordinador del convenio entre ambos servicios.<\/p>\n\n\n\n<p>Este acuerdo representa un paso concreto hacia una mejor integraci\u00f3n sanitaria en territorios que comparten realidades similares, en respuesta directa a una necesidad planteada por la propia comunidad usuaria y por los equipos de salud que han trabajado hist\u00f3ricamente en forma colaborativa pese a las barreras administrativas.<\/p>\n\t\t\t\t\t\t\t\t<\/div>\n\t\t\t\t<\/div>\n\t\t\t\t\t<\/div>\n\t\t\t\t<\/div>\n\t\t\t\t<\/div>\n\t\t","protected":false},"excerpt":{"rendered":"<p>Con el objetivo de fortalecer la atenci\u00f3n de salud en las zonas lim\u00edtrofes de ambas regiones, los Servicios de Salud [&hellip;]<\/p>\n","protected":false},"author":2,"featured_media":4177,"comment_status":"open","ping_status":"open","sticky":false,"template":"","format":"standard","meta":{"_eb_attr":"","site-sidebar-layout":"default","site-content-layout":"","ast-site-content-layout":"","site-content-style":"default","site-sidebar-style":"default","ast-global-header-display":"","ast-banner-title-visibility":"","ast-main-header-display":"","ast-hfb-above-header-display":"","ast-hfb-below-header-display":"","ast-hfb-mobile-header-display":"","site-post-title":"","ast-breadcrumbs-content":"","ast-featured-img":"disabled","footer-sml-layout":"","theme-transparent-header-meta":"","adv-header-id-meta":"","stick-header-meta":"","header-above-stick-meta":"","header-main-stick-meta":"","header-below-stick-meta":"","astra-migrate-meta-layouts":"default","ast-page-background-enabled":"default","ast-page-background-meta":{"desktop":{"background-color":"var(--ast-global-color-4)","background-image":"","background-repeat":"repeat","background-position":"center center","background-size":"auto","background-attachment":"scroll","background-type":"","background-media":"","overlay-type":"","overlay-color":"","overlay-opacity":"","overlay-gradient":""},"tablet":{"background-color":"","background-image":"","background-repeat":"repeat","background-position":"center center","background-size":"auto","background-attachment":"scroll","background-type":"","background-media":"","overlay-type":"","overlay-color":"","overlay-opacity":"","overlay-gradient":""},"mobile":{"background-color":"","background-image":"","background-repeat":"repeat","background-position":"center center","background-size":"auto","background-attachment":"scroll","background-type":"","background-media":"","overlay-type":"","overlay-color":"","overlay-opacity":"","overlay-gradient":""}},"ast-content-background-meta":{"desktop":{"background-color":"var(--ast-global-color-5)","background-image":"","background-repeat":"repeat","background-position":"center center","background-size":"auto","background-attachment":"scroll","background-type":"","background-media":"","overlay-type":"","overlay-color":"","overlay-opacity":"","overlay-gradient":""},"tablet":{"background-color":"var(--ast-global-color-5)","background-image":"","background-repeat":"repeat","background-position":"center center","background-size":"auto","background-attachment":"scroll","background-type":"","background-media":"","overlay-type":"","overlay-color":"","overlay-opacity":"","overlay-gradient":""},"mobile":{"background-color":"var(--ast-global-color-5)","background-image":"","background-repeat":"repeat","background-position":"center center","background-size":"auto","background-attachment":"scroll","background-type":"","background-media":"","overlay-type":"","overlay-color":"","overlay-opacity":"","overlay-gradient":""}},"footnotes":""},"categories":[1],"tags":[],"class_list":["post-4174","post","type-post","status-publish","format-standard","has-post-thumbnail","hentry","category-noticias"],"_links":{"self":[{"href":"https:\/\/www.serviciosaludaysen.cl\/index.php\/wp-json\/wp\/v2\/posts\/4174","targetHints":{"allow":["GET"]}}],"collection":[{"href":"https:\/\/www.serviciosaludaysen.cl\/index.php\/wp-json\/wp\/v2\/posts"}],"about":[{"href":"https:\/\/www.serviciosaludaysen.cl\/index.php\/wp-json\/wp\/v2\/types\/post"}],"author":[{"embeddable":true,"href":"https:\/\/www.serviciosaludaysen.cl\/index.php\/wp-json\/wp\/v2\/users\/2"}],"replies":[{"embeddable":true,"href":"https:\/\/www.serviciosaludaysen.cl\/index.php\/wp-json\/wp\/v2\/comments?post=4174"}],"version-history":[{"count":4,"href":"https:\/\/www.serviciosaludaysen.cl\/index.php\/wp-json\/wp\/v2\/posts\/4174\/revisions"}],"predecessor-version":[{"id":4183,"href":"https:\/\/www.serviciosaludaysen.cl\/index.php\/wp-json\/wp\/v2\/posts\/4174\/revisions\/4183"}],"wp:featuredmedia":[{"embeddable":true,"href":"https:\/\/www.serviciosaludaysen.cl\/index.php\/wp-json\/wp\/v2\/media\/4177"}],"wp:attachment":[{"href":"https:\/\/www.serviciosaludaysen.cl\/index.php\/wp-json\/wp\/v2\/media?parent=4174"}],"wp:term":[{"taxonomy":"category","embeddable":true,"href":"https:\/\/www.serviciosaludaysen.cl\/index.php\/wp-json\/wp\/v2\/categories?post=4174"},{"taxonomy":"post_tag","embeddable":true,"href":"https:\/\/www.serviciosaludaysen.cl\/index.php\/wp-json\/wp\/v2\/tags?post=4174"}],"curies":[{"name":"wp","href":"https:\/\/api.w.org\/{rel}","templated":true}]}}