{"id":4116,"date":"2025-03-19T12:50:13","date_gmt":"2025-03-19T15:50:13","guid":{"rendered":"https:\/\/www.serviciosaludaysen.cl\/?p=4116"},"modified":"2025-03-19T12:54:18","modified_gmt":"2025-03-19T15:54:18","slug":"campana-de-vacunacion-contra-influenza-y-covid-19-inicia-en-toda-la-region-de-aysen","status":"publish","type":"post","link":"https:\/\/www.serviciosaludaysen.cl\/index.php\/2025\/03\/19\/campana-de-vacunacion-contra-influenza-y-covid-19-inicia-en-toda-la-region-de-aysen\/","title":{"rendered":"Campa\u00f1a de Vacunaci\u00f3n contra Influenza y COVID-19 inicia en toda la regi\u00f3n de Ays\u00e9n"},"content":{"rendered":"\t\t<div data-elementor-type=\"wp-post\" data-elementor-id=\"4116\" class=\"elementor elementor-4116\">\n\t\t\t\t<div class=\"elementor-element elementor-element-89235e9 e-flex e-con-boxed e-con e-parent\" data-id=\"89235e9\" data-element_type=\"container\">\n\t\t\t\t\t<div class=\"e-con-inner\">\n\t\t\t\t<div class=\"elementor-element elementor-element-9f56398 elementor-arrows-position-inside elementor-pagination-position-outside elementor-widget elementor-widget-image-carousel\" data-id=\"9f56398\" data-element_type=\"widget\" data-settings=\"{&quot;slides_to_show&quot;:&quot;1&quot;,&quot;navigation&quot;:&quot;both&quot;,&quot;autoplay&quot;:&quot;yes&quot;,&quot;pause_on_hover&quot;:&quot;yes&quot;,&quot;pause_on_interaction&quot;:&quot;yes&quot;,&quot;autoplay_speed&quot;:5000,&quot;infinite&quot;:&quot;yes&quot;,&quot;effect&quot;:&quot;slide&quot;,&quot;speed&quot;:500}\" data-widget_type=\"image-carousel.default\">\n\t\t\t\t<div class=\"elementor-widget-container\">\n\t\t\t\t\t\t\t<div class=\"elementor-image-carousel-wrapper swiper\" role=\"region\" aria-roledescription=\"carousel\" aria-label=\"Carrusel de im\u00e1genes\" dir=\"ltr\">\n\t\t\t<div class=\"elementor-image-carousel swiper-wrapper\" aria-live=\"off\">\n\t\t\t\t\t\t\t\t<div class=\"swiper-slide\" role=\"group\" aria-roledescription=\"slide\" aria-label=\"1 de 14\"><figure class=\"swiper-slide-inner\"><img decoding=\"async\" class=\"swiper-slide-image\" src=\"https:\/\/www.serviciosaludaysen.cl\/wp-content\/uploads\/2025\/03\/coy-vac-2-768x576.jpeg\" alt=\"coy vac (2)\" \/><\/figure><\/div><div class=\"swiper-slide\" role=\"group\" aria-roledescription=\"slide\" aria-label=\"2 de 14\"><figure class=\"swiper-slide-inner\"><img decoding=\"async\" class=\"swiper-slide-image\" src=\"https:\/\/www.serviciosaludaysen.cl\/wp-content\/uploads\/2025\/03\/coy-vac-3-768x576.jpeg\" alt=\"coy vac (3)\" \/><\/figure><\/div><div class=\"swiper-slide\" role=\"group\" aria-roledescription=\"slide\" aria-label=\"3 de 14\"><figure class=\"swiper-slide-inner\"><img decoding=\"async\" class=\"swiper-slide-image\" src=\"https:\/\/www.serviciosaludaysen.cl\/wp-content\/uploads\/2025\/03\/coy-vac-1-768x576.jpeg\" alt=\"coy vac (1)\" \/><\/figure><\/div><div class=\"swiper-slide\" role=\"group\" aria-roledescription=\"slide\" aria-label=\"4 de 14\"><figure class=\"swiper-slide-inner\"><img decoding=\"async\" class=\"swiper-slide-image\" src=\"https:\/\/www.serviciosaludaysen.cl\/wp-content\/uploads\/2025\/03\/cochrane2-768x720.jpg\" alt=\"cochrane2\" \/><\/figure><\/div><div class=\"swiper-slide\" role=\"group\" aria-roledescription=\"slide\" aria-label=\"5 de 14\"><figure class=\"swiper-slide-inner\"><img decoding=\"async\" class=\"swiper-slide-image\" src=\"https:\/\/www.serviciosaludaysen.cl\/wp-content\/uploads\/2025\/03\/vac-aysen2-768x512.jpg\" alt=\"vac aysen2\" \/><\/figure><\/div><div class=\"swiper-slide\" role=\"group\" aria-roledescription=\"slide\" aria-label=\"6 de 14\"><figure class=\"swiper-slide-inner\"><img decoding=\"async\" class=\"swiper-slide-image\" src=\"https:\/\/www.serviciosaludaysen.cl\/wp-content\/uploads\/2025\/03\/vac-aysen4-768x444.jpg\" alt=\"vac aysen4\" \/><\/figure><\/div><div class=\"swiper-slide\" role=\"group\" aria-roledescription=\"slide\" aria-label=\"7 de 14\"><figure class=\"swiper-slide-inner\"><img decoding=\"async\" class=\"swiper-slide-image\" src=\"https:\/\/www.serviciosaludaysen.cl\/wp-content\/uploads\/2025\/03\/vac-aysen5-768x513.jpg\" alt=\"vac aysen5\" \/><\/figure><\/div><div class=\"swiper-slide\" role=\"group\" aria-roledescription=\"slide\" aria-label=\"8 de 14\"><figure class=\"swiper-slide-inner\"><img decoding=\"async\" class=\"swiper-slide-image\" src=\"https:\/\/www.serviciosaludaysen.cl\/wp-content\/uploads\/2025\/03\/vac-aysen3-768x512.jpg\" alt=\"vac aysen3\" \/><\/figure><\/div><div class=\"swiper-slide\" role=\"group\" aria-roledescription=\"slide\" aria-label=\"9 de 14\"><figure class=\"swiper-slide-inner\"><img decoding=\"async\" class=\"swiper-slide-image\" src=\"https:\/\/www.serviciosaludaysen.cl\/wp-content\/uploads\/2025\/03\/vac-aysen6-768x466.jpg\" alt=\"vac aysen6\" \/><\/figure><\/div><div class=\"swiper-slide\" role=\"group\" aria-roledescription=\"slide\" aria-label=\"10 de 14\"><figure class=\"swiper-slide-inner\"><img decoding=\"async\" class=\"swiper-slide-image\" src=\"https:\/\/www.serviciosaludaysen.cl\/wp-content\/uploads\/2025\/03\/vac-aysen1-768x512.jpg\" alt=\"vac aysen1\" \/><\/figure><\/div><div class=\"swiper-slide\" role=\"group\" aria-roledescription=\"slide\" aria-label=\"11 de 14\"><figure class=\"swiper-slide-inner\"><img decoding=\"async\" class=\"swiper-slide-image\" src=\"https:\/\/www.serviciosaludaysen.cl\/wp-content\/uploads\/2025\/03\/cisnes4-768x614.jpg\" alt=\"cisnes4\" \/><\/figure><\/div><div class=\"swiper-slide\" role=\"group\" aria-roledescription=\"slide\" aria-label=\"12 de 14\"><figure class=\"swiper-slide-inner\"><img decoding=\"async\" class=\"swiper-slide-image\" src=\"https:\/\/www.serviciosaludaysen.cl\/wp-content\/uploads\/2025\/03\/cisnes5-1-768x614.jpg\" alt=\"cisnes5 (1)\" \/><\/figure><\/div><div class=\"swiper-slide\" role=\"group\" aria-roledescription=\"slide\" aria-label=\"13 de 14\"><figure class=\"swiper-slide-inner\"><img decoding=\"async\" class=\"swiper-slide-image\" src=\"https:\/\/www.serviciosaludaysen.cl\/wp-content\/uploads\/2025\/03\/cisnes2-768x614.jpg\" alt=\"cisnes2\" \/><\/figure><\/div><div class=\"swiper-slide\" role=\"group\" aria-roledescription=\"slide\" aria-label=\"14 de 14\"><figure class=\"swiper-slide-inner\"><img decoding=\"async\" class=\"swiper-slide-image\" src=\"https:\/\/www.serviciosaludaysen.cl\/wp-content\/uploads\/2025\/03\/cisnes3-768x614.jpg\" alt=\"cisnes3\" \/><\/figure><\/div>\t\t\t<\/div>\n\t\t\t\t\t\t\t\t\t\t\t\t<div class=\"elementor-swiper-button elementor-swiper-button-prev\" role=\"button\" tabindex=\"0\">\n\t\t\t\t\t\t<svg aria-hidden=\"true\" class=\"e-font-icon-svg e-eicon-chevron-left\" viewBox=\"0 0 1000 1000\" xmlns=\"http:\/\/www.w3.org\/2000\/svg\"><path d=\"M646 125C629 125 613 133 604 142L308 442C296 454 292 471 292 487 292 504 296 521 308 533L604 854C617 867 629 875 646 875 663 875 679 871 692 858 704 846 713 829 713 812 713 796 708 779 692 767L438 487 692 225C700 217 708 204 708 187 708 171 704 154 692 142 675 129 663 125 646 125Z\"><\/path><\/svg>\t\t\t\t\t<\/div>\n\t\t\t\t\t<div class=\"elementor-swiper-button elementor-swiper-button-next\" role=\"button\" tabindex=\"0\">\n\t\t\t\t\t\t<svg aria-hidden=\"true\" class=\"e-font-icon-svg e-eicon-chevron-right\" viewBox=\"0 0 1000 1000\" xmlns=\"http:\/\/www.w3.org\/2000\/svg\"><path d=\"M696 533C708 521 713 504 713 487 713 471 708 454 696 446L400 146C388 133 375 125 354 125 338 125 325 129 313 142 300 154 292 171 292 187 292 204 296 221 308 233L563 492 304 771C292 783 288 800 288 817 288 833 296 850 308 863 321 871 338 875 354 875 371 875 388 867 400 854L696 533Z\"><\/path><\/svg>\t\t\t\t\t<\/div>\n\t\t\t\t\n\t\t\t\t\t\t\t\t\t<div class=\"swiper-pagination\"><\/div>\n\t\t\t\t\t\t\t\t\t<\/div>\n\t\t\t\t\t\t<\/div>\n\t\t\t\t<\/div>\n\t\t\t\t\t<\/div>\n\t\t\t\t<\/div>\n\t\t<div class=\"elementor-element elementor-element-6accd02e e-flex e-con-boxed e-con e-parent\" data-id=\"6accd02e\" data-element_type=\"container\">\n\t\t\t\t\t<div class=\"e-con-inner\">\n\t\t\t\t<div class=\"elementor-element elementor-element-25456b6c elementor-widget elementor-widget-text-editor\" data-id=\"25456b6c\" data-element_type=\"widget\" data-widget_type=\"text-editor.default\">\n\t\t\t\t<div class=\"elementor-widget-container\">\n\t\t\t\t\t\t\t\t\t\n<p>Desde el 1 de marzo en todo el pa\u00eds se lanz\u00f3 la Campa\u00f1a de Invierno 2025, estrategia que busca inmunizar a la mayor cantidad de chilenas y chilenos, comenzando por los grupos de riesgo, entre ellos personal de salud (p\u00fablico y privado), personas de 60 a\u00f1os y m\u00e1s, personas con patolog\u00edas cr\u00f3nicas (desde los 6 meses en COVID-19 y entre los 11 y 59 a\u00f1os en Influenza), embarazadas y cuidadores de personas mayores y funcionarios de ELEAM.<\/p>\n\n\n\n<p>\u201cMe alegro del anticipo de esta campa\u00f1a de vacunaci\u00f3n, porque se nos vienen tiempos muy complicados en este invierno y tenemos que fortalecer a las personas mayores y la vida en todas sus facetas, especialmente en el tema de la salud. Por lo tanto, invito a mujeres y hombres mayores de toda la regi\u00f3n de Ays\u00e9n a que asistan a los centros de salud a vacunarse\u201d, precisa V\u00edctor Soto, dirigente de los adultos mayores.<\/p>\n\n\n\n<p>Tambi\u00e9n se encuentra disponible la inoculaci\u00f3n del anticuerpo monoclonal para el virus respiratorio sincicial (VRS). \u201cEsta campa\u00f1a incluye la vacunaci\u00f3n contra la influenza y el COVID-19 y adem\u00e1s para los m\u00e1s peque\u00f1os tenemos medicamento preventivo contra el virus respiratorio sincicial. Tambi\u00e9n tenemos otras vacunas para los adultos mayores sobre 65 a\u00f1os, as\u00ed que los invitamos a administrarse estas vacunas, a acudir a los puntos de vacunaci\u00f3n que vamos a tener, para que podamos proteger a los grupos de mayor riesgo y a toda nuestra comunidad del sector norte\u201d, inform\u00f3 Camila San Mart\u00edn, directora del CESFAM de La Junta.<\/p>\n\n\n\n<p>En el caso particular de la vacuna contra la Influenza, tambi\u00e9n incorpora a los ni\u00f1os y ni\u00f1as desde los seis meses hasta quinto b\u00e1sico, docentes y asistentes de la educaci\u00f3n preescolar y escolar hasta 8vo b\u00e1sico.<\/p>\n\n\n\n<p>\u201cTodos los establecimientos de nuestra Red Asistencial a lo largo de la regi\u00f3n ya cuentan con las vacunas necesarias y el personal capacitado para llevar adelante la campa\u00f1a de inmunizaciones. Tambi\u00e9n es fundamental recordarles que las personas pertenecientes a los grupos objetivos se vacunen a tiempo para prevenir enfermedades durante el invierno\u201d, precis\u00f3 por su parte Juan Pablo Bravo, director del SSA.<\/p>\n\n\n\n<p>Cabe recordar que la comuna de Ays\u00e9n se encuentra incluida en a la estrategia de APS Universal, por lo que cualquier persona se puede acercar a los distintos dispositivos, independientemente de su previsi\u00f3n.<\/p>\n\n\n\n<p><strong>Cisnes y Ays\u00e9n<\/strong><\/p>\n\n\n\n<p>Tambi\u00e9n en las localidades de Puerto Cisnes y Ays\u00e9n se realizaron lanzamientos de campa\u00f1a, como asimismo en Cochrane y Chile Chico.\u201cInvito a vacunarse especialmente a la poblaci\u00f3n de riesgo de presentar enfermedades complicadas producto de los virus de la influenza y el COVID-19, que son las personas mayores de 60 a\u00f1os aunque no tengas enfermedades cr\u00f3nicas, el resto de las edades desde los seis meses que presenten alguna enfermedad cr\u00f3nica importante y tambi\u00e9n las mujeres embarazadas, todo esto no con el fin de prevenir s\u00edntomas de las enfermedades infecciosas, sino complicaciones importantes que pueden comprometer su vida y ante cualquier duda acercarse al stand de vacunaci\u00f3n\u201d, explic\u00f3 el Dr. Le\u00f3n Raposo, subdirector m\u00e9dico (s). Hospital Puerto Cisnes.<\/p>\n\n\n\n<p>Por su parte desde el CESFAM de Puerto Ays\u00e9n se sumaron a la campa\u00f1a e insistieron en la importancia de vacunarse, para evitar complicaciones generadas de las enfermedades invernales. \u201cEstamos lanzando el hito comunicacional de lo que es el programa nacional de inmunizaciones en Puerto Ays\u00e9n, espec\u00edficamente la vacunaci\u00f3n contra la influenza. Este hito comenz\u00f3 la semana pasada y hoy lo estamos trabajando con el hospital y la direcci\u00f3n del Servicio de Salud\u201d, expres\u00f3 Joaqu\u00edn Guti\u00e9rrez, director del CESFAM porte\u00f1o.<\/p>\n\n\n\n<p>Los puntos de vacunaci\u00f3n disponibles en todo el pa\u00eds se pueden revisar en&nbsp;<a href=\"http:\/\/mevacuno.cl\/\" target=\"_blank\" rel=\"noreferrer noopener\">mevacuno.cl<\/a>&nbsp;y para m\u00e1s informaci\u00f3n sobre el proceso se puede visitar Minsal.cl o llamar al fono 6003607777 de Salud Responde.<\/p>\n\t\t\t\t\t\t\t\t<\/div>\n\t\t\t\t<\/div>\n\t\t\t\t\t<\/div>\n\t\t\t\t<\/div>\n\t\t<div class=\"elementor-element elementor-element-aef4cda e-flex e-con-boxed e-con e-parent\" data-id=\"aef4cda\" data-element_type=\"container\">\n\t\t\t\t\t<div class=\"e-con-inner\">\n\t\t\t\t\t<\/div>\n\t\t\t\t<\/div>\n\t\t\t\t<\/div>\n\t\t","protected":false},"excerpt":{"rendered":"<p>Desde el 1 de marzo en todo el pa\u00eds se lanz\u00f3 la Campa\u00f1a de Invierno 2025, estrategia que busca inmunizar [&hellip;]<\/p>\n","protected":false},"author":2,"featured_media":4130,"comment_status":"open","ping_status":"open","sticky":false,"template":"","format":"standard","meta":{"_eb_attr":"","site-sidebar-layout":"default","site-content-layout":"","ast-site-content-layout":"","site-content-style":"default","site-sidebar-style":"default","ast-global-header-display":"","ast-banner-title-visibility":"","ast-main-header-display":"","ast-hfb-above-header-display":"","ast-hfb-below-header-display":"","ast-hfb-mobile-header-display":"","site-post-title":"","ast-breadcrumbs-content":"","ast-featured-img":"","footer-sml-layout":"","theme-transparent-header-meta":"","adv-header-id-meta":"","stick-header-meta":"","header-above-stick-meta":"","header-main-stick-meta":"","header-below-stick-meta":"","astra-migrate-meta-layouts":"default","ast-page-background-enabled":"default","ast-page-background-meta":{"desktop":{"background-color":"var(--ast-global-color-4)","background-image":"","background-repeat":"repeat","background-position":"center center","background-size":"auto","background-attachment":"scroll","background-type":"","background-media":"","overlay-type":"","overlay-color":"","overlay-opacity":"","overlay-gradient":""},"tablet":{"background-color":"","background-image":"","background-repeat":"repeat","background-position":"center center","background-size":"auto","background-attachment":"scroll","background-type":"","background-media":"","overlay-type":"","overlay-color":"","overlay-opacity":"","overlay-gradient":""},"mobile":{"background-color":"","background-image":"","background-repeat":"repeat","background-position":"center center","background-size":"auto","background-attachment":"scroll","background-type":"","background-media":"","overlay-type":"","overlay-color":"","overlay-opacity":"","overlay-gradient":""}},"ast-content-background-meta":{"desktop":{"background-color":"var(--ast-global-color-5)","background-image":"","background-repeat":"repeat","background-position":"center center","background-size":"auto","background-attachment":"scroll","background-type":"","background-media":"","overlay-type":"","overlay-color":"","overlay-opacity":"","overlay-gradient":""},"tablet":{"background-color":"var(--ast-global-color-5)","background-image":"","background-repeat":"repeat","background-position":"center center","background-size":"auto","background-attachment":"scroll","background-type":"","background-media":"","overlay-type":"","overlay-color":"","overlay-opacity":"","overlay-gradient":""},"mobile":{"background-color":"var(--ast-global-color-5)","background-image":"","background-repeat":"repeat","background-position":"center center","background-size":"auto","background-attachment":"scroll","background-type":"","background-media":"","overlay-type":"","overlay-color":"","overlay-opacity":"","overlay-gradient":""}},"footnotes":""},"categories":[1],"tags":[],"class_list":["post-4116","post","type-post","status-publish","format-standard","has-post-thumbnail","hentry","category-noticias"],"_links":{"self":[{"href":"https:\/\/www.serviciosaludaysen.cl\/index.php\/wp-json\/wp\/v2\/posts\/4116","targetHints":{"allow":["GET"]}}],"collection":[{"href":"https:\/\/www.serviciosaludaysen.cl\/index.php\/wp-json\/wp\/v2\/posts"}],"about":[{"href":"https:\/\/www.serviciosaludaysen.cl\/index.php\/wp-json\/wp\/v2\/types\/post"}],"author":[{"embeddable":true,"href":"https:\/\/www.serviciosaludaysen.cl\/index.php\/wp-json\/wp\/v2\/users\/2"}],"replies":[{"embeddable":true,"href":"https:\/\/www.serviciosaludaysen.cl\/index.php\/wp-json\/wp\/v2\/comments?post=4116"}],"version-history":[{"count":7,"href":"https:\/\/www.serviciosaludaysen.cl\/index.php\/wp-json\/wp\/v2\/posts\/4116\/revisions"}],"predecessor-version":[{"id":4137,"href":"https:\/\/www.serviciosaludaysen.cl\/index.php\/wp-json\/wp\/v2\/posts\/4116\/revisions\/4137"}],"wp:featuredmedia":[{"embeddable":true,"href":"https:\/\/www.serviciosaludaysen.cl\/index.php\/wp-json\/wp\/v2\/media\/4130"}],"wp:attachment":[{"href":"https:\/\/www.serviciosaludaysen.cl\/index.php\/wp-json\/wp\/v2\/media?parent=4116"}],"wp:term":[{"taxonomy":"category","embeddable":true,"href":"https:\/\/www.serviciosaludaysen.cl\/index.php\/wp-json\/wp\/v2\/categories?post=4116"},{"taxonomy":"post_tag","embeddable":true,"href":"https:\/\/www.serviciosaludaysen.cl\/index.php\/wp-json\/wp\/v2\/tags?post=4116"}],"curies":[{"name":"wp","href":"https:\/\/api.w.org\/{rel}","templated":true}]}}