{"id":3935,"date":"2025-02-25T12:58:27","date_gmt":"2025-02-25T15:58:27","guid":{"rendered":"https:\/\/www.serviciosaludaysen.cl\/?p=3935"},"modified":"2025-02-25T13:02:55","modified_gmt":"2025-02-25T16:02:55","slug":"subsecretaria-s-de-redes-asistenciales-inaugura-nuevas-postas-rurales-y-refuerza-estrategia-para-reducir-tiempos-de-espera-en-aysen","status":"publish","type":"post","link":"https:\/\/www.serviciosaludaysen.cl\/index.php\/2025\/02\/25\/subsecretaria-s-de-redes-asistenciales-inaugura-nuevas-postas-rurales-y-refuerza-estrategia-para-reducir-tiempos-de-espera-en-aysen\/","title":{"rendered":"Subsecretaria (s) de Redes Asistenciales inaugura nuevas postas rurales y refuerza estrategia para reducir tiempos de espera en Ays\u00e9n"},"content":{"rendered":"\t\t<div data-elementor-type=\"wp-post\" data-elementor-id=\"3935\" class=\"elementor elementor-3935\">\n\t\t\t\t<div class=\"elementor-element elementor-element-1614b19 e-flex e-con-boxed e-con e-parent\" data-id=\"1614b19\" data-element_type=\"container\">\n\t\t\t\t\t<div class=\"e-con-inner\">\n\t\t\t\t<div class=\"elementor-element elementor-element-736d270 elementor-arrows-position-inside elementor-pagination-position-outside elementor-widget elementor-widget-image-carousel\" data-id=\"736d270\" data-element_type=\"widget\" data-settings=\"{&quot;slides_to_show&quot;:&quot;1&quot;,&quot;navigation&quot;:&quot;both&quot;,&quot;autoplay&quot;:&quot;yes&quot;,&quot;pause_on_hover&quot;:&quot;yes&quot;,&quot;pause_on_interaction&quot;:&quot;yes&quot;,&quot;autoplay_speed&quot;:5000,&quot;infinite&quot;:&quot;yes&quot;,&quot;effect&quot;:&quot;slide&quot;,&quot;speed&quot;:500}\" data-widget_type=\"image-carousel.default\">\n\t\t\t\t<div class=\"elementor-widget-container\">\n\t\t\t\t\t\t\t<div class=\"elementor-image-carousel-wrapper swiper\" role=\"region\" aria-roledescription=\"carousel\" aria-label=\"Carrusel de im\u00e1genes\" dir=\"ltr\">\n\t\t\t<div class=\"elementor-image-carousel swiper-wrapper\" aria-live=\"off\">\n\t\t\t\t\t\t\t\t<div class=\"swiper-slide\" role=\"group\" aria-roledescription=\"slide\" aria-label=\"1 de 8\"><figure class=\"swiper-slide-inner\"><img decoding=\"async\" class=\"swiper-slide-image\" src=\"https:\/\/www.serviciosaludaysen.cl\/wp-content\/uploads\/2025\/02\/WhatsApp-Image-2025-02-21-at-8.37.44-PM-1024x768.jpeg\" alt=\"WhatsApp Image 2025-02-21 at 8.37.44 PM\" \/><\/figure><\/div><div class=\"swiper-slide\" role=\"group\" aria-roledescription=\"slide\" aria-label=\"2 de 8\"><figure class=\"swiper-slide-inner\"><img decoding=\"async\" class=\"swiper-slide-image\" src=\"https:\/\/www.serviciosaludaysen.cl\/wp-content\/uploads\/2025\/02\/WhatsApp-Image-2025-02-21-at-8.37.45-PM-2-1024x768.jpeg\" alt=\"WhatsApp Image 2025-02-21 at 8.37.45 PM (2)\" \/><\/figure><\/div><div class=\"swiper-slide\" role=\"group\" aria-roledescription=\"slide\" aria-label=\"3 de 8\"><figure class=\"swiper-slide-inner\"><img decoding=\"async\" class=\"swiper-slide-image\" src=\"https:\/\/www.serviciosaludaysen.cl\/wp-content\/uploads\/2025\/02\/WhatsApp-Image-2025-02-21-at-8.37.44-PM-2-1024x768.jpeg\" alt=\"WhatsApp Image 2025-02-21 at 8.37.44 PM (2)\" \/><\/figure><\/div><div class=\"swiper-slide\" role=\"group\" aria-roledescription=\"slide\" aria-label=\"4 de 8\"><figure class=\"swiper-slide-inner\"><img decoding=\"async\" class=\"swiper-slide-image\" src=\"https:\/\/www.serviciosaludaysen.cl\/wp-content\/uploads\/2025\/02\/WhatsApp-Image-2025-02-21-at-8.37.44-PM-1-1024x768.jpeg\" alt=\"WhatsApp Image 2025-02-21 at 8.37.44 PM (1)\" \/><\/figure><\/div><div class=\"swiper-slide\" role=\"group\" aria-roledescription=\"slide\" aria-label=\"5 de 8\"><figure class=\"swiper-slide-inner\"><img decoding=\"async\" class=\"swiper-slide-image\" src=\"https:\/\/www.serviciosaludaysen.cl\/wp-content\/uploads\/2025\/02\/WhatsApp-Image-2025-02-21-at-8.37.44-PM-3-1024x768.jpeg\" alt=\"WhatsApp Image 2025-02-21 at 8.37.44 PM (3)\" \/><\/figure><\/div><div class=\"swiper-slide\" role=\"group\" aria-roledescription=\"slide\" aria-label=\"6 de 8\"><figure class=\"swiper-slide-inner\"><img decoding=\"async\" class=\"swiper-slide-image\" src=\"https:\/\/www.serviciosaludaysen.cl\/wp-content\/uploads\/2025\/02\/WhatsApp-Image-2025-02-21-at-8.37.45-PM-1-1024x768.jpeg\" alt=\"WhatsApp Image 2025-02-21 at 8.37.45 PM (1)\" \/><\/figure><\/div><div class=\"swiper-slide\" role=\"group\" aria-roledescription=\"slide\" aria-label=\"7 de 8\"><figure class=\"swiper-slide-inner\"><img decoding=\"async\" class=\"swiper-slide-image\" src=\"https:\/\/www.serviciosaludaysen.cl\/wp-content\/uploads\/2025\/02\/WhatsApp-Image-2025-02-21-at-8.37.45-PM-1024x768.jpeg\" alt=\"WhatsApp Image 2025-02-21 at 8.37.45 PM\" \/><\/figure><\/div><div class=\"swiper-slide\" role=\"group\" aria-roledescription=\"slide\" aria-label=\"8 de 8\"><figure class=\"swiper-slide-inner\"><img decoding=\"async\" class=\"swiper-slide-image\" src=\"https:\/\/www.serviciosaludaysen.cl\/wp-content\/uploads\/2025\/02\/WhatsApp-Image-2025-02-21-at-8.37.45-PM-3-1024x768.jpeg\" alt=\"Inauguraciones de Postas de Salud Rural Villa La Tapera y Puerto Guadal\" \/><\/figure><\/div>\t\t\t<\/div>\n\t\t\t\t\t\t\t\t\t\t\t\t<div class=\"elementor-swiper-button elementor-swiper-button-prev\" role=\"button\" tabindex=\"0\">\n\t\t\t\t\t\t<svg aria-hidden=\"true\" class=\"e-font-icon-svg e-eicon-chevron-left\" viewBox=\"0 0 1000 1000\" xmlns=\"http:\/\/www.w3.org\/2000\/svg\"><path d=\"M646 125C629 125 613 133 604 142L308 442C296 454 292 471 292 487 292 504 296 521 308 533L604 854C617 867 629 875 646 875 663 875 679 871 692 858 704 846 713 829 713 812 713 796 708 779 692 767L438 487 692 225C700 217 708 204 708 187 708 171 704 154 692 142 675 129 663 125 646 125Z\"><\/path><\/svg>\t\t\t\t\t<\/div>\n\t\t\t\t\t<div class=\"elementor-swiper-button elementor-swiper-button-next\" role=\"button\" tabindex=\"0\">\n\t\t\t\t\t\t<svg aria-hidden=\"true\" class=\"e-font-icon-svg e-eicon-chevron-right\" viewBox=\"0 0 1000 1000\" xmlns=\"http:\/\/www.w3.org\/2000\/svg\"><path d=\"M696 533C708 521 713 504 713 487 713 471 708 454 696 446L400 146C388 133 375 125 354 125 338 125 325 129 313 142 300 154 292 171 292 187 292 204 296 221 308 233L563 492 304 771C292 783 288 800 288 817 288 833 296 850 308 863 321 871 338 875 354 875 371 875 388 867 400 854L696 533Z\"><\/path><\/svg>\t\t\t\t\t<\/div>\n\t\t\t\t\n\t\t\t\t\t\t\t\t\t<div class=\"swiper-pagination\"><\/div>\n\t\t\t\t\t\t\t\t\t<\/div>\n\t\t\t\t\t\t<\/div>\n\t\t\t\t<\/div>\n\t\t\t\t<div class=\"elementor-element elementor-element-f35d86e elementor-widget elementor-widget-text-editor\" data-id=\"f35d86e\" data-element_type=\"widget\" data-widget_type=\"text-editor.default\">\n\t\t\t\t<div class=\"elementor-widget-container\">\n\t\t\t\t\t\t\t\t\t<p style=\"font-weight: 400;\">En el marco del fortalecimiento de la red asistencial en la Regi\u00f3n de Ays\u00e9n, la Subsecretaria (s) de Redes Asistenciales, Carmen Aravena, realiz\u00f3 una visita a la zona para inaugurar dos nuevas Postas de Salud Rural en Puerto Guadal y Villa La Tapera, recorrer el nuevo Centro Comunitario de Salud Mental (COSAM) de Puerto Ays\u00e9n y supervisar el plan de reducci\u00f3n de tiempos de espera en el Hospital de Ays\u00e9n.<\/p><p style=\"font-weight: 400;\"><strong>Inauguraci\u00f3n de Postas de Salud Rurales<\/strong><\/p><p style=\"font-weight: 400;\">Durante su visita, la autoridad sanitaria, junto al Servicio de Salud y la Seremi de la regi\u00f3n, inaugur\u00f3 la Posta Rural de Villa La Tapera. Este nuevo recinto cuenta con box m\u00e9dico, de enfermer\u00eda, odontol\u00f3gico y matronil, adem\u00e1s de farmacia y bodega de alimentos complementarios. Tambi\u00e9n ofrece campa\u00f1as de vacunaci\u00f3n, ex\u00e1menes coordinados con el Hospital de Puerto Cisnes y atenci\u00f3n de urgencia con apoyo de teleconsulta.<\/p><p style=\"font-weight: 400;\">Asimismo, se inaugur\u00f3 la nueva Posta de Salud Rural (PSR) de Puerto Guadal, destinada a mejorar la atenci\u00f3n de los 571 habitantes de la zona. Su infraestructura incluye box dental, salas multiprop\u00f3sito, box gineco-obst\u00e9trico, sala de espera, botiqu\u00edn, despacho de alimentos y vivienda para el personal.<\/p><p style=\"font-weight: 400;\">Con la inauguraci\u00f3n de estas postas, la Subsecretar\u00eda (s) de Redes Asistenciales, Carmen Aravena, destac\u00f3 que \u00abestamos dando pasos importantes hacia la equidad en salud en la regi\u00f3n de Ays\u00e9n. Queremos entregar atenci\u00f3n de calidad a quienes viven en los rincones m\u00e1s alejados de nuestro pa\u00eds, donde la prevenci\u00f3n y promoci\u00f3n de la salud son esenciales para mejorar la calidad de vida de las personas\u00bb.<\/p><p style=\"font-weight: 400;\">Por su parte, el director del Servicio de Salud Ays\u00e9n, Juan Pablo Bravo, asegur\u00f3 que \u201cen los \u00faltimos dos a\u00f1os, hemos inaugurado cuatro postas rurales y tenemos una m\u00e1s en camino, cada una con m\u00e1s de 1.000 millones de pesos de inversi\u00f3n, financiadas por el Gobierno Regional\u201d, destacando adem\u00e1s que \u201chemos impulsado obras de conservaci\u00f3n en postas y CESFAM, la compra de equipamiento para la UPC pedi\u00e1trica transitoria del Hospital Regional Coyhaique y proyectos estrat\u00e9gicos como el Angi\u00f3grafo y el nuevo Hospital de Chile Chico\u201d.<\/p><p style=\"font-weight: 400;\">Ambos proyectos forman parte del Plan Especial de Desarrollo de Zonas Extremas (PEDZE) y el Convenio de Programaci\u00f3n entre el Ministerio de Salud y el Gobierno Regional de Ays\u00e9n.<\/p><p style=\"font-weight: 400;\">Laura Veroiza Henr\u00edquez, presidenta del CODELO de la Posta de Puerto Guadal, se\u00f1al\u00f3 que \u201chemos llegado a culminar algo tan hermoso como es la entrega de nuestra nueva Posta de Salud que hac\u00eda mucha falta por la comodidad para las personas que se atienden que no vienen de vacaciones, sino por problemas de salud y agradezco a todos y cada uno de los que empujaron esta carreta para ver coronadas estas lindas obras\u201d.<\/p><p style=\"font-weight: 400;\">Por su parte Carmen Hern\u00e1ndez, presidenta de la Junta de Vecinos de La Tapera, agreg\u00f3 que \u201cera algo que est\u00e1bamos esperando hace mucho tiempo. Esta nueva infraestructura viene a renovar la calidad de vida de los habitantes de Villa La Tapera y como se habl\u00f3 hay mucha poblaci\u00f3n adulta mayor y es a ellos que tenemos que apoyarlos\u201d.<\/p><p style=\"font-weight: 400;\">Para el Gobierno del Presidente Gabriel Boric el acceso a la salud es un derecho y por ello el Estado debe garantizar en todo el territorio nacional, incluyendo los territorios m\u00e1s apartados del pa\u00eds.<\/p><p style=\"font-weight: 400;\">La posta de Guadal Bernardita Z\u00fa\u00f1iga Vargas, en honor a una ex funcionaria de ese establecimiento de salud, tiene m\u00e1s de 430 metros cuadrados construidos y sobre 1100 millones de pesos de inversi\u00f3n, para un dispositivo moderno y que cumple las condiciones para operar en la peque\u00f1a localidad lacustre.<\/p><p style=\"font-weight: 400;\">Cabe se\u00f1alar que en 2024 se llev\u00f3 a cabo un proceso de participaci\u00f3n ciudadana en conjunto con el Consejo de Desarrollo Local de la Posta de Salud Rural de Puerto Guadal, con el objetivo de cambiar el nombre del establecimiento. Como resultado, se estableci\u00f3 el nombre de la exfuncionaria y param\u00e9dico Bernardita Z\u00fa\u00f1iga Vargas. La votaci\u00f3n cont\u00f3 con la participaci\u00f3n de 93 personas, obteniendo 83 votos a favor.<\/p><p style=\"font-weight: 400;\">\u201cLa Red Asistencial de salud rural de nuestra regi\u00f3n est\u00e1 realizando la reposici\u00f3n, mejoramiento de pr\u00e1cticamente todas las postas rurales de la regi\u00f3n, estuvimos en Villa O\u2019Higgins, lo que est\u00e1 pasando en Caleta Andrade, en la parte insular de la regi\u00f3n y vimos el hospital de Chile Chico que est\u00e1 pr\u00f3ximo a inaugurarse, es decir, estamos haciendo un esfuerzo muy grande para independientemente de d\u00f3nde vivan las personas tengan la atenci\u00f3n de salud que se merecen\u201d, dijo Jorge D\u00edaz Guzm\u00e1n, delegado presidencial regional.<\/p><p style=\"font-weight: 400;\">\u201cPor lo tanto, inaugurar esta posta es un hito no solamente de satisfacci\u00f3n, de cumplir los compromisos adquiridos, sino que tambi\u00e9n un momento de mucha alegr\u00eda que los pobladores de La Tapera van a tener una atenci\u00f3n digna en el sistema de salud p\u00fablica\u201d, agreg\u00f3 el delegado presidencial regional.<\/p><p style=\"font-weight: 400;\">Mientras Marcelo Santana, gobernador de Ays\u00e9n, reafirm\u00f3 el compromiso del gobierno regional para continuar apoyando este tipo de proyectos e iniciativas. \u201cSon justamente los proyectos que tambi\u00e9n queremos impulsar en los pr\u00f3ximos cuatro a\u00f1os y llevar mejor atenci\u00f3n de salud a nuestros vecinos, sobre todo en atenci\u00f3n primaria que se brinda en las decenas de localidades y ciudades de nuestra regi\u00f3n, adem\u00e1s de la atenci\u00f3n m\u00e1s compleja que brinda el Hospital Regional, pero debemos mejorar la atenci\u00f3n primaria de salud, mejorar la infraestructura e ir dotando de profesionales que puedan atender de mejor manera a nuestros vecinos. La regi\u00f3n de Ays\u00e9n necesita mejor salud y por supuesto vamos a estar 100% disponibles como Gobierno Regional a ir avanzando en este tipo de iniciativas\u201d, expres\u00f3.<\/p><p style=\"font-weight: 400;\"><strong>Centro de Salud Mental Comunitaria (COSAM) de Puerto Ays\u00e9n<\/strong><\/p><p style=\"font-weight: 400;\">Dentro de la agenda, la subsecretaria (s) visit\u00f3 el COSAM de Puerto Ays\u00e9n, un dispositivo clave dentro del plan del Gobierno para fortalecer la salud mental en el pa\u00eds. Este nuevo centro est\u00e1 orientado a la atenci\u00f3n de adultos y tiene capacidad para atender a 30.000 personas de la Red Asistencial territorial.<\/p><p style=\"font-weight: 400;\">El recinto cuenta con boxes multiprop\u00f3sito, una sala de seguimiento, espacios administrativos y de apoyo, adem\u00e1s de equipamiento para garantizar una atenci\u00f3n integral.<\/p><p style=\"font-weight: 400;\"><strong>Reducci\u00f3n tiempos de espera en el Hospital de Ays\u00e9n<\/strong><\/p><p style=\"font-weight: 400;\">Avanzar en la reducci\u00f3n de los tiempos de espera es uno de los objetivos del Gobierno y el ministerio de salud, es por eso que, durante su visita a la regi\u00f3n del sur, la autoridad sanitaria recorri\u00f3 los pabellones del Hospital de Puerto Ays\u00e9n para revisar la implementaci\u00f3n del plan de expansi\u00f3n de Cirug\u00eda Mayor Ambulatoria (CMA) apoyado por el Gobierno Regional, que tiene como objetivo de alcanzar las 150 cirug\u00edas mensuales en los pr\u00f3ximos dos a\u00f1os.<\/p><p style=\"font-weight: 400;\">\u00abMe voy enormemente motivada tras conocer de cerca el trabajo y el compromiso del equipo directivo del Hospital de Ays\u00e9n. Las cifras presentadas evidencian un avance significativo en la reducci\u00f3n de los tiempos de espera, un objetivo prioritario para el gobierno y el Ministerio de Salud. Este esfuerzo refleja el compromiso con la mejora continua de la atenci\u00f3n y la calidad de vida de nuestros ciudadanos\u00bb, destac\u00f3 la Subsecretaria (s) de Redes Asistenciales, Carmen Aravena, respecto a este plan de expansi\u00f3n.<\/p><p style=\"font-weight: 400;\">La estrategia incluye la habilitaci\u00f3n de nuevos pabellones, ampliaci\u00f3n de horarios para CMA y la realizaci\u00f3n de cirug\u00edas en horario inh\u00e1bil, con financiamiento del Gobierno Regional. Adem\u00e1s, se priorizar\u00e1n cirug\u00edas como cataratas e intervenciones pedi\u00e1tricas, lo que permitir\u00e1 descongestionar la red y avanzar en la reducci\u00f3n de los tiempos de espera.<\/p>\t\t\t\t\t\t\t\t<\/div>\n\t\t\t\t<\/div>\n\t\t\t\t\t<\/div>\n\t\t\t\t<\/div>\n\t\t\t\t<\/div>\n\t\t","protected":false},"excerpt":{"rendered":"<p>En el marco del fortalecimiento de la red asistencial en la Regi\u00f3n de Ays\u00e9n, la Subsecretaria (s) de Redes Asistenciales, [&hellip;]<\/p>\n","protected":false},"author":2,"featured_media":3938,"comment_status":"open","ping_status":"open","sticky":false,"template":"","format":"standard","meta":{"_eb_attr":"","site-sidebar-layout":"default","site-content-layout":"","ast-site-content-layout":"","site-content-style":"default","site-sidebar-style":"default","ast-global-header-display":"","ast-banner-title-visibility":"","ast-main-header-display":"","ast-hfb-above-header-display":"","ast-hfb-below-header-display":"","ast-hfb-mobile-header-display":"","site-post-title":"","ast-breadcrumbs-content":"","ast-featured-img":"disabled","footer-sml-layout":"","theme-transparent-header-meta":"","adv-header-id-meta":"","stick-header-meta":"","header-above-stick-meta":"","header-main-stick-meta":"","header-below-stick-meta":"","astra-migrate-meta-layouts":"default","ast-page-background-enabled":"default","ast-page-background-meta":{"desktop":{"background-color":"var(--ast-global-color-4)","background-image":"","background-repeat":"repeat","background-position":"center center","background-size":"auto","background-attachment":"scroll","background-type":"","background-media":"","overlay-type":"","overlay-color":"","overlay-opacity":"","overlay-gradient":""},"tablet":{"background-color":"","background-image":"","background-repeat":"repeat","background-position":"center center","background-size":"auto","background-attachment":"scroll","background-type":"","background-media":"","overlay-type":"","overlay-color":"","overlay-opacity":"","overlay-gradient":""},"mobile":{"background-color":"","background-image":"","background-repeat":"repeat","background-position":"center center","background-size":"auto","background-attachment":"scroll","background-type":"","background-media":"","overlay-type":"","overlay-color":"","overlay-opacity":"","overlay-gradient":""}},"ast-content-background-meta":{"desktop":{"background-color":"var(--ast-global-color-5)","background-image":"","background-repeat":"repeat","background-position":"center center","background-size":"auto","background-attachment":"scroll","background-type":"","background-media":"","overlay-type":"","overlay-color":"","overlay-opacity":"","overlay-gradient":""},"tablet":{"background-color":"var(--ast-global-color-5)","background-image":"","background-repeat":"repeat","background-position":"center center","background-size":"auto","background-attachment":"scroll","background-type":"","background-media":"","overlay-type":"","overlay-color":"","overlay-opacity":"","overlay-gradient":""},"mobile":{"background-color":"var(--ast-global-color-5)","background-image":"","background-repeat":"repeat","background-position":"center center","background-size":"auto","background-attachment":"scroll","background-type":"","background-media":"","overlay-type":"","overlay-color":"","overlay-opacity":"","overlay-gradient":""}},"footnotes":""},"categories":[1],"tags":[32,29,64,65,27,62,66,30,59,28,47],"class_list":["post-3935","post","type-post","status-publish","format-standard","has-post-thumbnail","hentry","category-noticias","tag-chilechico","tag-coyhaique","tag-guadal","tag-postas","tag-postasdesalud","tag-red-asistencial-aysen","tag-rural","tag-salud","tag-servicio-de-salud-aysen","tag-serviciodesalud","tag-ssa"],"_links":{"self":[{"href":"https:\/\/www.serviciosaludaysen.cl\/index.php\/wp-json\/wp\/v2\/posts\/3935","targetHints":{"allow":["GET"]}}],"collection":[{"href":"https:\/\/www.serviciosaludaysen.cl\/index.php\/wp-json\/wp\/v2\/posts"}],"about":[{"href":"https:\/\/www.serviciosaludaysen.cl\/index.php\/wp-json\/wp\/v2\/types\/post"}],"author":[{"embeddable":true,"href":"https:\/\/www.serviciosaludaysen.cl\/index.php\/wp-json\/wp\/v2\/users\/2"}],"replies":[{"embeddable":true,"href":"https:\/\/www.serviciosaludaysen.cl\/index.php\/wp-json\/wp\/v2\/comments?post=3935"}],"version-history":[{"count":8,"href":"https:\/\/www.serviciosaludaysen.cl\/index.php\/wp-json\/wp\/v2\/posts\/3935\/revisions"}],"predecessor-version":[{"id":4054,"href":"https:\/\/www.serviciosaludaysen.cl\/index.php\/wp-json\/wp\/v2\/posts\/3935\/revisions\/4054"}],"wp:featuredmedia":[{"embeddable":true,"href":"https:\/\/www.serviciosaludaysen.cl\/index.php\/wp-json\/wp\/v2\/media\/3938"}],"wp:attachment":[{"href":"https:\/\/www.serviciosaludaysen.cl\/index.php\/wp-json\/wp\/v2\/media?parent=3935"}],"wp:term":[{"taxonomy":"category","embeddable":true,"href":"https:\/\/www.serviciosaludaysen.cl\/index.php\/wp-json\/wp\/v2\/categories?post=3935"},{"taxonomy":"post_tag","embeddable":true,"href":"https:\/\/www.serviciosaludaysen.cl\/index.php\/wp-json\/wp\/v2\/tags?post=3935"}],"curies":[{"name":"wp","href":"https:\/\/api.w.org\/{rel}","templated":true}]}}