{"id":3923,"date":"2025-02-19T11:19:59","date_gmt":"2025-02-19T14:19:59","guid":{"rendered":"https:\/\/www.serviciosaludaysen.cl\/?p=3923"},"modified":"2025-02-19T11:23:43","modified_gmt":"2025-02-19T14:23:43","slug":"en-dia-internacional-del-cancer-infantil-red-asistencial-aysen-refuerza-el-trabajo-colaborativo-y-actualiza-medidas-para-mejorar-atencion","status":"publish","type":"post","link":"https:\/\/www.serviciosaludaysen.cl\/index.php\/2025\/02\/19\/en-dia-internacional-del-cancer-infantil-red-asistencial-aysen-refuerza-el-trabajo-colaborativo-y-actualiza-medidas-para-mejorar-atencion\/","title":{"rendered":"En D\u00eda Internacional del C\u00e1ncer Infantil Red Asistencial Ays\u00e9n refuerza el trabajo colaborativo y actualiza medidas para mejorar atenci\u00f3n"},"content":{"rendered":"\t\t<div data-elementor-type=\"wp-post\" data-elementor-id=\"3923\" class=\"elementor elementor-3923\">\n\t\t\t\t<div class=\"elementor-element elementor-element-80a2790 e-flex e-con-boxed e-con e-parent\" data-id=\"80a2790\" data-element_type=\"container\">\n\t\t\t\t\t<div class=\"e-con-inner\">\n\t\t\t\t<div class=\"elementor-element elementor-element-e31eeb3 elementor-arrows-position-inside elementor-pagination-position-outside elementor-widget elementor-widget-image-carousel\" data-id=\"e31eeb3\" data-element_type=\"widget\" data-settings=\"{&quot;slides_to_show&quot;:&quot;1&quot;,&quot;navigation&quot;:&quot;both&quot;,&quot;autoplay&quot;:&quot;yes&quot;,&quot;pause_on_hover&quot;:&quot;yes&quot;,&quot;pause_on_interaction&quot;:&quot;yes&quot;,&quot;autoplay_speed&quot;:5000,&quot;infinite&quot;:&quot;yes&quot;,&quot;effect&quot;:&quot;slide&quot;,&quot;speed&quot;:500}\" data-widget_type=\"image-carousel.default\">\n\t\t\t\t<div class=\"elementor-widget-container\">\n\t\t\t\t\t\t\t<div class=\"elementor-image-carousel-wrapper swiper\" role=\"region\" aria-roledescription=\"carousel\" aria-label=\"Carrusel de im\u00e1genes\" dir=\"ltr\">\n\t\t\t<div class=\"elementor-image-carousel swiper-wrapper\" aria-live=\"off\">\n\t\t\t\t\t\t\t\t<div class=\"swiper-slide\" role=\"group\" aria-roledescription=\"slide\" aria-label=\"1 de 6\"><figure class=\"swiper-slide-inner\"><img decoding=\"async\" class=\"swiper-slide-image\" src=\"https:\/\/www.serviciosaludaysen.cl\/wp-content\/uploads\/2025\/02\/cancer-infantil-1-1-768x576.jpeg\" alt=\"c\u00e1ncer infantil (1) (1)\" \/><\/figure><\/div><div class=\"swiper-slide\" role=\"group\" aria-roledescription=\"slide\" aria-label=\"2 de 6\"><figure class=\"swiper-slide-inner\"><img decoding=\"async\" class=\"swiper-slide-image\" src=\"https:\/\/www.serviciosaludaysen.cl\/wp-content\/uploads\/2025\/02\/cancer-infantil-3-1-768x576.jpeg\" alt=\"c\u00e1ncer infantil (3) (1)\" \/><\/figure><\/div><div class=\"swiper-slide\" role=\"group\" aria-roledescription=\"slide\" aria-label=\"3 de 6\"><figure class=\"swiper-slide-inner\"><img decoding=\"async\" class=\"swiper-slide-image\" src=\"https:\/\/www.serviciosaludaysen.cl\/wp-content\/uploads\/2025\/02\/cancer-infantil-4-1-768x359.jpeg\" alt=\"c\u00e1ncer infantil (4) (1)\" \/><\/figure><\/div><div class=\"swiper-slide\" role=\"group\" aria-roledescription=\"slide\" aria-label=\"4 de 6\"><figure class=\"swiper-slide-inner\"><img decoding=\"async\" class=\"swiper-slide-image\" src=\"https:\/\/www.serviciosaludaysen.cl\/wp-content\/uploads\/2025\/02\/cancer-infantil-2-1-768x576.jpeg\" alt=\"c\u00e1ncer infantil (2) (1)\" \/><\/figure><\/div><div class=\"swiper-slide\" role=\"group\" aria-roledescription=\"slide\" aria-label=\"5 de 6\"><figure class=\"swiper-slide-inner\"><img decoding=\"async\" class=\"swiper-slide-image\" src=\"https:\/\/www.serviciosaludaysen.cl\/wp-content\/uploads\/2025\/02\/cancer-infantil-6-2-768x576.jpeg\" alt=\"c\u00e1ncer infantil (6) (2)\" \/><\/figure><\/div><div class=\"swiper-slide\" role=\"group\" aria-roledescription=\"slide\" aria-label=\"6 de 6\"><figure class=\"swiper-slide-inner\"><img decoding=\"async\" class=\"swiper-slide-image\" src=\"https:\/\/www.serviciosaludaysen.cl\/wp-content\/uploads\/2025\/02\/cancer-infantil-5-1-768x576.jpeg\" alt=\"c\u00e1ncer infantil (5) (1)\" \/><\/figure><\/div>\t\t\t<\/div>\n\t\t\t\t\t\t\t\t\t\t\t\t<div class=\"elementor-swiper-button elementor-swiper-button-prev\" role=\"button\" tabindex=\"0\">\n\t\t\t\t\t\t<svg aria-hidden=\"true\" class=\"e-font-icon-svg e-eicon-chevron-left\" viewBox=\"0 0 1000 1000\" xmlns=\"http:\/\/www.w3.org\/2000\/svg\"><path d=\"M646 125C629 125 613 133 604 142L308 442C296 454 292 471 292 487 292 504 296 521 308 533L604 854C617 867 629 875 646 875 663 875 679 871 692 858 704 846 713 829 713 812 713 796 708 779 692 767L438 487 692 225C700 217 708 204 708 187 708 171 704 154 692 142 675 129 663 125 646 125Z\"><\/path><\/svg>\t\t\t\t\t<\/div>\n\t\t\t\t\t<div class=\"elementor-swiper-button elementor-swiper-button-next\" role=\"button\" tabindex=\"0\">\n\t\t\t\t\t\t<svg aria-hidden=\"true\" class=\"e-font-icon-svg e-eicon-chevron-right\" viewBox=\"0 0 1000 1000\" xmlns=\"http:\/\/www.w3.org\/2000\/svg\"><path d=\"M696 533C708 521 713 504 713 487 713 471 708 454 696 446L400 146C388 133 375 125 354 125 338 125 325 129 313 142 300 154 292 171 292 187 292 204 296 221 308 233L563 492 304 771C292 783 288 800 288 817 288 833 296 850 308 863 321 871 338 875 354 875 371 875 388 867 400 854L696 533Z\"><\/path><\/svg>\t\t\t\t\t<\/div>\n\t\t\t\t\n\t\t\t\t\t\t\t\t\t<div class=\"swiper-pagination\"><\/div>\n\t\t\t\t\t\t\t\t\t<\/div>\n\t\t\t\t\t\t<\/div>\n\t\t\t\t<\/div>\n\t\t\t\t\t<\/div>\n\t\t\t\t<\/div>\n\t\t<div class=\"elementor-element elementor-element-45e1da19 e-flex e-con-boxed e-con e-parent\" data-id=\"45e1da19\" data-element_type=\"container\">\n\t\t\t\t\t<div class=\"e-con-inner\">\n\t\t\t\t<div class=\"elementor-element elementor-element-355bca86 elementor-widget elementor-widget-text-editor\" data-id=\"355bca86\" data-element_type=\"widget\" data-widget_type=\"text-editor.default\">\n\t\t\t\t<div class=\"elementor-widget-container\">\n\t\t\t\t\t\t\t\t\t\n<p>\u00b7&nbsp;&nbsp;&nbsp;&nbsp;&nbsp;&nbsp;&nbsp;&nbsp;&nbsp;<em>Cada 15&nbsp;de&nbsp;febrero se conmemora el d\u00eda mundial contra el C\u00e1ncer Infantil.<\/em><\/p>\n\n\n\n<p>Actualmente, son 30 ni\u00f1os y ni\u00f1as que conviven con alg\u00fan tipo&nbsp;de&nbsp;c\u00e1ncer infantil en Ays\u00e9n.&nbsp;De&nbsp;ellos, 14 son atendidos regularmente en la Red Asistencial.<\/p>\n\n\n\n<p>Por eso cobra relevancia la conmemoraci\u00f3n del D\u00eda Internacional del C\u00e1ncer Infantil, una fecha que recuerda la importancia del diagn\u00f3stico temprano, la detecci\u00f3n precoz y las medidas&nbsp;de&nbsp;prevenci\u00f3n y promoci\u00f3n&nbsp;de&nbsp;estilos&nbsp;de&nbsp;vida saludables, que permitan disminuir la prevalencia&nbsp;de&nbsp;esta enfermedad.<\/p>\n\n\n\n<p>De&nbsp;este modo, en el Servicio&nbsp;de&nbsp;Salud Ays\u00e9n (SSA) se realiz\u00f3 un punto&nbsp;de&nbsp;prensa que cont\u00f3 con la participaci\u00f3n&nbsp;de&nbsp;la Corporaci\u00f3n Onco Ays\u00e9n, organizaci\u00f3n que ha liderado la lucha contra el c\u00e1ncer y que ha mantenido un trabajo colaborativo con las instituciones p\u00fablicas.<\/p>\n\n\n\n<p>En ese sentido, Valeria Galaz, vicepresidenta&nbsp;de&nbsp;esta entidad, manifest\u00f3 su preocupaci\u00f3n por la falta&nbsp;de&nbsp;especialistas y tratamientos oncol\u00f3gicos, aunque reconoci\u00f3 el trabajo mancomunado con el SSA. Sin embargo, esta situaci\u00f3n obliga a trasladar a los ni\u00f1os y ni\u00f1as a otros puntos del pa\u00eds que son centros&nbsp;de&nbsp;referencia para la enfermedad.<\/p>\n\n\n\n<p>\u201cNuestra corporaci\u00f3n Onco Ays\u00e9n se encuentra trabajando con la Corporaci\u00f3n Onco Sur&nbsp;de&nbsp;Valdivia. Ellos nos apoyan permanentemente a nosotros, a nuestros ni\u00f1os y a nuestras familias. Junto al Servicio&nbsp;de&nbsp;Salud hemos realizado un trabajo colaborativo para llegar con la informaci\u00f3n a la comunidad, sobre la sintomatolog\u00eda del c\u00e1ncer infantil. Necesitamos llegar a tiempo, para identificar la cruel enfermedad que afecta a ni\u00f1os y sus familias\u201d, enfatiz\u00f3 Galaz.<\/p>\n\n\n\n<p>Este trabajo con la Corporaci\u00f3n ha permitido un flujo e informaci\u00f3n constante, que facilite mejorar la pesquisa y tratamientos oportunos, a la par&nbsp;de&nbsp;medidas tales como el desarrollo&nbsp;de&nbsp;una soluci\u00f3n para contar con una Central&nbsp;de&nbsp;Mezclas, que permita eliminar el riesgo&nbsp;de&nbsp;las personas que se someten a tratamiento&nbsp;de&nbsp;quimioterapia,&nbsp;de&nbsp;que sus preparados no lleguen a la regi\u00f3n por dificultades clim\u00e1ticas y&nbsp;de&nbsp;conectividad.<\/p>\n\n\n\n<p>\u201cComo servicio estamos apostando a que el nuevo hospital regional cuente con todos los tipos&nbsp;de&nbsp;prestaciones para que se puedan atender este tipo&nbsp;de&nbsp;patolog\u00edas, con medicina nuclear y todos los tipos&nbsp;de&nbsp;atenciones que requerir\u00edan para que los ni\u00f1os puedan ser atendidos en nuestra regi\u00f3n\u201d, manifest\u00f3 Mauricio Cort\u00e9s Molina, director (S) del Servicio&nbsp;de&nbsp;Salud Ays\u00e9n.<\/p>\n\n\n\n<p>En paralelo, el SSA se encuentra trabajando con la Corporaci\u00f3n Onco Ays\u00e9n, para mejorar las prestaciones que se hacen en el ex Hotel Los \u00d1ires. \u201cLas dependencias y box quedaron<\/p>\n\n\n\n<p>peque\u00f1as, pero ya tenemos un proyecto para en el corto plazo,&nbsp;de&nbsp;aqu\u00ed al primer semestre&nbsp;de&nbsp;2026, podamos contar con una soluci\u00f3n modular&nbsp;de&nbsp;oncolog\u00eda para tener mayores adecuaciones en las instalaciones, tenemos proyectado el doble&nbsp;de&nbsp;lo que hay actualmente, unos 540 metros cuadrados y obviamente crecer en especialistas para atender&nbsp;de&nbsp;mejor manera\u201d, explic\u00f3 el director subrogante del SSA.<\/p>\n\n\n\n<p><strong>Proceso&nbsp;de&nbsp;atenci\u00f3n asistencial ante sospecha&nbsp;de&nbsp;c\u00e1ncer infantil<\/strong><\/p>\n\n\n\n<p>Ante la sospecha&nbsp;de&nbsp;que un ni\u00f1o, ni\u00f1a o adolescente (14 a\u00f1os, 11 meses y 29 d\u00edas) pudiera tener alguna enfermedad oncol\u00f3gica, la profesional Pamela Aguirre Sep\u00falveda, Coordinadora&nbsp;de&nbsp;la Red Oncol\u00f3gica del SSA, detall\u00f3 las etapas o los pasos para un seguimiento.<\/p>\n\n\n\n<p>En caso&nbsp;de&nbsp;sospecha se debe consultar en el establecimiento m\u00e1s cercano al domicilio, CESFAM, CESCOF o Postas&nbsp;de&nbsp;Salud Rural y&nbsp;de&nbsp;ser necesario en el Servicio&nbsp;de&nbsp;Urgencia del Hospital Coyhaique.<\/p>\n\n\n\n<p>\u201cEn caso&nbsp;de&nbsp;sospecha el m\u00e9dico que atiende al usuario realizar\u00e1 una interconsulta al policl\u00ednico&nbsp;de&nbsp;especialidades del hospital regional Coyhaique, en donde se le realizar\u00e1 un llamado, una contactabilidad&nbsp;de&nbsp;forma inmediata o con prioridad. Luego&nbsp;de&nbsp;ello se atender\u00e1 en el servicio&nbsp;de&nbsp;policl\u00ednico&nbsp;de&nbsp;especialidades&nbsp;de&nbsp;hemato-oncolog\u00eda del hospital Coyhaique, donde el pediatra les solicitar\u00e1 ex\u00e1menes complementarios y si sospecha&nbsp;de&nbsp;un c\u00e1ncer real este pediatra realizar\u00e1 el resumen&nbsp;de&nbsp;traslado para un centro&nbsp;de&nbsp;referencia, que son Puerto Montt, Santiago o Valdivia\u201d, dijo Aguirre.<\/p>\n\n\n\n<p>Es importante destacar que, el pasado 4&nbsp;de&nbsp;febrero, en el marco del D\u00eda Mundial Contra el C\u00e1ncer, la Red Asistencial&nbsp;de&nbsp;la regi\u00f3n inform\u00f3 a la comunidad, a trav\u00e9s&nbsp;de&nbsp;sus plataformas digitales, sobre el paso a paso a seguir en caso&nbsp;de&nbsp;sospecha&nbsp;de&nbsp;C\u00e1ncer&nbsp;de&nbsp;Mama y C\u00e1ncer Cervicouterino.<\/p>\n\n\n\n<p>El Servicio&nbsp;de&nbsp;Salud desde la Atenci\u00f3n Primaria, ha fortalecido los ex\u00e1menes&nbsp;de&nbsp;medicina preventiva y el acceso a otros como la mamograf\u00eda, la endoscop\u00eda digestiva y el PAP para pesquisas tempranas&nbsp;de&nbsp;la enfermedad, lo que se relaciona con el paso a paso ante la duda&nbsp;de&nbsp;tener una enfermedad oncol\u00f3gica.<\/p>\n\n\n\n<p>Respecto al flujo&nbsp;de&nbsp;atenci\u00f3n Jacqueline Hern\u00e1ndez, madre&nbsp;de&nbsp;una ni\u00f1a que se encuentra en pleno seguimiento tras el diagn\u00f3stico&nbsp;de&nbsp;c\u00e1ncer recomienda mantener una dieta saludable y estar atentos a los cambios que se originan en ni\u00f1os y ni\u00f1as. A su vez alent\u00f3 a que los paso a paso en la pesquisa&nbsp;de&nbsp;un c\u00e1ncer se realicen&nbsp;de&nbsp;manera r\u00e1pida. \u201cQue no se pierda mucho tiempo entre los pasos, que pueden ser meses, porque entre pedir la atenci\u00f3n, los ex\u00e1menes y la demora en los resultados, es tiempo. Entonces los paso a paso son importantes, pero tambi\u00e9n es el tiempo que va a durar\u201d, expres\u00f3.<\/p>\n\t\t\t\t\t\t\t\t<\/div>\n\t\t\t\t<\/div>\n\t\t\t\t\t<\/div>\n\t\t\t\t<\/div>\n\t\t\t\t<\/div>\n\t\t","protected":false},"excerpt":{"rendered":"<p>\u00b7&nbsp;&nbsp;&nbsp;&nbsp;&nbsp;&nbsp;&nbsp;&nbsp;&nbsp;Cada 15&nbsp;de&nbsp;febrero se conmemora el d\u00eda mundial contra el C\u00e1ncer Infantil. Actualmente, son 30 ni\u00f1os y ni\u00f1as que conviven con [&hellip;]<\/p>\n","protected":false},"author":2,"featured_media":3925,"comment_status":"open","ping_status":"open","sticky":false,"template":"","format":"standard","meta":{"_eb_attr":"","site-sidebar-layout":"default","site-content-layout":"","ast-site-content-layout":"","site-content-style":"default","site-sidebar-style":"default","ast-global-header-display":"","ast-banner-title-visibility":"","ast-main-header-display":"","ast-hfb-above-header-display":"","ast-hfb-below-header-display":"","ast-hfb-mobile-header-display":"","site-post-title":"","ast-breadcrumbs-content":"","ast-featured-img":"disabled","footer-sml-layout":"","theme-transparent-header-meta":"","adv-header-id-meta":"","stick-header-meta":"","header-above-stick-meta":"","header-main-stick-meta":"","header-below-stick-meta":"","astra-migrate-meta-layouts":"default","ast-page-background-enabled":"default","ast-page-background-meta":{"desktop":{"background-color":"var(--ast-global-color-4)","background-image":"","background-repeat":"repeat","background-position":"center center","background-size":"auto","background-attachment":"scroll","background-type":"","background-media":"","overlay-type":"","overlay-color":"","overlay-opacity":"","overlay-gradient":""},"tablet":{"background-color":"","background-image":"","background-repeat":"repeat","background-position":"center center","background-size":"auto","background-attachment":"scroll","background-type":"","background-media":"","overlay-type":"","overlay-color":"","overlay-opacity":"","overlay-gradient":""},"mobile":{"background-color":"","background-image":"","background-repeat":"repeat","background-position":"center center","background-size":"auto","background-attachment":"scroll","background-type":"","background-media":"","overlay-type":"","overlay-color":"","overlay-opacity":"","overlay-gradient":""}},"ast-content-background-meta":{"desktop":{"background-color":"var(--ast-global-color-5)","background-image":"","background-repeat":"repeat","background-position":"center center","background-size":"auto","background-attachment":"scroll","background-type":"","background-media":"","overlay-type":"","overlay-color":"","overlay-opacity":"","overlay-gradient":""},"tablet":{"background-color":"var(--ast-global-color-5)","background-image":"","background-repeat":"repeat","background-position":"center center","background-size":"auto","background-attachment":"scroll","background-type":"","background-media":"","overlay-type":"","overlay-color":"","overlay-opacity":"","overlay-gradient":""},"mobile":{"background-color":"var(--ast-global-color-5)","background-image":"","background-repeat":"repeat","background-position":"center center","background-size":"auto","background-attachment":"scroll","background-type":"","background-media":"","overlay-type":"","overlay-color":"","overlay-opacity":"","overlay-gradient":""}},"footnotes":""},"categories":[1],"tags":[],"class_list":["post-3923","post","type-post","status-publish","format-standard","has-post-thumbnail","hentry","category-noticias"],"_links":{"self":[{"href":"https:\/\/www.serviciosaludaysen.cl\/index.php\/wp-json\/wp\/v2\/posts\/3923","targetHints":{"allow":["GET"]}}],"collection":[{"href":"https:\/\/www.serviciosaludaysen.cl\/index.php\/wp-json\/wp\/v2\/posts"}],"about":[{"href":"https:\/\/www.serviciosaludaysen.cl\/index.php\/wp-json\/wp\/v2\/types\/post"}],"author":[{"embeddable":true,"href":"https:\/\/www.serviciosaludaysen.cl\/index.php\/wp-json\/wp\/v2\/users\/2"}],"replies":[{"embeddable":true,"href":"https:\/\/www.serviciosaludaysen.cl\/index.php\/wp-json\/wp\/v2\/comments?post=3923"}],"version-history":[{"count":4,"href":"https:\/\/www.serviciosaludaysen.cl\/index.php\/wp-json\/wp\/v2\/posts\/3923\/revisions"}],"predecessor-version":[{"id":3933,"href":"https:\/\/www.serviciosaludaysen.cl\/index.php\/wp-json\/wp\/v2\/posts\/3923\/revisions\/3933"}],"wp:featuredmedia":[{"embeddable":true,"href":"https:\/\/www.serviciosaludaysen.cl\/index.php\/wp-json\/wp\/v2\/media\/3925"}],"wp:attachment":[{"href":"https:\/\/www.serviciosaludaysen.cl\/index.php\/wp-json\/wp\/v2\/media?parent=3923"}],"wp:term":[{"taxonomy":"category","embeddable":true,"href":"https:\/\/www.serviciosaludaysen.cl\/index.php\/wp-json\/wp\/v2\/categories?post=3923"},{"taxonomy":"post_tag","embeddable":true,"href":"https:\/\/www.serviciosaludaysen.cl\/index.php\/wp-json\/wp\/v2\/tags?post=3923"}],"curies":[{"name":"wp","href":"https:\/\/api.w.org\/{rel}","templated":true}]}}