{"id":3912,"date":"2025-02-05T09:36:37","date_gmt":"2025-02-05T12:36:37","guid":{"rendered":"https:\/\/www.serviciosaludaysen.cl\/?p=3912"},"modified":"2025-02-05T09:39:19","modified_gmt":"2025-02-05T12:39:19","slug":"en-dia-mundial-contra-el-cancer-red-asistencial-reafirma-su-estrategia-preventiva-y-mayor-acceso-a-prestaciones-oncologicas","status":"publish","type":"post","link":"https:\/\/www.serviciosaludaysen.cl\/index.php\/2025\/02\/05\/en-dia-mundial-contra-el-cancer-red-asistencial-reafirma-su-estrategia-preventiva-y-mayor-acceso-a-prestaciones-oncologicas\/","title":{"rendered":"En D\u00eda Mundial Contra el C\u00e1ncer Red Asistencial reafirma su estrategia preventiva y mayor acceso a prestaciones oncol\u00f3gicas"},"content":{"rendered":"\t\t<div data-elementor-type=\"wp-post\" data-elementor-id=\"3912\" class=\"elementor elementor-3912\">\n\t\t\t\t<div class=\"elementor-element elementor-element-8acd89c e-flex e-con-boxed e-con e-parent\" data-id=\"8acd89c\" data-element_type=\"container\">\n\t\t\t\t\t<div class=\"e-con-inner\">\n\t\t\t\t<div class=\"elementor-element elementor-element-4aea030 elementor-arrows-position-inside elementor-pagination-position-outside elementor-widget elementor-widget-image-carousel\" data-id=\"4aea030\" data-element_type=\"widget\" data-settings=\"{&quot;slides_to_show&quot;:&quot;1&quot;,&quot;navigation&quot;:&quot;both&quot;,&quot;autoplay&quot;:&quot;yes&quot;,&quot;pause_on_hover&quot;:&quot;yes&quot;,&quot;pause_on_interaction&quot;:&quot;yes&quot;,&quot;autoplay_speed&quot;:5000,&quot;infinite&quot;:&quot;yes&quot;,&quot;effect&quot;:&quot;slide&quot;,&quot;speed&quot;:500}\" data-widget_type=\"image-carousel.default\">\n\t\t\t\t<div class=\"elementor-widget-container\">\n\t\t\t\t\t\t\t<div class=\"elementor-image-carousel-wrapper swiper\" role=\"region\" aria-roledescription=\"carousel\" aria-label=\"Carrusel de im\u00e1genes\" dir=\"ltr\">\n\t\t\t<div class=\"elementor-image-carousel swiper-wrapper\" aria-live=\"off\">\n\t\t\t\t\t\t\t\t<div class=\"swiper-slide\" role=\"group\" aria-roledescription=\"slide\" aria-label=\"1 de 3\"><figure class=\"swiper-slide-inner\"><img decoding=\"async\" class=\"swiper-slide-image\" src=\"https:\/\/www.serviciosaludaysen.cl\/wp-content\/uploads\/2025\/02\/ANGEL-768x576.jpeg\" alt=\"ANGEL\" \/><\/figure><\/div><div class=\"swiper-slide\" role=\"group\" aria-roledescription=\"slide\" aria-label=\"2 de 3\"><figure class=\"swiper-slide-inner\"><img decoding=\"async\" class=\"swiper-slide-image\" src=\"https:\/\/www.serviciosaludaysen.cl\/wp-content\/uploads\/2025\/02\/MARIA-TERESA-ARIAS-768x576.jpeg\" alt=\"MAR\u00cdA TERESA ARIAS\" \/><\/figure><\/div><div class=\"swiper-slide\" role=\"group\" aria-roledescription=\"slide\" aria-label=\"3 de 3\"><figure class=\"swiper-slide-inner\"><img decoding=\"async\" class=\"swiper-slide-image\" src=\"https:\/\/www.serviciosaludaysen.cl\/wp-content\/uploads\/2025\/02\/PAMELA-AGUIRRE-768x576.jpeg\" alt=\"PAMELA AGUIRRE\" \/><\/figure><\/div>\t\t\t<\/div>\n\t\t\t\t\t\t\t\t\t\t\t\t<div class=\"elementor-swiper-button elementor-swiper-button-prev\" role=\"button\" tabindex=\"0\">\n\t\t\t\t\t\t<svg aria-hidden=\"true\" class=\"e-font-icon-svg e-eicon-chevron-left\" viewBox=\"0 0 1000 1000\" xmlns=\"http:\/\/www.w3.org\/2000\/svg\"><path d=\"M646 125C629 125 613 133 604 142L308 442C296 454 292 471 292 487 292 504 296 521 308 533L604 854C617 867 629 875 646 875 663 875 679 871 692 858 704 846 713 829 713 812 713 796 708 779 692 767L438 487 692 225C700 217 708 204 708 187 708 171 704 154 692 142 675 129 663 125 646 125Z\"><\/path><\/svg>\t\t\t\t\t<\/div>\n\t\t\t\t\t<div class=\"elementor-swiper-button elementor-swiper-button-next\" role=\"button\" tabindex=\"0\">\n\t\t\t\t\t\t<svg aria-hidden=\"true\" class=\"e-font-icon-svg e-eicon-chevron-right\" viewBox=\"0 0 1000 1000\" xmlns=\"http:\/\/www.w3.org\/2000\/svg\"><path d=\"M696 533C708 521 713 504 713 487 713 471 708 454 696 446L400 146C388 133 375 125 354 125 338 125 325 129 313 142 300 154 292 171 292 187 292 204 296 221 308 233L563 492 304 771C292 783 288 800 288 817 288 833 296 850 308 863 321 871 338 875 354 875 371 875 388 867 400 854L696 533Z\"><\/path><\/svg>\t\t\t\t\t<\/div>\n\t\t\t\t\n\t\t\t\t\t\t\t\t\t<div class=\"swiper-pagination\"><\/div>\n\t\t\t\t\t\t\t\t\t<\/div>\n\t\t\t\t\t\t<\/div>\n\t\t\t\t<\/div>\n\t\t\t\t\t<\/div>\n\t\t\t\t<\/div>\n\t\t<div class=\"elementor-element elementor-element-4a5c759f e-flex e-con-boxed e-con e-parent\" data-id=\"4a5c759f\" data-element_type=\"container\">\n\t\t\t\t\t<div class=\"e-con-inner\">\n\t\t\t\t<div class=\"elementor-element elementor-element-95c01d2 elementor-widget elementor-widget-text-editor\" data-id=\"95c01d2\" data-element_type=\"widget\" data-widget_type=\"text-editor.default\">\n\t\t\t\t<div class=\"elementor-widget-container\">\n\t\t\t\t\t\t\t\t\t\n<p>El c\u00e1ncer de mama y cervicouterino son los c\u00e1nceres m\u00e1s prevalentes entre las mujeres de la regi\u00f3n de Ays\u00e9n, mientras que entre hombres destaca el g\u00e1strico, colorrectal y de pr\u00f3stata.<\/p>\n\n\n\n<p>En el caso de los ni\u00f1os y ni\u00f1as los n\u00fameros son bastante bajos y promedian dos casos por a\u00f1o, lo cual no significa que no exista un an\u00e1lisis, vigilancia y observaci\u00f3n del comportamiento de la enfermedad.<\/p>\n\n\n\n<p>La Red Asistencial de Ays\u00e9n trabaja permanentemente para disminuir las cifras a trav\u00e9s de distintas l\u00edneas de acci\u00f3n. \u201cTenemos tres l\u00edneas estrat\u00e9gicas que se est\u00e1n trabajando, preventivas, acceso a prestaciones oncol\u00f3gicas y soluciones intermedias desde el a\u00f1o 2024, trabajando con la Corporaci\u00f3n Onco Ays\u00e9n para dar soluci\u00f3n a la demanda de la poblaci\u00f3n con el Centro Oncol\u00f3gico Transitorio\u201d, advierte Pamela Aguirre, Coordinadora de la Red Oncol\u00f3gica del Servicio de Salud Ays\u00e9n.<\/p>\n\n\n\n<p>Al aumento de ex\u00e1menes preventivos con mamograf\u00edas, endoscop\u00edas digestivas y PAP se suman rondas de especialidades en zonas alejadas, a la vez de una mayor resolutividad del Hospital Regional Coyhaique y el trabajo a trav\u00e9s de la mesa intersectorial con el fin de abordar de manera integral esta problem\u00e1tica.<\/p>\n\n\n\n<p>Cabe mencionar que cada a\u00f1o se recuerda el 4 de febrero como el D\u00eda Mundial Contra el C\u00e1ncer para concientizar y prevenir esta enfermedad que anualmente cobra miles de vidas en Chile.<\/p>\n\n\n\n<p>Es as\u00ed que es muy importante que cada uno de los habitantes de Ays\u00e9n puedan realizarse controles m\u00e9dicos permanentes para ante cualquier sospecha actuar lo m\u00e1s pronto posible y detectar tempranamente cualquier tipo de c\u00e1ncer.<\/p>\n\n\n\n<p>\u201cSi tenemos factores o antecedentes familiares de c\u00e1ncer de mama o de est\u00f3mago, cervicouterino es muy importante acudir al CESFAM, consultorio o posta de salud rural m\u00e1s cercana para realizarnos estos ex\u00e1menes m\u00e9dicos preventivos del adulto mayor y tambi\u00e9n nuestros controles con matrona o ginec\u00f3logo para realizar este tipo de ex\u00e1menes como PAP, mamograf\u00edas, detecci\u00f3n temprana del c\u00e1ncer g\u00e1strico, entre otros\u201d<\/p>\n\n\n\n<p>Aguirre Sep\u00falveda subray\u00f3 la importancia de hacerse ex\u00e1menes peri\u00f3dicos para conocer su estado de salud, a trav\u00e9s de los operativos que dispone la Red Asistencial. De forma especial hizo una invitaci\u00f3n a los hombres para que se realicen el examen prost\u00e1tico, adem\u00e1s de mantener una dieta y estilos de vida saludables.<\/p>\n\n\n\n<p>El Servicio de Salud Junto a la Corporaci\u00f3n Onco Ays\u00e9n, se encuentra trabajando para informar a la comunidad acerca de los flujos de atenci\u00f3n, inicialmente para c\u00e1ncer de mama, c\u00e9rvico uterino e infantil.<\/p>\n\n\n\n<p><strong>Testimonios de lucha y esperanza<\/strong><\/p>\n\n\n\n<p>Aunque el c\u00e1ncer es una enfermedad compleja, es importante saber que siempre existen caminos para poder sobrellevarla, como lo retratan algunas personas que lo han sufrido y lo sufren actualmente.<\/p>\n\n\n\n<p>\u201cEn alg\u00fan momento me olvid\u00e9 un poco de mi misma y eso gatill\u00f3 una enfermedad, la cual se diagnostic\u00f3 c\u00e1ncer y para mi fue mi regalo de amor y fe. Esto sucedi\u00f3 a principios de febrero del a\u00f1o ante pasado, donde toqu\u00e9 un porotito. La gente asocia mucho c\u00e1ncer y muerte y no es as\u00ed, si t\u00fa lo detectas a tiempo en etapa 1, 2 o 3 no te asustes hay tratamientos y gente especializada y con mucha empat\u00eda que est\u00e1 esperando para poder ayudarte\u201d, dijo Mar\u00eda Teresa Arias, de Chile Chico.<\/p>\n\n\n\n<p>Mientras \u00c1ngel, de Coyhaique, quien se dedica a la m\u00fasica recibi\u00f3 una mala noticia cuando le diagnosticaron leucemia. Sin embargo, lejos de considerar la angustia o la depresi\u00f3n como camino, decidi\u00f3 verlo como una oportunidad de lucha. \u201cLo tom\u00e9 como un sin\u00f3nimo de lucha, de querer dar amor y recibirlo de los cercanos y que es muy importante tener un centro oncol\u00f3gico en la regi\u00f3n, ya que para una persona de ac\u00e1 recibir un tratamiento es sumamente complejo, ya que ir afuera son gastos en arriendo, alimentaci\u00f3n y el hecho de tenerlo ac\u00e1 ayuda mucho para el bolsillo de cada familia y paciente y siempre hay una lucecita que te dice que hay gente que te quiere\u201d, destac\u00f3.<\/p>\n\t\t\t\t\t\t\t\t<\/div>\n\t\t\t\t<\/div>\n\t\t\t\t\t<\/div>\n\t\t\t\t<\/div>\n\t\t<div class=\"elementor-element elementor-element-9b3aae5 e-flex e-con-boxed e-con e-parent\" data-id=\"9b3aae5\" data-element_type=\"container\">\n\t\t\t\t\t<div class=\"e-con-inner\">\n\t\t\t\t\t<\/div>\n\t\t\t\t<\/div>\n\t\t\t\t<\/div>\n\t\t","protected":false},"excerpt":{"rendered":"<p>El c\u00e1ncer de mama y cervicouterino son los c\u00e1nceres m\u00e1s prevalentes entre las mujeres de la regi\u00f3n de Ays\u00e9n, mientras [&hellip;]<\/p>\n","protected":false},"author":2,"featured_media":3914,"comment_status":"open","ping_status":"open","sticky":false,"template":"","format":"standard","meta":{"_eb_attr":"","site-sidebar-layout":"default","site-content-layout":"","ast-site-content-layout":"","site-content-style":"default","site-sidebar-style":"default","ast-global-header-display":"","ast-banner-title-visibility":"","ast-main-header-display":"","ast-hfb-above-header-display":"","ast-hfb-below-header-display":"","ast-hfb-mobile-header-display":"","site-post-title":"","ast-breadcrumbs-content":"","ast-featured-img":"disabled","footer-sml-layout":"","theme-transparent-header-meta":"","adv-header-id-meta":"","stick-header-meta":"","header-above-stick-meta":"","header-main-stick-meta":"","header-below-stick-meta":"","astra-migrate-meta-layouts":"default","ast-page-background-enabled":"default","ast-page-background-meta":{"desktop":{"background-color":"var(--ast-global-color-4)","background-image":"","background-repeat":"repeat","background-position":"center center","background-size":"auto","background-attachment":"scroll","background-type":"","background-media":"","overlay-type":"","overlay-color":"","overlay-opacity":"","overlay-gradient":""},"tablet":{"background-color":"","background-image":"","background-repeat":"repeat","background-position":"center center","background-size":"auto","background-attachment":"scroll","background-type":"","background-media":"","overlay-type":"","overlay-color":"","overlay-opacity":"","overlay-gradient":""},"mobile":{"background-color":"","background-image":"","background-repeat":"repeat","background-position":"center center","background-size":"auto","background-attachment":"scroll","background-type":"","background-media":"","overlay-type":"","overlay-color":"","overlay-opacity":"","overlay-gradient":""}},"ast-content-background-meta":{"desktop":{"background-color":"var(--ast-global-color-5)","background-image":"","background-repeat":"repeat","background-position":"center center","background-size":"auto","background-attachment":"scroll","background-type":"","background-media":"","overlay-type":"","overlay-color":"","overlay-opacity":"","overlay-gradient":""},"tablet":{"background-color":"var(--ast-global-color-5)","background-image":"","background-repeat":"repeat","background-position":"center center","background-size":"auto","background-attachment":"scroll","background-type":"","background-media":"","overlay-type":"","overlay-color":"","overlay-opacity":"","overlay-gradient":""},"mobile":{"background-color":"var(--ast-global-color-5)","background-image":"","background-repeat":"repeat","background-position":"center center","background-size":"auto","background-attachment":"scroll","background-type":"","background-media":"","overlay-type":"","overlay-color":"","overlay-opacity":"","overlay-gradient":""}},"footnotes":""},"categories":[1],"tags":[61,62],"class_list":["post-3912","post","type-post","status-publish","format-standard","has-post-thumbnail","hentry","category-noticias","tag-dia-mundial-contra-el-cancer","tag-red-asistencial-aysen"],"_links":{"self":[{"href":"https:\/\/www.serviciosaludaysen.cl\/index.php\/wp-json\/wp\/v2\/posts\/3912","targetHints":{"allow":["GET"]}}],"collection":[{"href":"https:\/\/www.serviciosaludaysen.cl\/index.php\/wp-json\/wp\/v2\/posts"}],"about":[{"href":"https:\/\/www.serviciosaludaysen.cl\/index.php\/wp-json\/wp\/v2\/types\/post"}],"author":[{"embeddable":true,"href":"https:\/\/www.serviciosaludaysen.cl\/index.php\/wp-json\/wp\/v2\/users\/2"}],"replies":[{"embeddable":true,"href":"https:\/\/www.serviciosaludaysen.cl\/index.php\/wp-json\/wp\/v2\/comments?post=3912"}],"version-history":[{"count":4,"href":"https:\/\/www.serviciosaludaysen.cl\/index.php\/wp-json\/wp\/v2\/posts\/3912\/revisions"}],"predecessor-version":[{"id":3919,"href":"https:\/\/www.serviciosaludaysen.cl\/index.php\/wp-json\/wp\/v2\/posts\/3912\/revisions\/3919"}],"wp:featuredmedia":[{"embeddable":true,"href":"https:\/\/www.serviciosaludaysen.cl\/index.php\/wp-json\/wp\/v2\/media\/3914"}],"wp:attachment":[{"href":"https:\/\/www.serviciosaludaysen.cl\/index.php\/wp-json\/wp\/v2\/media?parent=3912"}],"wp:term":[{"taxonomy":"category","embeddable":true,"href":"https:\/\/www.serviciosaludaysen.cl\/index.php\/wp-json\/wp\/v2\/categories?post=3912"},{"taxonomy":"post_tag","embeddable":true,"href":"https:\/\/www.serviciosaludaysen.cl\/index.php\/wp-json\/wp\/v2\/tags?post=3912"}],"curies":[{"name":"wp","href":"https:\/\/api.w.org\/{rel}","templated":true}]}}