{"id":3897,"date":"2025-01-29T09:19:55","date_gmt":"2025-01-29T12:19:55","guid":{"rendered":"https:\/\/www.serviciosaludaysen.cl\/?p=3897"},"modified":"2025-01-29T09:23:15","modified_gmt":"2025-01-29T12:23:15","slug":"puesta-en-marcha-funcionarios-de-cosam-aysen-se-preparan-para-traslado-a-nuevas-dependencias","status":"publish","type":"post","link":"https:\/\/www.serviciosaludaysen.cl\/index.php\/2025\/01\/29\/puesta-en-marcha-funcionarios-de-cosam-aysen-se-preparan-para-traslado-a-nuevas-dependencias\/","title":{"rendered":"Puesta en Marcha: Funcionarios de COSAM Ays\u00e9n se preparan para traslado a nuevas dependencias"},"content":{"rendered":"\t\t<div data-elementor-type=\"wp-post\" data-elementor-id=\"3897\" class=\"elementor elementor-3897\">\n\t\t\t\t<div class=\"elementor-element elementor-element-adc6744 e-flex e-con-boxed e-con e-parent\" data-id=\"adc6744\" data-element_type=\"container\">\n\t\t\t\t\t<div class=\"e-con-inner\">\n\t\t\t\t<div class=\"elementor-element elementor-element-f2270f7 elementor-arrows-position-inside elementor-pagination-position-outside elementor-widget elementor-widget-image-carousel\" data-id=\"f2270f7\" data-element_type=\"widget\" data-settings=\"{&quot;slides_to_show&quot;:&quot;1&quot;,&quot;navigation&quot;:&quot;both&quot;,&quot;autoplay&quot;:&quot;yes&quot;,&quot;pause_on_hover&quot;:&quot;yes&quot;,&quot;pause_on_interaction&quot;:&quot;yes&quot;,&quot;autoplay_speed&quot;:5000,&quot;infinite&quot;:&quot;yes&quot;,&quot;effect&quot;:&quot;slide&quot;,&quot;speed&quot;:500}\" data-widget_type=\"image-carousel.default\">\n\t\t\t\t<div class=\"elementor-widget-container\">\n\t\t\t\t\t\t\t<div class=\"elementor-image-carousel-wrapper swiper\" role=\"region\" aria-roledescription=\"carousel\" aria-label=\"Carrusel de im\u00e1genes\" dir=\"ltr\">\n\t\t\t<div class=\"elementor-image-carousel swiper-wrapper\" aria-live=\"off\">\n\t\t\t\t\t\t\t\t<div class=\"swiper-slide\" role=\"group\" aria-roledescription=\"slide\" aria-label=\"1 de 7\"><figure class=\"swiper-slide-inner\"><img decoding=\"async\" class=\"swiper-slide-image\" src=\"https:\/\/www.serviciosaludaysen.cl\/wp-content\/uploads\/2025\/01\/COSAM-AYSEN-2-768x512.jpeg\" alt=\"COSAM AYS\u00c9N (2)\" \/><\/figure><\/div><div class=\"swiper-slide\" role=\"group\" aria-roledescription=\"slide\" aria-label=\"2 de 7\"><figure class=\"swiper-slide-inner\"><img decoding=\"async\" class=\"swiper-slide-image\" src=\"https:\/\/www.serviciosaludaysen.cl\/wp-content\/uploads\/2025\/01\/COSAM-AYSEN-1-768x512.jpeg\" alt=\"COSAM AYS\u00c9N (1)\" \/><\/figure><\/div><div class=\"swiper-slide\" role=\"group\" aria-roledescription=\"slide\" aria-label=\"3 de 7\"><figure class=\"swiper-slide-inner\"><img decoding=\"async\" class=\"swiper-slide-image\" src=\"https:\/\/www.serviciosaludaysen.cl\/wp-content\/uploads\/2025\/01\/COSAM-AYSEN-6-768x512.jpeg\" alt=\"COSAM AYS\u00c9N (6)\" \/><\/figure><\/div><div class=\"swiper-slide\" role=\"group\" aria-roledescription=\"slide\" aria-label=\"4 de 7\"><figure class=\"swiper-slide-inner\"><img decoding=\"async\" class=\"swiper-slide-image\" src=\"https:\/\/www.serviciosaludaysen.cl\/wp-content\/uploads\/2025\/01\/COSAM-AYSEN-3-768x512.jpeg\" alt=\"COSAM AYS\u00c9N (3)\" \/><\/figure><\/div><div class=\"swiper-slide\" role=\"group\" aria-roledescription=\"slide\" aria-label=\"5 de 7\"><figure class=\"swiper-slide-inner\"><img decoding=\"async\" class=\"swiper-slide-image\" src=\"https:\/\/www.serviciosaludaysen.cl\/wp-content\/uploads\/2025\/01\/COSAM-AYSEN-4-768x512.jpeg\" alt=\"COSAM AYS\u00c9N (4)\" \/><\/figure><\/div><div class=\"swiper-slide\" role=\"group\" aria-roledescription=\"slide\" aria-label=\"6 de 7\"><figure class=\"swiper-slide-inner\"><img decoding=\"async\" class=\"swiper-slide-image\" src=\"https:\/\/www.serviciosaludaysen.cl\/wp-content\/uploads\/2025\/01\/COSAM-AYSEN-5-768x512.jpeg\" alt=\"COSAM AYS\u00c9N (5)\" \/><\/figure><\/div><div class=\"swiper-slide\" role=\"group\" aria-roledescription=\"slide\" aria-label=\"7 de 7\"><figure class=\"swiper-slide-inner\"><img decoding=\"async\" class=\"swiper-slide-image\" src=\"https:\/\/www.serviciosaludaysen.cl\/wp-content\/uploads\/2025\/01\/COSAM-AYSEN-7-768x512.jpeg\" alt=\"COSAM AYS\u00c9N (7)\" \/><\/figure><\/div>\t\t\t<\/div>\n\t\t\t\t\t\t\t\t\t\t\t\t<div class=\"elementor-swiper-button elementor-swiper-button-prev\" role=\"button\" tabindex=\"0\">\n\t\t\t\t\t\t<svg aria-hidden=\"true\" class=\"e-font-icon-svg e-eicon-chevron-left\" viewBox=\"0 0 1000 1000\" xmlns=\"http:\/\/www.w3.org\/2000\/svg\"><path d=\"M646 125C629 125 613 133 604 142L308 442C296 454 292 471 292 487 292 504 296 521 308 533L604 854C617 867 629 875 646 875 663 875 679 871 692 858 704 846 713 829 713 812 713 796 708 779 692 767L438 487 692 225C700 217 708 204 708 187 708 171 704 154 692 142 675 129 663 125 646 125Z\"><\/path><\/svg>\t\t\t\t\t<\/div>\n\t\t\t\t\t<div class=\"elementor-swiper-button elementor-swiper-button-next\" role=\"button\" tabindex=\"0\">\n\t\t\t\t\t\t<svg aria-hidden=\"true\" class=\"e-font-icon-svg e-eicon-chevron-right\" viewBox=\"0 0 1000 1000\" xmlns=\"http:\/\/www.w3.org\/2000\/svg\"><path d=\"M696 533C708 521 713 504 713 487 713 471 708 454 696 446L400 146C388 133 375 125 354 125 338 125 325 129 313 142 300 154 292 171 292 187 292 204 296 221 308 233L563 492 304 771C292 783 288 800 288 817 288 833 296 850 308 863 321 871 338 875 354 875 371 875 388 867 400 854L696 533Z\"><\/path><\/svg>\t\t\t\t\t<\/div>\n\t\t\t\t\n\t\t\t\t\t\t\t\t\t<div class=\"swiper-pagination\"><\/div>\n\t\t\t\t\t\t\t\t\t<\/div>\n\t\t\t\t\t\t<\/div>\n\t\t\t\t<\/div>\n\t\t\t\t\t<\/div>\n\t\t\t\t<\/div>\n\t\t<div class=\"elementor-element elementor-element-6ea336f5 e-flex e-con-boxed e-con e-parent\" data-id=\"6ea336f5\" data-element_type=\"container\">\n\t\t\t\t\t<div class=\"e-con-inner\">\n\t\t\t\t<div class=\"elementor-element elementor-element-603576e5 elementor-widget elementor-widget-text-editor\" data-id=\"603576e5\" data-element_type=\"widget\" data-widget_type=\"text-editor.default\">\n\t\t\t\t<div class=\"elementor-widget-container\">\n\t\t\t\t\t\t\t\t\t\n<p>Con el fin de dar a conocer los pormenores de lo que ser\u00e1 el pr\u00f3ximo traslado a las nuevas dependencias del COSAM adulto de la provincia, un equipo del Servicio de Salud Ays\u00e9n (SSA) mantuvo una jornada de trabajo con los funcionarios y funcionarias que se reubicar\u00e1n en este establecimiento.<\/p>\n\n\n\n<p>\u201cEstamos partiendo con algunas actividades relacionadas a la gesti\u00f3n del cambio. Hay que generar nuevos espacios e informaci\u00f3n, tanto para la comunidad como para los equipos, que est\u00e1n muy motivados para este trabajo. Tuvimos dos jornadas bien importantes, donde estuvimos mirando cuales son las necesidades de cambio y c\u00f3mo queremos llegar y concretarlos. El equipo se mostr\u00f3 muy dispuesto para una puesta en marcha y la gesti\u00f3n del cambio, que es un proceso continuo\u201d, explic\u00f3 Andrea Fuentes Villalobos, Jefa del Subdepartamento de Salud Mental del SSA.<\/p>\n\n\n\n<p>Las nuevas dependencias contar\u00e1n con m\u00e1s de 200 metros cuadrados, 142 existentes y otros 66 nuevos, en una ubicaci\u00f3n c\u00e9ntrica y cercana a los dem\u00e1s dispositivos que son parte de la atenci\u00f3n en salud mental en la Provincia de Ays\u00e9n.<\/p>\n\n\n\n<p>\u201cQuiero decirles con gran orgullo que pr\u00f3ximamente vamos a inaugurar un nuevo espacio en el cual se va a intervenir al p\u00fablico adulto, con el equipo que ya cuenta el COSAM y profesionales psiquiatras, m\u00e9dicos intentando acercar m\u00e1s la salud mental a la comunidad, tratando de llevar este enfoque comunitario a sus casas y que puedan ser parte de este proceso, por eso tambi\u00e9n invitamos a la comunidad a hacer un diagn\u00f3stico participativo\u201d, dijo Karen Cari, directora t\u00e9cnica (S) del COSAM de Puerto Ays\u00e9n.<\/p>\n\n\n\n<p>La gesti\u00f3n del cambio busca facilitar los procesos de transformaci\u00f3n e implica trabajar en la aceptaci\u00f3n y asimilaci\u00f3n de ellos en las instituciones.<\/p>\n\n\n\n<p>La salud mental es eje estructural del programa de Gobierno del Presidente Gabriel Boric y esto cobra a\u00fan m\u00e1s relevancia en una zona como la regi\u00f3n de Ays\u00e9n, donde seg\u00fan datos de 2016, la tasa de suicidios fue casi el doble que el resto del pa\u00eds, con 17,7 cada cien mil habitantes.<\/p>\n\n\n\n<p>A estos se suma la tasa de denuncias por Violencia Intrafamiliar que tambi\u00e9n se ubica entre las m\u00e1s altas del pa\u00eds y con alta prevalencia de consumo de tabaco y alcohol.<\/p>\n\n\n\n<p>El nuevo COSAM de Ays\u00e9n pretende dotar a la poblaci\u00f3n de la zona norte de la regi\u00f3n de un Centro de Salud Mental Comunitario que permita acceder oportunamente a los cuidados de salud mental con un enfoque comunitario.<\/p>\n\n\n\n<p>Lo que se busca es organizar y facilitar el acceso, derivaci\u00f3n y seguimiento de aquellas acciones que no son resueltas actualmente dentro de la red asistencial y con una infraestructura adecuada acorde a los actuales est\u00e1ndares normativos, con el objetivo de mejorar la atenci\u00f3n en salud mental de la poblaci\u00f3n aysenina.<\/p>\n\n\n\n<p>\u201cMe va a convenir mucho, porque vivo cerca, as\u00ed que me quedar\u00e1 m\u00e1s cerca, no tendr\u00e9 que caminar tanto y ser\u00e1 una gran ayuda para mucha gente, y seguramente habr\u00e1 m\u00e1s comodidad, as\u00ed que todo mejor\u201d, expres\u00f3 Cristian Ru\u00edz, una de las personas que se atiende en el COSAM.<\/p>\n\n\n\n<p>La infraestructura contar\u00e1 con seis boxes de atenci\u00f3n y sala de seguimiento de entrevistas, entre otros espacios.<\/p>\n\n\n\n<p>Las obras se iniciaron en julio pasado y el monto supera los 350 millones de pesos, proyect\u00e1ndose la inauguraci\u00f3n para las pr\u00f3ximas semanas.<\/p>\n\t\t\t\t\t\t\t\t<\/div>\n\t\t\t\t<\/div>\n\t\t\t\t\t<\/div>\n\t\t\t\t<\/div>\n\t\t<div class=\"elementor-element elementor-element-6a762e5 e-flex e-con-boxed e-con e-parent\" data-id=\"6a762e5\" data-element_type=\"container\">\n\t\t\t\t\t<div class=\"e-con-inner\">\n\t\t\t\t\t<\/div>\n\t\t\t\t<\/div>\n\t\t\t\t<\/div>\n\t\t","protected":false},"excerpt":{"rendered":"<p>Con el fin de dar a conocer los pormenores de lo que ser\u00e1 el pr\u00f3ximo traslado a las nuevas dependencias [&hellip;]<\/p>\n","protected":false},"author":2,"featured_media":3902,"comment_status":"open","ping_status":"open","sticky":false,"template":"","format":"standard","meta":{"_eb_attr":"","site-sidebar-layout":"default","site-content-layout":"","ast-site-content-layout":"","site-content-style":"default","site-sidebar-style":"default","ast-global-header-display":"","ast-banner-title-visibility":"","ast-main-header-display":"","ast-hfb-above-header-display":"","ast-hfb-below-header-display":"","ast-hfb-mobile-header-display":"","site-post-title":"","ast-breadcrumbs-content":"","ast-featured-img":"disabled","footer-sml-layout":"","theme-transparent-header-meta":"","adv-header-id-meta":"","stick-header-meta":"","header-above-stick-meta":"","header-main-stick-meta":"","header-below-stick-meta":"","astra-migrate-meta-layouts":"default","ast-page-background-enabled":"default","ast-page-background-meta":{"desktop":{"background-color":"var(--ast-global-color-4)","background-image":"","background-repeat":"repeat","background-position":"center center","background-size":"auto","background-attachment":"scroll","background-type":"","background-media":"","overlay-type":"","overlay-color":"","overlay-opacity":"","overlay-gradient":""},"tablet":{"background-color":"","background-image":"","background-repeat":"repeat","background-position":"center center","background-size":"auto","background-attachment":"scroll","background-type":"","background-media":"","overlay-type":"","overlay-color":"","overlay-opacity":"","overlay-gradient":""},"mobile":{"background-color":"","background-image":"","background-repeat":"repeat","background-position":"center center","background-size":"auto","background-attachment":"scroll","background-type":"","background-media":"","overlay-type":"","overlay-color":"","overlay-opacity":"","overlay-gradient":""}},"ast-content-background-meta":{"desktop":{"background-color":"var(--ast-global-color-5)","background-image":"","background-repeat":"repeat","background-position":"center center","background-size":"auto","background-attachment":"scroll","background-type":"","background-media":"","overlay-type":"","overlay-color":"","overlay-opacity":"","overlay-gradient":""},"tablet":{"background-color":"var(--ast-global-color-5)","background-image":"","background-repeat":"repeat","background-position":"center center","background-size":"auto","background-attachment":"scroll","background-type":"","background-media":"","overlay-type":"","overlay-color":"","overlay-opacity":"","overlay-gradient":""},"mobile":{"background-color":"var(--ast-global-color-5)","background-image":"","background-repeat":"repeat","background-position":"center center","background-size":"auto","background-attachment":"scroll","background-type":"","background-media":"","overlay-type":"","overlay-color":"","overlay-opacity":"","overlay-gradient":""}},"footnotes":""},"categories":[1],"tags":[],"class_list":["post-3897","post","type-post","status-publish","format-standard","has-post-thumbnail","hentry","category-noticias"],"_links":{"self":[{"href":"https:\/\/www.serviciosaludaysen.cl\/index.php\/wp-json\/wp\/v2\/posts\/3897","targetHints":{"allow":["GET"]}}],"collection":[{"href":"https:\/\/www.serviciosaludaysen.cl\/index.php\/wp-json\/wp\/v2\/posts"}],"about":[{"href":"https:\/\/www.serviciosaludaysen.cl\/index.php\/wp-json\/wp\/v2\/types\/post"}],"author":[{"embeddable":true,"href":"https:\/\/www.serviciosaludaysen.cl\/index.php\/wp-json\/wp\/v2\/users\/2"}],"replies":[{"embeddable":true,"href":"https:\/\/www.serviciosaludaysen.cl\/index.php\/wp-json\/wp\/v2\/comments?post=3897"}],"version-history":[{"count":4,"href":"https:\/\/www.serviciosaludaysen.cl\/index.php\/wp-json\/wp\/v2\/posts\/3897\/revisions"}],"predecessor-version":[{"id":3908,"href":"https:\/\/www.serviciosaludaysen.cl\/index.php\/wp-json\/wp\/v2\/posts\/3897\/revisions\/3908"}],"wp:featuredmedia":[{"embeddable":true,"href":"https:\/\/www.serviciosaludaysen.cl\/index.php\/wp-json\/wp\/v2\/media\/3902"}],"wp:attachment":[{"href":"https:\/\/www.serviciosaludaysen.cl\/index.php\/wp-json\/wp\/v2\/media?parent=3897"}],"wp:term":[{"taxonomy":"category","embeddable":true,"href":"https:\/\/www.serviciosaludaysen.cl\/index.php\/wp-json\/wp\/v2\/categories?post=3897"},{"taxonomy":"post_tag","embeddable":true,"href":"https:\/\/www.serviciosaludaysen.cl\/index.php\/wp-json\/wp\/v2\/tags?post=3897"}],"curies":[{"name":"wp","href":"https:\/\/api.w.org\/{rel}","templated":true}]}}