{"id":3885,"date":"2025-01-27T15:10:13","date_gmt":"2025-01-27T18:10:13","guid":{"rendered":"https:\/\/www.serviciosaludaysen.cl\/?p=3885"},"modified":"2025-01-27T15:14:19","modified_gmt":"2025-01-27T18:14:19","slug":"hospital-de-puerto-aysen-y-fundacion-traesol-llevan-a-cabo-cirugias-de-alta-complejidad","status":"publish","type":"post","link":"https:\/\/www.serviciosaludaysen.cl\/index.php\/2025\/01\/27\/hospital-de-puerto-aysen-y-fundacion-traesol-llevan-a-cabo-cirugias-de-alta-complejidad\/","title":{"rendered":"Hospital de Puerto Ays\u00e9n y Fundaci\u00f3n Traesol llevan a cabo cirug\u00edas de alta complejidad"},"content":{"rendered":"\t\t<div data-elementor-type=\"wp-post\" data-elementor-id=\"3885\" class=\"elementor elementor-3885\">\n\t\t\t\t<div class=\"elementor-element elementor-element-3e2c0ab e-flex e-con-boxed e-con e-parent\" data-id=\"3e2c0ab\" data-element_type=\"container\">\n\t\t\t\t\t<div class=\"e-con-inner\">\n\t\t\t\t<div class=\"elementor-element elementor-element-986e4d0 elementor-arrows-position-inside elementor-pagination-position-outside elementor-widget elementor-widget-image-carousel\" data-id=\"986e4d0\" data-element_type=\"widget\" data-settings=\"{&quot;slides_to_show&quot;:&quot;1&quot;,&quot;navigation&quot;:&quot;both&quot;,&quot;autoplay&quot;:&quot;yes&quot;,&quot;pause_on_hover&quot;:&quot;yes&quot;,&quot;pause_on_interaction&quot;:&quot;yes&quot;,&quot;autoplay_speed&quot;:5000,&quot;infinite&quot;:&quot;yes&quot;,&quot;effect&quot;:&quot;slide&quot;,&quot;speed&quot;:500}\" data-widget_type=\"image-carousel.default\">\n\t\t\t\t<div class=\"elementor-widget-container\">\n\t\t\t\t\t\t\t<div class=\"elementor-image-carousel-wrapper swiper\" role=\"region\" aria-roledescription=\"carousel\" aria-label=\"Carrusel de im\u00e1genes\" dir=\"ltr\">\n\t\t\t<div class=\"elementor-image-carousel swiper-wrapper\" aria-live=\"off\">\n\t\t\t\t\t\t\t\t<div class=\"swiper-slide\" role=\"group\" aria-roledescription=\"slide\" aria-label=\"1 de 7\"><figure class=\"swiper-slide-inner\"><img decoding=\"async\" class=\"swiper-slide-image\" src=\"https:\/\/www.serviciosaludaysen.cl\/wp-content\/uploads\/2025\/01\/FOTO-1-5-768x576.jpeg\" alt=\"FOTO 1 (5)\" \/><\/figure><\/div><div class=\"swiper-slide\" role=\"group\" aria-roledescription=\"slide\" aria-label=\"2 de 7\"><figure class=\"swiper-slide-inner\"><img decoding=\"async\" class=\"swiper-slide-image\" src=\"https:\/\/www.serviciosaludaysen.cl\/wp-content\/uploads\/2025\/01\/FOTO-3-768x576.jpeg\" alt=\"FOTO 3\" \/><\/figure><\/div><div class=\"swiper-slide\" role=\"group\" aria-roledescription=\"slide\" aria-label=\"3 de 7\"><figure class=\"swiper-slide-inner\"><img decoding=\"async\" class=\"swiper-slide-image\" src=\"https:\/\/www.serviciosaludaysen.cl\/wp-content\/uploads\/2025\/01\/FOTO-2-768x576.jpeg\" alt=\"FOTO 2\" \/><\/figure><\/div><div class=\"swiper-slide\" role=\"group\" aria-roledescription=\"slide\" aria-label=\"4 de 7\"><figure class=\"swiper-slide-inner\"><img decoding=\"async\" class=\"swiper-slide-image\" src=\"https:\/\/www.serviciosaludaysen.cl\/wp-content\/uploads\/2025\/01\/FOTO-6-768x576.jpeg\" alt=\"FOTO 6\" \/><\/figure><\/div><div class=\"swiper-slide\" role=\"group\" aria-roledescription=\"slide\" aria-label=\"5 de 7\"><figure class=\"swiper-slide-inner\"><img decoding=\"async\" class=\"swiper-slide-image\" src=\"https:\/\/www.serviciosaludaysen.cl\/wp-content\/uploads\/2025\/01\/FOTO-7-768x576.jpeg\" alt=\"FOTO 7\" \/><\/figure><\/div><div class=\"swiper-slide\" role=\"group\" aria-roledescription=\"slide\" aria-label=\"6 de 7\"><figure class=\"swiper-slide-inner\"><img decoding=\"async\" class=\"swiper-slide-image\" src=\"https:\/\/www.serviciosaludaysen.cl\/wp-content\/uploads\/2025\/01\/FOTO-4-1-768x576.jpeg\" alt=\"FOTO 4 (1)\" \/><\/figure><\/div><div class=\"swiper-slide\" role=\"group\" aria-roledescription=\"slide\" aria-label=\"7 de 7\"><figure class=\"swiper-slide-inner\"><img decoding=\"async\" class=\"swiper-slide-image\" src=\"https:\/\/www.serviciosaludaysen.cl\/wp-content\/uploads\/2025\/01\/FOTO-5-1-768x576.jpeg\" alt=\"FOTO 5 (1)\" \/><\/figure><\/div>\t\t\t<\/div>\n\t\t\t\t\t\t\t\t\t\t\t\t<div class=\"elementor-swiper-button elementor-swiper-button-prev\" role=\"button\" tabindex=\"0\">\n\t\t\t\t\t\t<svg aria-hidden=\"true\" class=\"e-font-icon-svg e-eicon-chevron-left\" viewBox=\"0 0 1000 1000\" xmlns=\"http:\/\/www.w3.org\/2000\/svg\"><path d=\"M646 125C629 125 613 133 604 142L308 442C296 454 292 471 292 487 292 504 296 521 308 533L604 854C617 867 629 875 646 875 663 875 679 871 692 858 704 846 713 829 713 812 713 796 708 779 692 767L438 487 692 225C700 217 708 204 708 187 708 171 704 154 692 142 675 129 663 125 646 125Z\"><\/path><\/svg>\t\t\t\t\t<\/div>\n\t\t\t\t\t<div class=\"elementor-swiper-button elementor-swiper-button-next\" role=\"button\" tabindex=\"0\">\n\t\t\t\t\t\t<svg aria-hidden=\"true\" class=\"e-font-icon-svg e-eicon-chevron-right\" viewBox=\"0 0 1000 1000\" xmlns=\"http:\/\/www.w3.org\/2000\/svg\"><path d=\"M696 533C708 521 713 504 713 487 713 471 708 454 696 446L400 146C388 133 375 125 354 125 338 125 325 129 313 142 300 154 292 171 292 187 292 204 296 221 308 233L563 492 304 771C292 783 288 800 288 817 288 833 296 850 308 863 321 871 338 875 354 875 371 875 388 867 400 854L696 533Z\"><\/path><\/svg>\t\t\t\t\t<\/div>\n\t\t\t\t\n\t\t\t\t\t\t\t\t\t<div class=\"swiper-pagination\"><\/div>\n\t\t\t\t\t\t\t\t\t<\/div>\n\t\t\t\t\t\t<\/div>\n\t\t\t\t<\/div>\n\t\t\t\t\t<\/div>\n\t\t\t\t<\/div>\n\t\t<div class=\"elementor-element elementor-element-5fb10127 e-flex e-con-boxed e-con e-parent\" data-id=\"5fb10127\" data-element_type=\"container\">\n\t\t\t\t\t<div class=\"e-con-inner\">\n\t\t\t\t<div class=\"elementor-element elementor-element-122aa529 elementor-widget elementor-widget-text-editor\" data-id=\"122aa529\" data-element_type=\"widget\" data-widget_type=\"text-editor.default\">\n\t\t\t\t<div class=\"elementor-widget-container\">\n\t\t\t\t\t\t\t\t\t\n<ul class=\"wp-block-list\">\n<li><em>Un equipo de cinco profesionales m\u00e9dicos de Santiago en conjunto con especialistas del hospital oper\u00f3 satisfactoriamente a pacientes con fracturas complejas en tobillo y pie.<\/em><\/li>\n<\/ul>\n\n\n\n<p>El pasado viernes 24 y s\u00e1bado 25 de enero, el Hospital de Puerto Ays\u00e9n fue escenario de un destacado operativo m\u00e9dico, llevado a cabo gracias a la colaboraci\u00f3n de la Fundaci\u00f3n Traesol a trav\u00e9s de un equipo de traumat\u00f3logos provenientes de Santiago. Este esfuerzo permiti\u00f3 realizar cirug\u00edas especializadas en tobillo y pie, beneficiando a seis pacientes que presentaban patolog\u00edas complejas.<\/p>\n\n\n\n<p>El operativo signific\u00f3 un cambio radical en la calidad de vida de las personas atendidas. Rosa Espejo Hern\u00e1ndez, una paciente operada de tobillo, expres\u00f3: \u201cVengo de La Junta, camino a Chait\u00e9n a 26 kil\u00f3metros, vivo en el campo. Estaba esperando desde hace cuatro a\u00f1os por la cirug\u00eda y doy gracias a Dios por la operaci\u00f3n. Doy gracias a todos los m\u00e9dicos que me operaron. \u00a1Estoy muy bien!\u201d.<\/p>\n\n\n\n<p>El Dr. \u00d3scar Escobar Bravo, traumat\u00f3logo por la Fundaci\u00f3n Traesol, destac\u00f3 las cirug\u00edas realizadas por el equipo visitante y del hospital: \u201cResolvimos seis pacientes con deformidades complejas de pie, dentro de ellas secuelas de lesiones traum\u00e1ticas que hab\u00edan quedado sin tratamiento o ten\u00edan lesiones muy antiguas. Hicimos una cirug\u00eda de artrodesis de tobillo, una paciente que ten\u00eda una fractura de muchos a\u00f1os y que vive en una zona muy rural. Adem\u00e1s, resolvimos el caso de una paciente con una deformidad cong\u00e9nita (\u2026) tambi\u00e9n pacientes con juanetes o Hallux abductus valgus muy severos\u201d, puntualiz\u00f3.<\/p>\n\n\n\n<p>Cabe mencionar, que el operativo fue posible gracias a un convenio entre el Hospital de Puerto Ays\u00e9n y la Fundaci\u00f3n Traesol, gestado en 2024 para reducir los tiempos de espera en traumatolog\u00eda, una de las \u00e1reas con mayores listas de espera en la Red Asistencial de Ays\u00e9n.<\/p>\n\n\n\n<p>Jos\u00e9 Tom\u00e1s P\u00e9rez, uno de los tres traumat\u00f3logos del Hospital de Puerto Ays\u00e9n, se\u00f1al\u00f3: \u201cEstamos felices porque finalmente logramos el objetivo de poder resolver las patolog\u00edas en nuestros pacientes que nosotros no pod\u00edamos resolver\u201d.<\/p>\n\n\n\n<p>Por su parte, Ram\u00f3n Vergara, subdirector (S) de Gesti\u00f3n Asistencial del Servicio de Salud Ays\u00e9n, manifest\u00f3: \u201cEste tipo de operativos con la Fundaci\u00f3n Traesol es muy importante para nosotros, porque fortalece las competencias de nuestros equipos por una parte y tambi\u00e9n ayuda a resolver patolog\u00edas complejas que no podr\u00edamos realizar sin la ayuda de especialistas que est\u00e1n muy bien calificados\u201d.<\/p>\n\n\n\n<p>El Dr. \u00d3scar Escobar tambi\u00e9n destac\u00f3 la calidad de las instalaciones del \u00fanico hospital de mediana complejidad en la regi\u00f3n: \u201cSorprendidos y contentos, porque en un lugar tan lejano existe un hospital tan bonito y con pabellones que tiene buenos insumos, implementados y amplios, no tuvimos ning\u00fan problema para realizar las cirug\u00edas, el personal se port\u00f3 impecable, nos vamos muy contentos\u201d.<\/p>\n\n\n\n<p>Por su parte, Hern\u00e1n Barrientos Hern\u00e1ndez, director del Hospital de Puerto Ays\u00e9n, agreg\u00f3: \u201cNuestro hospital tiene las competencias instaladas, especialistas que pueden colaborar en subespecialidades y adem\u00e1s contamos con una infraestructura de pabellones con alta tecnolog\u00eda y que permiten resolver listas de espera de nivel regional\u201d.<\/p>\n\n\n\n<p>Finalmente, el director subray\u00f3: \u201cPara nosotros es fundamental dar la posibilidad a nuestros especialistas de que tengan mayores conocimientos a trav\u00e9s de otros especialistas altamente competentes. Adem\u00e1s, esto nos permite mantener motivado al personal para seguir reforzando el nivel de resoluci\u00f3n de nuestro hospital de mediana complejidad en la regi\u00f3n\u201d.<\/p>\n\n\n\n<p>El \u00e9xito del operativo motiva a continuar con estas y otras iniciativas. Se espera que el equipo local pesquise nuevos casos que permitan organizar m\u00e1s jornadas quir\u00fargicas en el corto plazo, beneficiando a m\u00e1s usuarios con patolog\u00edas complejas y fortaleciendo la Red de Atenci\u00f3n en la Regi\u00f3n.<\/p>\n\t\t\t\t\t\t\t\t<\/div>\n\t\t\t\t<\/div>\n\t\t\t\t\t<\/div>\n\t\t\t\t<\/div>\n\t\t\t\t<\/div>\n\t\t","protected":false},"excerpt":{"rendered":"<p>El pasado viernes 24 y s\u00e1bado 25 de enero, el Hospital de Puerto Ays\u00e9n fue escenario de un destacado operativo [&hellip;]<\/p>\n","protected":false},"author":2,"featured_media":3892,"comment_status":"open","ping_status":"open","sticky":false,"template":"","format":"standard","meta":{"_eb_attr":"","site-sidebar-layout":"default","site-content-layout":"","ast-site-content-layout":"","site-content-style":"default","site-sidebar-style":"default","ast-global-header-display":"","ast-banner-title-visibility":"","ast-main-header-display":"","ast-hfb-above-header-display":"","ast-hfb-below-header-display":"","ast-hfb-mobile-header-display":"","site-post-title":"","ast-breadcrumbs-content":"","ast-featured-img":"disabled","footer-sml-layout":"","theme-transparent-header-meta":"","adv-header-id-meta":"","stick-header-meta":"","header-above-stick-meta":"","header-main-stick-meta":"","header-below-stick-meta":"","astra-migrate-meta-layouts":"default","ast-page-background-enabled":"default","ast-page-background-meta":{"desktop":{"background-color":"var(--ast-global-color-4)","background-image":"","background-repeat":"repeat","background-position":"center center","background-size":"auto","background-attachment":"scroll","background-type":"","background-media":"","overlay-type":"","overlay-color":"","overlay-opacity":"","overlay-gradient":""},"tablet":{"background-color":"","background-image":"","background-repeat":"repeat","background-position":"center center","background-size":"auto","background-attachment":"scroll","background-type":"","background-media":"","overlay-type":"","overlay-color":"","overlay-opacity":"","overlay-gradient":""},"mobile":{"background-color":"","background-image":"","background-repeat":"repeat","background-position":"center center","background-size":"auto","background-attachment":"scroll","background-type":"","background-media":"","overlay-type":"","overlay-color":"","overlay-opacity":"","overlay-gradient":""}},"ast-content-background-meta":{"desktop":{"background-color":"var(--ast-global-color-5)","background-image":"","background-repeat":"repeat","background-position":"center center","background-size":"auto","background-attachment":"scroll","background-type":"","background-media":"","overlay-type":"","overlay-color":"","overlay-opacity":"","overlay-gradient":""},"tablet":{"background-color":"var(--ast-global-color-5)","background-image":"","background-repeat":"repeat","background-position":"center center","background-size":"auto","background-attachment":"scroll","background-type":"","background-media":"","overlay-type":"","overlay-color":"","overlay-opacity":"","overlay-gradient":""},"mobile":{"background-color":"var(--ast-global-color-5)","background-image":"","background-repeat":"repeat","background-position":"center center","background-size":"auto","background-attachment":"scroll","background-type":"","background-media":"","overlay-type":"","overlay-color":"","overlay-opacity":"","overlay-gradient":""}},"footnotes":""},"categories":[1],"tags":[],"class_list":["post-3885","post","type-post","status-publish","format-standard","has-post-thumbnail","hentry","category-noticias"],"_links":{"self":[{"href":"https:\/\/www.serviciosaludaysen.cl\/index.php\/wp-json\/wp\/v2\/posts\/3885","targetHints":{"allow":["GET"]}}],"collection":[{"href":"https:\/\/www.serviciosaludaysen.cl\/index.php\/wp-json\/wp\/v2\/posts"}],"about":[{"href":"https:\/\/www.serviciosaludaysen.cl\/index.php\/wp-json\/wp\/v2\/types\/post"}],"author":[{"embeddable":true,"href":"https:\/\/www.serviciosaludaysen.cl\/index.php\/wp-json\/wp\/v2\/users\/2"}],"replies":[{"embeddable":true,"href":"https:\/\/www.serviciosaludaysen.cl\/index.php\/wp-json\/wp\/v2\/comments?post=3885"}],"version-history":[{"count":4,"href":"https:\/\/www.serviciosaludaysen.cl\/index.php\/wp-json\/wp\/v2\/posts\/3885\/revisions"}],"predecessor-version":[{"id":3896,"href":"https:\/\/www.serviciosaludaysen.cl\/index.php\/wp-json\/wp\/v2\/posts\/3885\/revisions\/3896"}],"wp:featuredmedia":[{"embeddable":true,"href":"https:\/\/www.serviciosaludaysen.cl\/index.php\/wp-json\/wp\/v2\/media\/3892"}],"wp:attachment":[{"href":"https:\/\/www.serviciosaludaysen.cl\/index.php\/wp-json\/wp\/v2\/media?parent=3885"}],"wp:term":[{"taxonomy":"category","embeddable":true,"href":"https:\/\/www.serviciosaludaysen.cl\/index.php\/wp-json\/wp\/v2\/categories?post=3885"},{"taxonomy":"post_tag","embeddable":true,"href":"https:\/\/www.serviciosaludaysen.cl\/index.php\/wp-json\/wp\/v2\/tags?post=3885"}],"curies":[{"name":"wp","href":"https:\/\/api.w.org\/{rel}","templated":true}]}}