{"id":3830,"date":"2025-01-20T11:43:49","date_gmt":"2025-01-20T14:43:49","guid":{"rendered":"https:\/\/www.serviciosaludaysen.cl\/?p=3830"},"modified":"2025-01-20T11:51:08","modified_gmt":"2025-01-20T14:51:08","slug":"servicio-de-salud-aysen-cumple-historica-ejecucion-presupuestaria-en-el-ano-2024","status":"publish","type":"post","link":"https:\/\/www.serviciosaludaysen.cl\/index.php\/2025\/01\/20\/servicio-de-salud-aysen-cumple-historica-ejecucion-presupuestaria-en-el-ano-2024\/","title":{"rendered":"Servicio de Salud Ays\u00e9n cumple hist\u00f3rica ejecuci\u00f3n presupuestaria en el a\u00f1o 2024"},"content":{"rendered":"\t\t<div data-elementor-type=\"wp-post\" data-elementor-id=\"3830\" class=\"elementor elementor-3830\">\n\t\t\t\t<div class=\"elementor-element elementor-element-549e623 e-flex e-con-boxed e-con e-parent\" data-id=\"549e623\" data-element_type=\"container\">\n\t\t\t\t\t<div class=\"e-con-inner\">\n\t\t\t\t<div class=\"elementor-element elementor-element-eac18c7 elementor-arrows-position-inside elementor-pagination-position-outside elementor-widget elementor-widget-image-carousel\" data-id=\"eac18c7\" data-element_type=\"widget\" data-settings=\"{&quot;slides_to_show&quot;:&quot;1&quot;,&quot;navigation&quot;:&quot;both&quot;,&quot;autoplay&quot;:&quot;yes&quot;,&quot;pause_on_hover&quot;:&quot;yes&quot;,&quot;pause_on_interaction&quot;:&quot;yes&quot;,&quot;autoplay_speed&quot;:5000,&quot;infinite&quot;:&quot;yes&quot;,&quot;effect&quot;:&quot;slide&quot;,&quot;speed&quot;:500}\" data-widget_type=\"image-carousel.default\">\n\t\t\t\t<div class=\"elementor-widget-container\">\n\t\t\t\t\t\t\t<div class=\"elementor-image-carousel-wrapper swiper\" role=\"region\" aria-roledescription=\"carousel\" aria-label=\"Carrusel de im\u00e1genes\" dir=\"ltr\">\n\t\t\t<div class=\"elementor-image-carousel swiper-wrapper\" aria-live=\"off\">\n\t\t\t\t\t\t\t\t<div class=\"swiper-slide\" role=\"group\" aria-roledescription=\"slide\" aria-label=\"1 de 2\"><figure class=\"swiper-slide-inner\"><img decoding=\"async\" class=\"swiper-slide-image\" src=\"https:\/\/www.serviciosaludaysen.cl\/wp-content\/uploads\/2025\/01\/PATRICIO-VELASQUEZ-2-1-768x512.jpeg\" alt=\"PATRICIO VEL\u00c1SQUEZ (2) (1)\" \/><\/figure><\/div><div class=\"swiper-slide\" role=\"group\" aria-roledescription=\"slide\" aria-label=\"2 de 2\"><figure class=\"swiper-slide-inner\"><img decoding=\"async\" class=\"swiper-slide-image\" src=\"https:\/\/www.serviciosaludaysen.cl\/wp-content\/uploads\/2025\/01\/SSA-2-768x512.jpeg\" alt=\"SSA (2)\" \/><\/figure><\/div>\t\t\t<\/div>\n\t\t\t\t\t\t\t\t\t\t\t\t<div class=\"elementor-swiper-button elementor-swiper-button-prev\" role=\"button\" tabindex=\"0\">\n\t\t\t\t\t\t<svg aria-hidden=\"true\" class=\"e-font-icon-svg e-eicon-chevron-left\" viewBox=\"0 0 1000 1000\" xmlns=\"http:\/\/www.w3.org\/2000\/svg\"><path d=\"M646 125C629 125 613 133 604 142L308 442C296 454 292 471 292 487 292 504 296 521 308 533L604 854C617 867 629 875 646 875 663 875 679 871 692 858 704 846 713 829 713 812 713 796 708 779 692 767L438 487 692 225C700 217 708 204 708 187 708 171 704 154 692 142 675 129 663 125 646 125Z\"><\/path><\/svg>\t\t\t\t\t<\/div>\n\t\t\t\t\t<div class=\"elementor-swiper-button elementor-swiper-button-next\" role=\"button\" tabindex=\"0\">\n\t\t\t\t\t\t<svg aria-hidden=\"true\" class=\"e-font-icon-svg e-eicon-chevron-right\" viewBox=\"0 0 1000 1000\" xmlns=\"http:\/\/www.w3.org\/2000\/svg\"><path d=\"M696 533C708 521 713 504 713 487 713 471 708 454 696 446L400 146C388 133 375 125 354 125 338 125 325 129 313 142 300 154 292 171 292 187 292 204 296 221 308 233L563 492 304 771C292 783 288 800 288 817 288 833 296 850 308 863 321 871 338 875 354 875 371 875 388 867 400 854L696 533Z\"><\/path><\/svg>\t\t\t\t\t<\/div>\n\t\t\t\t\n\t\t\t\t\t\t\t\t\t<div class=\"swiper-pagination\"><\/div>\n\t\t\t\t\t\t\t\t\t<\/div>\n\t\t\t\t\t\t<\/div>\n\t\t\t\t<\/div>\n\t\t\t\t\t<\/div>\n\t\t\t\t<\/div>\n\t\t<div class=\"elementor-element elementor-element-7926f9b1 e-flex e-con-boxed e-con e-parent\" data-id=\"7926f9b1\" data-element_type=\"container\">\n\t\t\t\t\t<div class=\"e-con-inner\">\n\t\t\t\t<div class=\"elementor-element elementor-element-52008fb8 elementor-widget elementor-widget-text-editor\" data-id=\"52008fb8\" data-element_type=\"widget\" data-widget_type=\"text-editor.default\">\n\t\t\t\t<div class=\"elementor-widget-container\">\n\t\t\t\t\t\t\t\t\t\n<p>\u00b7\u00a0\u00a0\u00a0\u00a0\u00a0\u00a0\u00a0\u00a0\u00a0<strong>Inversi\u00f3n asociada a bienes y servicios lleg\u00f3 al 99,7%, mientras que para el Programa de Reforzamiento de la Atenci\u00f3n Primaria de Salud (PRAPS) se ocuparon la totalidad de los recursos.<\/strong><\/p>\n\n<p>Una ejecuci\u00f3n cercana al 100% tuvo el Servicio de Salud Ays\u00e9n (SSA) en materia de compra de bienes y servicios durante el a\u00f1o 2024, lo que le permite una buena posici\u00f3n para negociar eventuales incrementos presupuestarios para este a\u00f1o y es el reflejo del buen trabajo realizado durante el \u00faltimo a\u00f1o.<\/p>\n\n<p>\u201cEn el subt\u00edtulo 22 que permite compra de bienes y servicios tuvimos un presupuesto del orden de 53 mil millones de pesos (\u2026) una ejecuci\u00f3n hist\u00f3rica no hab\u00edamos llegado a esos n\u00fameros\u201d, inform\u00f3 Patricio Vel\u00e1squez, Jefe (S) del Sub Departamento de Finanzas del SSA, quien destac\u00f3 el trabajo coordinado de las \u00e1reas de proyectos, abastecimiento y finanzas.<\/p>\n\n<p>Con estos resultados el SSA se encuentra en una mejor posici\u00f3n para negociar incrementos presupuestarios ante la autoridad nacional. \u201cEste a\u00f1o fuimos extremadamente eficientes y se utiliz\u00f3 todo el presupuesto que tuvimos disponible durante el a\u00f1o 2024, para nuestras distintas actividades y eso nos deja en muy buen pie ante la Subsecretar\u00eda de Redes y el Ministerio de Salud en general, para poder negociar para este a\u00f1o 2025 aumentos de presupuesto, dado que siempre es un an\u00e1lisis que est\u00e1 sobre la mesa al analizar la ejecuci\u00f3n del a\u00f1o anterior, por lo que esto nos pone en muy buen pie para recurrir a una eventual petici\u00f3n de aumento de presupuesto para este a\u00f1o que iniciamos\u201d, explic\u00f3 Vel\u00e1squez.<\/p>\n\n<p>En ese sentido cabe se\u00f1alar que el a\u00f1o pasado se generaron m\u00e1s de 30 modificaciones a la ley de presupuesto inicial, las que se realizan a trav\u00e9s de decretos que agregan recursos a las partidas originales.<\/p>\n\n<p>\u201cDestaco lo que se realiz\u00f3 durante el a\u00f1o 2024, ya que hubo una muy buena coordinaci\u00f3n, una mejor planificaci\u00f3n de compra, una apertura de los establecimientos a colaborar permanentemente con la Red, lo que nos permiti\u00f3 llegar al porcentaje cercano al 100%\u201d, precis\u00f3 por su parte Mauricio Cort\u00e9s, subdirector administrativo del SSA.<\/p>\n\n<p>El a\u00f1o 2024 hubo un importante recorte presupuestario, pero a\u00fan as\u00ed el Servicio de Salud logr\u00f3 cumplir con las acciones en cada establecimiento de salud de la regi\u00f3n, lo cual tambi\u00e9n fue destacado por Cort\u00e9s Molina. \u201cHist\u00f3ricamente nunca hab\u00edamos ejecutado la totalidad de los recursos PRAPS, los Programas de Reforzamiento de Atenci\u00f3n Primaria y eso es un hito importante, ya que involucra mucha coordinaci\u00f3n con los establecimientos, por lo tanto, ejecutar el 100% de la producci\u00f3n en cada establecimiento es muy meritorio\u201d, puntualiz\u00f3.<\/p>\n\n<p>El presupuesto inicial para el subt\u00edtulo 22 inicia para 2025 en los 37 mil millones aproximadamente y se incrementa durante el a\u00f1o de acuerdo al d\u00e9ficit que se proyecta.<\/p>\n\n<p>Los directivos agradecieron el compromiso de los establecimientos de la Red Asistencial y a las distintas \u00e1reas involucradas para lograr estas promisorias cifras.<\/p>\n\t\t\t\t\t\t\t\t<\/div>\n\t\t\t\t<\/div>\n\t\t\t\t\t<\/div>\n\t\t\t\t<\/div>\n\t\t\t\t<\/div>\n\t\t","protected":false},"excerpt":{"rendered":"<p>\u00b7\u00a0\u00a0\u00a0\u00a0\u00a0\u00a0\u00a0\u00a0\u00a0Inversi\u00f3n asociada a bienes y servicios lleg\u00f3 al 99,7%, mientras que para el Programa de Reforzamiento de la Atenci\u00f3n Primaria [&hellip;]<\/p>\n","protected":false},"author":2,"featured_media":3831,"comment_status":"open","ping_status":"open","sticky":false,"template":"","format":"standard","meta":{"_eb_attr":"","site-sidebar-layout":"default","site-content-layout":"","ast-site-content-layout":"","site-content-style":"default","site-sidebar-style":"default","ast-global-header-display":"","ast-banner-title-visibility":"","ast-main-header-display":"","ast-hfb-above-header-display":"","ast-hfb-below-header-display":"","ast-hfb-mobile-header-display":"","site-post-title":"","ast-breadcrumbs-content":"","ast-featured-img":"disabled","footer-sml-layout":"","theme-transparent-header-meta":"","adv-header-id-meta":"","stick-header-meta":"","header-above-stick-meta":"","header-main-stick-meta":"","header-below-stick-meta":"","astra-migrate-meta-layouts":"default","ast-page-background-enabled":"default","ast-page-background-meta":{"desktop":{"background-color":"var(--ast-global-color-4)","background-image":"","background-repeat":"repeat","background-position":"center center","background-size":"auto","background-attachment":"scroll","background-type":"","background-media":"","overlay-type":"","overlay-color":"","overlay-opacity":"","overlay-gradient":""},"tablet":{"background-color":"","background-image":"","background-repeat":"repeat","background-position":"center center","background-size":"auto","background-attachment":"scroll","background-type":"","background-media":"","overlay-type":"","overlay-color":"","overlay-opacity":"","overlay-gradient":""},"mobile":{"background-color":"","background-image":"","background-repeat":"repeat","background-position":"center center","background-size":"auto","background-attachment":"scroll","background-type":"","background-media":"","overlay-type":"","overlay-color":"","overlay-opacity":"","overlay-gradient":""}},"ast-content-background-meta":{"desktop":{"background-color":"var(--ast-global-color-5)","background-image":"","background-repeat":"repeat","background-position":"center center","background-size":"auto","background-attachment":"scroll","background-type":"","background-media":"","overlay-type":"","overlay-color":"","overlay-opacity":"","overlay-gradient":""},"tablet":{"background-color":"var(--ast-global-color-5)","background-image":"","background-repeat":"repeat","background-position":"center center","background-size":"auto","background-attachment":"scroll","background-type":"","background-media":"","overlay-type":"","overlay-color":"","overlay-opacity":"","overlay-gradient":""},"mobile":{"background-color":"var(--ast-global-color-5)","background-image":"","background-repeat":"repeat","background-position":"center center","background-size":"auto","background-attachment":"scroll","background-type":"","background-media":"","overlay-type":"","overlay-color":"","overlay-opacity":"","overlay-gradient":""}},"footnotes":""},"categories":[1],"tags":[60,59,47],"class_list":["post-3830","post","type-post","status-publish","format-standard","has-post-thumbnail","hentry","category-noticias","tag-ejecucion-presupuestaria","tag-servicio-de-salud-aysen","tag-ssa"],"_links":{"self":[{"href":"https:\/\/www.serviciosaludaysen.cl\/index.php\/wp-json\/wp\/v2\/posts\/3830","targetHints":{"allow":["GET"]}}],"collection":[{"href":"https:\/\/www.serviciosaludaysen.cl\/index.php\/wp-json\/wp\/v2\/posts"}],"about":[{"href":"https:\/\/www.serviciosaludaysen.cl\/index.php\/wp-json\/wp\/v2\/types\/post"}],"author":[{"embeddable":true,"href":"https:\/\/www.serviciosaludaysen.cl\/index.php\/wp-json\/wp\/v2\/users\/2"}],"replies":[{"embeddable":true,"href":"https:\/\/www.serviciosaludaysen.cl\/index.php\/wp-json\/wp\/v2\/comments?post=3830"}],"version-history":[{"count":4,"href":"https:\/\/www.serviciosaludaysen.cl\/index.php\/wp-json\/wp\/v2\/posts\/3830\/revisions"}],"predecessor-version":[{"id":3837,"href":"https:\/\/www.serviciosaludaysen.cl\/index.php\/wp-json\/wp\/v2\/posts\/3830\/revisions\/3837"}],"wp:featuredmedia":[{"embeddable":true,"href":"https:\/\/www.serviciosaludaysen.cl\/index.php\/wp-json\/wp\/v2\/media\/3831"}],"wp:attachment":[{"href":"https:\/\/www.serviciosaludaysen.cl\/index.php\/wp-json\/wp\/v2\/media?parent=3830"}],"wp:term":[{"taxonomy":"category","embeddable":true,"href":"https:\/\/www.serviciosaludaysen.cl\/index.php\/wp-json\/wp\/v2\/categories?post=3830"},{"taxonomy":"post_tag","embeddable":true,"href":"https:\/\/www.serviciosaludaysen.cl\/index.php\/wp-json\/wp\/v2\/tags?post=3830"}],"curies":[{"name":"wp","href":"https:\/\/api.w.org\/{rel}","templated":true}]}}