{"id":3739,"date":"2025-01-09T08:35:35","date_gmt":"2025-01-09T11:35:35","guid":{"rendered":"https:\/\/www.serviciosaludaysen.cl\/?p=3739"},"modified":"2025-01-09T09:30:07","modified_gmt":"2025-01-09T12:30:07","slug":"reduccion-de-listas-y-tiempos-de-espera-un-alivio-para-las-familias-ayseninas","status":"publish","type":"post","link":"https:\/\/www.serviciosaludaysen.cl\/index.php\/2025\/01\/09\/reduccion-de-listas-y-tiempos-de-espera-un-alivio-para-las-familias-ayseninas\/","title":{"rendered":"Reducci\u00f3n de listas y tiempos de espera: Un alivio para las familias ayseninas"},"content":{"rendered":"\t\t<div data-elementor-type=\"wp-post\" data-elementor-id=\"3739\" class=\"elementor elementor-3739\">\n\t\t\t\t<div class=\"elementor-element elementor-element-4834b54 e-flex e-con-boxed e-con e-parent\" data-id=\"4834b54\" data-element_type=\"container\">\n\t\t\t\t\t<div class=\"e-con-inner\">\n\t\t\t\t<div class=\"elementor-element elementor-element-fb76038 elementor-arrows-position-inside elementor-pagination-position-outside elementor-widget elementor-widget-image-carousel\" data-id=\"fb76038\" data-element_type=\"widget\" data-settings=\"{&quot;slides_to_show&quot;:&quot;1&quot;,&quot;navigation&quot;:&quot;both&quot;,&quot;autoplay&quot;:&quot;yes&quot;,&quot;pause_on_hover&quot;:&quot;yes&quot;,&quot;pause_on_interaction&quot;:&quot;yes&quot;,&quot;autoplay_speed&quot;:5000,&quot;infinite&quot;:&quot;yes&quot;,&quot;effect&quot;:&quot;slide&quot;,&quot;speed&quot;:500}\" data-widget_type=\"image-carousel.default\">\n\t\t\t\t<div class=\"elementor-widget-container\">\n\t\t\t\t\t\t\t<div class=\"elementor-image-carousel-wrapper swiper\" role=\"region\" aria-roledescription=\"carousel\" aria-label=\"Carrusel de im\u00e1genes\" dir=\"ltr\">\n\t\t\t<div class=\"elementor-image-carousel swiper-wrapper\" aria-live=\"off\">\n\t\t\t\t\t\t\t\t<div class=\"swiper-slide\" role=\"group\" aria-roledescription=\"slide\" aria-label=\"1 de 5\"><figure class=\"swiper-slide-inner\"><img decoding=\"async\" class=\"swiper-slide-image\" src=\"https:\/\/www.serviciosaludaysen.cl\/wp-content\/uploads\/2025\/01\/DAILIS-LOPEZ-1-768x512.jpg\" alt=\"DAILIS L\u00d3PEZ (1)\" \/><\/figure><\/div><div class=\"swiper-slide\" role=\"group\" aria-roledescription=\"slide\" aria-label=\"2 de 5\"><figure class=\"swiper-slide-inner\"><img decoding=\"async\" class=\"swiper-slide-image\" src=\"https:\/\/www.serviciosaludaysen.cl\/wp-content\/uploads\/2025\/01\/LISTA-DE-ESPERA-3-1-768x576.jpeg\" alt=\"LISTA DE ESPERA (3) (1)\" \/><\/figure><\/div><div class=\"swiper-slide\" role=\"group\" aria-roledescription=\"slide\" aria-label=\"3 de 5\"><figure class=\"swiper-slide-inner\"><img decoding=\"async\" class=\"swiper-slide-image\" src=\"https:\/\/www.serviciosaludaysen.cl\/wp-content\/uploads\/2025\/01\/LISTA-DE-ESPERA-2-1-768x576.jpeg\" alt=\"LISTA DE ESPERA (2) (1)\" \/><\/figure><\/div><div class=\"swiper-slide\" role=\"group\" aria-roledescription=\"slide\" aria-label=\"4 de 5\"><figure class=\"swiper-slide-inner\"><img decoding=\"async\" class=\"swiper-slide-image\" src=\"https:\/\/www.serviciosaludaysen.cl\/wp-content\/uploads\/2025\/01\/LISTA-DE-ESPERA4-1-768x576.jpeg\" alt=\"LISTA DE ESPERA4 (1)\" \/><\/figure><\/div><div class=\"swiper-slide\" role=\"group\" aria-roledescription=\"slide\" aria-label=\"5 de 5\"><figure class=\"swiper-slide-inner\"><img decoding=\"async\" class=\"swiper-slide-image\" src=\"https:\/\/www.serviciosaludaysen.cl\/wp-content\/uploads\/2025\/01\/hospital-coyhaique-1-768x512.jpg\" alt=\"hospital coyhaique\" \/><\/figure><\/div>\t\t\t<\/div>\n\t\t\t\t\t\t\t\t\t\t\t\t<div class=\"elementor-swiper-button elementor-swiper-button-prev\" role=\"button\" tabindex=\"0\">\n\t\t\t\t\t\t<svg aria-hidden=\"true\" class=\"e-font-icon-svg e-eicon-chevron-left\" viewBox=\"0 0 1000 1000\" xmlns=\"http:\/\/www.w3.org\/2000\/svg\"><path d=\"M646 125C629 125 613 133 604 142L308 442C296 454 292 471 292 487 292 504 296 521 308 533L604 854C617 867 629 875 646 875 663 875 679 871 692 858 704 846 713 829 713 812 713 796 708 779 692 767L438 487 692 225C700 217 708 204 708 187 708 171 704 154 692 142 675 129 663 125 646 125Z\"><\/path><\/svg>\t\t\t\t\t<\/div>\n\t\t\t\t\t<div class=\"elementor-swiper-button elementor-swiper-button-next\" role=\"button\" tabindex=\"0\">\n\t\t\t\t\t\t<svg aria-hidden=\"true\" class=\"e-font-icon-svg e-eicon-chevron-right\" viewBox=\"0 0 1000 1000\" xmlns=\"http:\/\/www.w3.org\/2000\/svg\"><path d=\"M696 533C708 521 713 504 713 487 713 471 708 454 696 446L400 146C388 133 375 125 354 125 338 125 325 129 313 142 300 154 292 171 292 187 292 204 296 221 308 233L563 492 304 771C292 783 288 800 288 817 288 833 296 850 308 863 321 871 338 875 354 875 371 875 388 867 400 854L696 533Z\"><\/path><\/svg>\t\t\t\t\t<\/div>\n\t\t\t\t\n\t\t\t\t\t\t\t\t\t<div class=\"swiper-pagination\"><\/div>\n\t\t\t\t\t\t\t\t\t<\/div>\n\t\t\t\t\t\t<\/div>\n\t\t\t\t<\/div>\n\t\t\t\t\t<\/div>\n\t\t\t\t<\/div>\n\t\t<div class=\"elementor-element elementor-element-359adbb9 e-flex e-con-boxed e-con e-parent\" data-id=\"359adbb9\" data-element_type=\"container\">\n\t\t\t\t\t<div class=\"e-con-inner\">\n\t\t\t\t<div class=\"elementor-element elementor-element-78ce2d78 elementor-widget elementor-widget-text-editor\" data-id=\"78ce2d78\" data-element_type=\"widget\" data-widget_type=\"text-editor.default\">\n\t\t\t\t<div class=\"elementor-widget-container\">\n\t\t\t\t\t\t\t\t\t\n<ul class=\"wp-block-list\">\n<li><strong><em>Desde octubre de 2024 a la fecha se lleva un 25% en intervenciones quir\u00fargicas y el objetivo es reducir un 49% las consultas nuevas de especialidad.<\/em><\/strong><\/li>\n<\/ul>\n\n\n\n<p>En Ays\u00e9n, un programa innovador est\u00e1 transformando las vidas de miles de personas que esperan por una atenci\u00f3n m\u00e9dica especializada e intervenciones quir\u00fargicas, y que se encuentran en listas de espera.<\/p>\n\n\n\n<p>El Gobierno Regional de Ays\u00e9n y el Servicio de Salud se unieron para avanzar sustantivamente en reducir los tiempos de espera para pacientes que est\u00e1n en la antesala para ser atendidos en el sistema p\u00fablico de salud.<\/p>\n\n\n\n<p>Dailis L\u00f3pez Bern\u00e1ez, reside hace seis a\u00f1os en el pa\u00eds. Ac\u00e1 tuvo a su peque\u00f1a hija, Abby, quien presentaba inconvenientes para dormir y descansar como corresponde a una ni\u00f1a en plena etapa de crecimiento, pero una llamada inesperada fue un regalo para la anhelada cirug\u00eda.<\/p>\n\n\n\n<p>Para su madre fue una gran noticia cuando la llamaron para operarla de am\u00edgdalas y adenoides y superar los problemas de salud que no le permit\u00edan hacer una vida de juegos infantiles propios de su noble y corta edad. Esta cirug\u00eda se realiza para tratar problemas como dolores de garganta recurrentes, infecciones de o\u00eddo, bloqueo nasal, ronquidos y respiraci\u00f3n por la boca, entre otros.<\/p>\n\n\n\n<p>\u201cLa experiencia fue muy buena, un tiempo de unos dos a\u00f1os, y fue muy r\u00e1pido. La atenci\u00f3n muy bien, nada que quejarme. La evoluci\u00f3n de ella tambi\u00e9n ha sido positiva, y como madre. Ella ha estado mejor, duerme mucho mejor, porque roncaba bastante y ten\u00eda apnea del sue\u00f1o, por las am\u00edgdalas y las adenoides no pod\u00eda dorm\u00eda muy bien y ahora es todo lo contrario, duerme y descansa\u201d, precisa Dailis, con alegr\u00eda tras la operaci\u00f3n a la que fue sometida su hija Abby, en el marco del Programa Integral de Reducci\u00f3n de Listas de Espera con recursos del Gobierno Regional y ejecutado por el Servicio de Salud Ays\u00e9n.<\/p>\n\n\n\n<p>\u201cEstos son muy buenos convenios para reducir los tiempos de espera, para tantos ni\u00f1os que lo necesitan, porque fueron dos a\u00f1os de angustia y recibir esa llamada fue muy bueno\u201d, enfatiz\u00f3 L\u00f3pez.<\/p>\n\n\n\n<p>Cabe recordar que, tras los a\u00f1os de pandemia de Covid 19 y lo que signific\u00f3 para los equipos de salud del pa\u00eds la reorganizaci\u00f3n de las tareas y demandas inmediatas en las redes asistenciales, aumentaron las listas y los tiempos de espera en los hospitales de todo el pa\u00eds.<\/p>\n\n\n\n<p>No obstante, se ha recuperado paulatinamente la producci\u00f3n en la Red P\u00fablica en hospitalizaciones, cirug\u00edas mayores y consultas de nueva especialidad. A su vez, a trav\u00e9s de la estrategia de Salud Digital, se ha podido aumentar las consultas a distancia.<\/p>\n\n\n\n<p>Con todo esto, de acuerdo a lo que se\u00f1al\u00f3 la Ministra de Salud, Ximena Aguilera en agosto pasado en la Comisi\u00f3n de Salud de la C\u00e1mara, la mediana de espera para lista NO GES es de 255 d\u00edas, un 43% menos que 2021, en plena pandemia.<\/p>\n\n\n\n<p>El Programa para la Reducci\u00f3n Integral de las Listas de Espera en Ays\u00e9n, significa una inversi\u00f3n cercana a los 2.200 millones de pesos.<\/p>\n\n\n\n<p>\u201cHasta aqu\u00ed ha sido un gran alivio para nosotros, ya que desde muy ni\u00f1ita sufri\u00f3 infecciones en su garganta y o\u00eddos y que podamos acceder a este grupo de ni\u00f1os seleccionados es una gran bendici\u00f3n para nosotros que venimos de Cochrane, con casi 10 horas en el bus para llegar ac\u00e1. De los seis a\u00f1os pas\u00f3 a lista de espera y ahora tiene nueve a\u00f1os de vida. Esperar tanto para se haga realidad esta operaci\u00f3n que no la ten\u00edamos contemplada, sali\u00f3 muy r\u00e1pido y tambi\u00e9n es un aporte econ\u00f3mico, porque cu\u00e1nto le habr\u00eda salido en una cl\u00ednica. Agradecida con este programa para las personas de la Patagonia\u201d, manifiesta Saray Toledo, quien viaj\u00f3 junto a su hija desde Cochrane.<\/p>\n\n\n\n<p>Algo similar le ocurri\u00f3 a Elizabeth Sep\u00falveda, madre de Jos\u00e9 Miguel, quien agreg\u00f3 que \u201cle dol\u00eda mucho la garganta y ahora ha estado muy bien. Tuve que esperar y lo llamaron casi terminando el a\u00f1o. El proceso en el Hospital de Ays\u00e9n fue muy buena, bien atendida, una cirug\u00eda muy r\u00e1pida y ya no le duele y ha seguido el r\u00e9gimen que le dieron\u201d, dijo.<\/p>\n\n\n\n<p><strong>Hospital Regional Coyhaique<\/strong><\/p>\n\n\n\n<p>Las intervenciones quir\u00fargicas y procedimientos se realizar\u00e1n en el Hospital Regional Coyhaique, establecimiento de mayor complejidad de la regi\u00f3n y en el de Puerto Ays\u00e9n de mediana complejidad, dispositivos que cuentan con la infraestructura para llevar adelante este programa que beneficiar\u00e1 a m\u00e1s de 13 mil personas en un lapso de un a\u00f1o y que considera prestaciones de Consulta de Nueva Especialidad (3.832), Procedimientos Diagn\u00f3sticos (2.840), Cirug\u00edas No GES (377). Adem\u00e1s, se beneficiar\u00e1 a personas mediante la habilitaci\u00f3n de m\u00f3dulos de atenci\u00f3n y mejoras en la infraestructura hospitalaria, (6.530)&nbsp; m\u00f3dulos Unidad de Atenci\u00f3n Primaria Otorrinolaringol\u00f3gica&nbsp;(UAPORRINO) y beneficiarios pabell\u00f3n plomado (70).<\/p>\n\n\n\n<p>En ese sentido el director del Hospital Regional Coyhaique (HRC), reconoce inconvenientes y \u201ccuando hablo de complicaciones es cuando me refiero al actuar cotidiano del hospital. Tenemos que ver la forma como a trav\u00e9s de compras de servicio con fondos regionales podemos financiar en los horarios disponibles que tiene el hospital para ejecutar estas acciones cl\u00ednicas\u201d, explic\u00f3 Daniel Jara, director del establecimiento.<\/p>\n\n\n\n<p>Eso significa planificar el uso de los pabellones fuera de horario regular y \u201cesto va a dejar de lado alg\u00fan tipo de procedimiento que eran hechos en el hospital de manera privada, que hoy d\u00eda ser\u00e1n relegados para dar respuesta a esta resoluci\u00f3n\u201d, agreg\u00f3 el directivo del hospital regional.<\/p>\n\n\n\n<p>De esta manera son 3800 prestaciones para resolver en el hospital de Puerto Ays\u00e9n y Coyhaique. Este \u00faltimo resolver\u00e1 2996 consultas para las especialidades de otorrino, oftalmolog\u00eda, cirug\u00eda general, ginecolog\u00eda, dermatolog\u00eda, traumatolog\u00eda adulto neurocirug\u00eda, urolog\u00eda, medicina interna, cirug\u00eda adulta, cardiolog\u00eda adulta y pedi\u00e1trica.<\/p>\n\n\n\n<p>Mientras en cirug\u00edas se esperan realizar 198 operaciones en el HRC, de un total de 367.<\/p>\n\n\n\n<p>\u201cPara el Hospital Regional Coyhaique corresponden cirug\u00edas bari\u00e1tricas, endopr\u00f3tesis de rodilla y cadera, colelitiasis, catarata, hernias, ligadura de trompa, bloqueo facetario y amigdalectom\u00eda\u201d, explic\u00f3 Jara Espinoza.<\/p>\n\n\n\n<p>A esto se suman 2230 procedimientos que corresponden a endoscop\u00edas altas, ecos mamarias y abdominales, colonoscop\u00eda, ecocardio, mamograf\u00edas, test de esfuerzo y otras ecograf\u00edas. \u201cEsto es un gran aporte que ojal\u00e1 se pueda perpetuar a trav\u00e9s de los a\u00f1os. Esta es una primera experiencia como Hospital Regional Coyhaique para optimizar, aprender y que esto cada vez sea realizado de la mejor manera y que impacte en la comunidad\u201d, precis\u00f3 Jara.<\/p>\n\n\n\n<p>Cabe insistir que estas cirug\u00edas NO GES se realizar\u00e1n en horario no institucional, por lo que se seguir\u00e1n haciendo las intervenciones quir\u00fargicas programadas en horario tradicional.<\/p>\n\n\n\n<p>El programa incluye componentes espec\u00edficos para la atenci\u00f3n de consultas, procedimientos y cirug\u00edas, adem\u00e1s de la habilitaci\u00f3n de espacios cl\u00ednicos y ambulatorios. Tambi\u00e9n se fomentar\u00e1 la colaboraci\u00f3n con otros organismos y se incorporar\u00e1 un enfoque de derechos.<\/p>\n\n\n\n<p><strong>Hospital Puerto Ays\u00e9n<\/strong><\/p>\n\n\n\n<p>\u201cComo hospital hemos logrado alinear recursos, capacidades y prioridades para responder a las necesidades espec\u00edficas de nuestros pacientes. Lo relevante no es solo enfrentar las listas de espera como un desaf\u00edo administrativo, sino una mirada humanitaria\u201d, se\u00f1ala Hern\u00e1n Barrientos, director del principal establecimiento de salud de la provincia de Ays\u00e9n.<\/p>\n\n\n\n<p>La idea, seg\u00fan Barrientos, es gestionar de manera eficiente los recursos, aprovechando la infraestructura disponible, particularmente los pabellones quir\u00fargicos y box de atenci\u00f3n.<\/p>\n\n\n\n<p>A esto hay que agregar la adquisici\u00f3n de nuevo equipamiento para pabellones, \u201clo que contribuye a mejorar significativamente los tiempos de respuesta\u201d.<\/p>\n\n\n\n<p>Barrientos proyecta la llegada de nuevos especialistas para 2025, lo que permitir\u00e1 responder adecuadamente a la comunidad \u201ccon excelencia, eficiencia, calidad y seguridad para los pacientes\u201d.<\/p>\n\n\n\n<p>Junto con ello se proyecta mejora en los procesos para aumentar la disponibilidad de consultas y procedimientos, \u201che impulsado una visi\u00f3n de trabajo basada en la mejora continua, la eficiencia y la humanizaci\u00f3n de la atenci\u00f3n\u201d.<\/p>\n\n\n\n<p>Al igual que en Coyhaique, el Hospital de Puerto Ays\u00e9n realizar\u00e1 estos procedimientos fuera del horario regular de atenciones. \u201cQuiero destacar el compromiso de los equipos m\u00e9dicos, profesionales, administrativos y auxiliares que llevan adelante estas acciones, ya que muchos de estos procedimientos se llevan a cabo los fines de semana\u201d, manifest\u00f3.<\/p>\n\n\n\n<p><strong>Reducci\u00f3n consultas nuevas y operaciones<\/strong><\/p>\n\n\n\n<p>Hasta la fecha, se han realizado 93 cirug\u00edas entre octubre y diciembre de 2024, lo que representa el 25% de lo comprometido. Adem\u00e1s, se han llevado a cabo 322 consultas de especialidades y 189 procedimientos diagn\u00f3sticos.<\/p>\n\n\n\n<p>\u201cEsto tendr\u00e1 un impacto directo en la comunidad, logrando una reducci\u00f3n aproximada del 49% en las consultas nuevas de especialidad, lo cual es un avance significativo para la regi\u00f3n. Adem\u00e1s, se estima una disminuci\u00f3n de alrededor del 25% en las intervenciones quir\u00fargicas. Todo esto beneficiar\u00e1 directamente a nuestros usuarios y contribuir\u00e1 a reducir los tiempos de espera, respondiendo a una necesidad sentida por la comunidad\u201d, expres\u00f3 Juan Pablo Bravo Quintana, director del Servicio de Salud Ays\u00e9n.<\/p>\n\n\n\n<p>El programa incluye componentes espec\u00edficos para la atenci\u00f3n de consultas, procedimientos y cirug\u00edas, adem\u00e1s de la habilitaci\u00f3n de espacios cl\u00ednicos y ambulatorios. Tambi\u00e9n se fomentar\u00e1 la colaboraci\u00f3n con otros organismos y se incorporar\u00e1 un enfoque de derechos.<\/p>\n\n\n\n<p>\u201cHoy ya no hablamos solo de reducir las listas de espera, porque estas son din\u00e1micas y seguir\u00e1n creciendo a medida que el sistema sanitario aumente su capacidad de resoluci\u00f3n. Lo que hoy destacamos es la oportunidad de brindar a las personas que han esperado tantos a\u00f1os por resolver un problema de salud el acceso a una atenci\u00f3n m\u00e1s oportuna, permiti\u00e9ndoles acortar significativamente esos tiempos de espera\u201d, manifest\u00f3 Carmen Gloria Monsalve G\u00f3mez, Seremi de Salud Ays\u00e9n.<\/p>\n\n\n\n<p>Se espera fortalecer la comunicaci\u00f3n y articulaci\u00f3n entre sectores de atenci\u00f3n primaria, secundaria y terciaria, a trav\u00e9s de la aplicaci\u00f3n de un modelo de acompa\u00f1amiento y control de pacientes registrados en listas de espera de diversas patolog\u00edas.<\/p>\n\n\n\n<p>\u201cEstamos muy contentos de que este programa haya comenzado, ya que beneficiar\u00e1 a muchas familias que llevan mucho tiempo esperando atenci\u00f3n m\u00e9dica. Queremos destacar y felicitar el compromiso y esfuerzo de cada uno de los funcionarios del Servicio de Salud, quienes han hecho posible el inicio de este programa\u201d, declar\u00f3 Omar Mu\u00f1oz Sierra, gobernador de la Regi\u00f3n de Ays\u00e9n, instituci\u00f3n que financia esta iniciativa.<\/p>\n\n\n\n<p>De esta manera el Servicio de Salud y el Gobierno Regional y su Consejo, avanzan decididamente para reducir los tiempos de espera y cumplir con una atenci\u00f3n oportuna, de calidad y digna para todas las personas que habitan Ays\u00e9n.<\/p>\n\t\t\t\t\t\t\t\t<\/div>\n\t\t\t\t<\/div>\n\t\t\t\t\t<\/div>\n\t\t\t\t<\/div>\n\t\t\t\t<\/div>\n\t\t","protected":false},"excerpt":{"rendered":"<p>En Ays\u00e9n, un programa innovador est\u00e1 transformando las vidas de miles de personas que esperan por una atenci\u00f3n m\u00e9dica especializada [&hellip;]<\/p>\n","protected":false},"author":2,"featured_media":3745,"comment_status":"open","ping_status":"open","sticky":false,"template":"","format":"standard","meta":{"_eb_attr":"","site-sidebar-layout":"default","site-content-layout":"","ast-site-content-layout":"","site-content-style":"default","site-sidebar-style":"default","ast-global-header-display":"","ast-banner-title-visibility":"","ast-main-header-display":"","ast-hfb-above-header-display":"","ast-hfb-below-header-display":"","ast-hfb-mobile-header-display":"","site-post-title":"","ast-breadcrumbs-content":"","ast-featured-img":"disabled","footer-sml-layout":"","theme-transparent-header-meta":"","adv-header-id-meta":"","stick-header-meta":"","header-above-stick-meta":"","header-main-stick-meta":"","header-below-stick-meta":"","astra-migrate-meta-layouts":"default","ast-page-background-enabled":"default","ast-page-background-meta":{"desktop":{"background-color":"var(--ast-global-color-4)","background-image":"","background-repeat":"repeat","background-position":"center center","background-size":"auto","background-attachment":"scroll","background-type":"","background-media":"","overlay-type":"","overlay-color":"","overlay-opacity":"","overlay-gradient":""},"tablet":{"background-color":"","background-image":"","background-repeat":"repeat","background-position":"center center","background-size":"auto","background-attachment":"scroll","background-type":"","background-media":"","overlay-type":"","overlay-color":"","overlay-opacity":"","overlay-gradient":""},"mobile":{"background-color":"","background-image":"","background-repeat":"repeat","background-position":"center center","background-size":"auto","background-attachment":"scroll","background-type":"","background-media":"","overlay-type":"","overlay-color":"","overlay-opacity":"","overlay-gradient":""}},"ast-content-background-meta":{"desktop":{"background-color":"var(--ast-global-color-5)","background-image":"","background-repeat":"repeat","background-position":"center center","background-size":"auto","background-attachment":"scroll","background-type":"","background-media":"","overlay-type":"","overlay-color":"","overlay-opacity":"","overlay-gradient":""},"tablet":{"background-color":"var(--ast-global-color-5)","background-image":"","background-repeat":"repeat","background-position":"center center","background-size":"auto","background-attachment":"scroll","background-type":"","background-media":"","overlay-type":"","overlay-color":"","overlay-opacity":"","overlay-gradient":""},"mobile":{"background-color":"var(--ast-global-color-5)","background-image":"","background-repeat":"repeat","background-position":"center center","background-size":"auto","background-attachment":"scroll","background-type":"","background-media":"","overlay-type":"","overlay-color":"","overlay-opacity":"","overlay-gradient":""}},"footnotes":""},"categories":[1],"tags":[25,55,54],"class_list":["post-3739","post","type-post","status-publish","format-standard","has-post-thumbnail","hentry","category-noticias","tag-hospital-puerto-aysen","tag-hospital-regional-coyhaique","tag-listas-de-espera"],"_links":{"self":[{"href":"https:\/\/www.serviciosaludaysen.cl\/index.php\/wp-json\/wp\/v2\/posts\/3739","targetHints":{"allow":["GET"]}}],"collection":[{"href":"https:\/\/www.serviciosaludaysen.cl\/index.php\/wp-json\/wp\/v2\/posts"}],"about":[{"href":"https:\/\/www.serviciosaludaysen.cl\/index.php\/wp-json\/wp\/v2\/types\/post"}],"author":[{"embeddable":true,"href":"https:\/\/www.serviciosaludaysen.cl\/index.php\/wp-json\/wp\/v2\/users\/2"}],"replies":[{"embeddable":true,"href":"https:\/\/www.serviciosaludaysen.cl\/index.php\/wp-json\/wp\/v2\/comments?post=3739"}],"version-history":[{"count":29,"href":"https:\/\/www.serviciosaludaysen.cl\/index.php\/wp-json\/wp\/v2\/posts\/3739\/revisions"}],"predecessor-version":[{"id":3777,"href":"https:\/\/www.serviciosaludaysen.cl\/index.php\/wp-json\/wp\/v2\/posts\/3739\/revisions\/3777"}],"wp:featuredmedia":[{"embeddable":true,"href":"https:\/\/www.serviciosaludaysen.cl\/index.php\/wp-json\/wp\/v2\/media\/3745"}],"wp:attachment":[{"href":"https:\/\/www.serviciosaludaysen.cl\/index.php\/wp-json\/wp\/v2\/media?parent=3739"}],"wp:term":[{"taxonomy":"category","embeddable":true,"href":"https:\/\/www.serviciosaludaysen.cl\/index.php\/wp-json\/wp\/v2\/categories?post=3739"},{"taxonomy":"post_tag","embeddable":true,"href":"https:\/\/www.serviciosaludaysen.cl\/index.php\/wp-json\/wp\/v2\/tags?post=3739"}],"curies":[{"name":"wp","href":"https:\/\/api.w.org\/{rel}","templated":true}]}}