{"id":3721,"date":"2025-01-07T13:49:14","date_gmt":"2025-01-07T16:49:14","guid":{"rendered":"https:\/\/www.serviciosaludaysen.cl\/?p=3721"},"modified":"2025-01-08T11:32:00","modified_gmt":"2025-01-08T14:32:00","slug":"cesar-es-el-primer-nacido-de-este-2025-en-la-region-de-aysen","status":"publish","type":"post","link":"https:\/\/www.serviciosaludaysen.cl\/index.php\/2025\/01\/07\/cesar-es-el-primer-nacido-de-este-2025-en-la-region-de-aysen\/","title":{"rendered":"C\u00e9sar, es el primer nacido de este 2025 en la regi\u00f3n de Ays\u00e9n"},"content":{"rendered":"\t\t<div data-elementor-type=\"wp-post\" data-elementor-id=\"3721\" class=\"elementor elementor-3721\">\n\t\t\t\t<div class=\"elementor-element elementor-element-7260264 e-flex e-con-boxed e-con e-parent\" data-id=\"7260264\" data-element_type=\"container\">\n\t\t\t\t\t<div class=\"e-con-inner\">\n\t\t\t\t<div class=\"elementor-element elementor-element-49a48f7 elementor-arrows-position-inside elementor-pagination-position-outside elementor-widget elementor-widget-image-carousel\" data-id=\"49a48f7\" data-element_type=\"widget\" data-settings=\"{&quot;slides_to_show&quot;:&quot;1&quot;,&quot;navigation&quot;:&quot;both&quot;,&quot;autoplay&quot;:&quot;yes&quot;,&quot;pause_on_hover&quot;:&quot;yes&quot;,&quot;pause_on_interaction&quot;:&quot;yes&quot;,&quot;autoplay_speed&quot;:5000,&quot;infinite&quot;:&quot;yes&quot;,&quot;effect&quot;:&quot;slide&quot;,&quot;speed&quot;:500}\" data-widget_type=\"image-carousel.default\">\n\t\t\t\t<div class=\"elementor-widget-container\">\n\t\t\t\t\t\t\t<div class=\"elementor-image-carousel-wrapper swiper\" role=\"region\" aria-roledescription=\"carousel\" aria-label=\"Carrusel de im\u00e1genes\" dir=\"ltr\">\n\t\t\t<div class=\"elementor-image-carousel swiper-wrapper\" aria-live=\"off\">\n\t\t\t\t\t\t\t\t<div class=\"swiper-slide\" role=\"group\" aria-roledescription=\"slide\" aria-label=\"1 de 3\"><figure class=\"swiper-slide-inner\"><img decoding=\"async\" class=\"swiper-slide-image\" src=\"https:\/\/www.serviciosaludaysen.cl\/wp-content\/uploads\/2025\/01\/01-768x432.jpg\" alt=\"01\" \/><\/figure><\/div><div class=\"swiper-slide\" role=\"group\" aria-roledescription=\"slide\" aria-label=\"2 de 3\"><figure class=\"swiper-slide-inner\"><img decoding=\"async\" class=\"swiper-slide-image\" src=\"https:\/\/www.serviciosaludaysen.cl\/wp-content\/uploads\/2025\/01\/02-768x432.jpg\" alt=\"02\" \/><\/figure><\/div><div class=\"swiper-slide\" role=\"group\" aria-roledescription=\"slide\" aria-label=\"3 de 3\"><figure class=\"swiper-slide-inner\"><img decoding=\"async\" class=\"swiper-slide-image\" src=\"https:\/\/www.serviciosaludaysen.cl\/wp-content\/uploads\/2025\/01\/03-1-768x432.jpg\" alt=\"03 (1)\" \/><\/figure><\/div>\t\t\t<\/div>\n\t\t\t\t\t\t\t\t\t\t\t\t<div class=\"elementor-swiper-button elementor-swiper-button-prev\" role=\"button\" tabindex=\"0\">\n\t\t\t\t\t\t<svg aria-hidden=\"true\" class=\"e-font-icon-svg e-eicon-chevron-left\" viewBox=\"0 0 1000 1000\" xmlns=\"http:\/\/www.w3.org\/2000\/svg\"><path d=\"M646 125C629 125 613 133 604 142L308 442C296 454 292 471 292 487 292 504 296 521 308 533L604 854C617 867 629 875 646 875 663 875 679 871 692 858 704 846 713 829 713 812 713 796 708 779 692 767L438 487 692 225C700 217 708 204 708 187 708 171 704 154 692 142 675 129 663 125 646 125Z\"><\/path><\/svg>\t\t\t\t\t<\/div>\n\t\t\t\t\t<div class=\"elementor-swiper-button elementor-swiper-button-next\" role=\"button\" tabindex=\"0\">\n\t\t\t\t\t\t<svg aria-hidden=\"true\" class=\"e-font-icon-svg e-eicon-chevron-right\" viewBox=\"0 0 1000 1000\" xmlns=\"http:\/\/www.w3.org\/2000\/svg\"><path d=\"M696 533C708 521 713 504 713 487 713 471 708 454 696 446L400 146C388 133 375 125 354 125 338 125 325 129 313 142 300 154 292 171 292 187 292 204 296 221 308 233L563 492 304 771C292 783 288 800 288 817 288 833 296 850 308 863 321 871 338 875 354 875 371 875 388 867 400 854L696 533Z\"><\/path><\/svg>\t\t\t\t\t<\/div>\n\t\t\t\t\n\t\t\t\t\t\t\t\t\t<div class=\"swiper-pagination\"><\/div>\n\t\t\t\t\t\t\t\t\t<\/div>\n\t\t\t\t\t\t<\/div>\n\t\t\t\t<\/div>\n\t\t\t\t\t<\/div>\n\t\t\t\t<\/div>\n\t\t<div class=\"elementor-element elementor-element-2aec965 e-flex e-con-boxed e-con e-parent\" data-id=\"2aec965\" data-element_type=\"container\">\n\t\t\t\t\t<div class=\"e-con-inner\">\n\t\t\t\t<div class=\"elementor-element elementor-element-3d956ca elementor-widget elementor-widget-text-editor\" data-id=\"3d956ca\" data-element_type=\"widget\" data-widget_type=\"text-editor.default\">\n\t\t\t\t<div class=\"elementor-widget-container\">\n\t\t\t\t\t\t\t\t\t<p>La noche de este lunes 01 de enero, a las 21:35 hrs, naci\u00f3 C\u00e9sar Mu\u00f1oz Rehl, hijo de Karina Rehl y<br>Julio Mu\u00f1oz, oriundos de Chile Chico, transform\u00e1ndose en el primer nacido de este 2025.<\/p>\n<p>El ni\u00f1o, que pes\u00f3 3.190 gramos y midi\u00f3 49 cent\u00edmetros, fue visitado por el Delegado Presidencial<br>Regional de Ays\u00e9n, Jorge D\u00edaz; Seremi de Gobierno, \u00darsula Mix; Carmen Gloria Monsalve, Seremi<br>de Salud Ays\u00e9n; Karina Acevedo, seremi de Desarrollo Social y Familia; Mauricio Cort\u00e9s, director (s)<br>del Servicio de Salud Ays\u00e9n y el Director (s) del Hospital Regional Coyhaique, Daniel Aravena en el<br>Servicio de Maternidad del HRC como parte de este tradicional hito del primer nacimiento del a\u00f1o<br>en los hospitales p\u00fablicos del pa\u00eds.<\/p>\n<p>Karina Acevedo, seremi de Desarrollo Social y Familia, adem\u00e1s de celebrar la llegada del primer<br>habitante de nuestra regi\u00f3n de este 2025 que reci\u00e9n comienza, destac\u00f3 los distintos programas<br>que garantizan un buen desarrollo de vida de C\u00e9sar \u201csaludar al primer beb\u00e9 que nace en la regi\u00f3n<br>de Ays\u00e9n, un beb\u00e9 que nace protegido, porque no solamente nace bajo la normativa que lo<br>protege como infancia, sino tambi\u00e9n porque tiene una protecci\u00f3n desde el nacimiento, desde la<br>gestaci\u00f3n con el Chile Crece M\u00e1s\u201d.<\/p>\n<p>M\u00e1s all\u00e1, destac\u00f3 la entrega del ajuar \u201cque les corresponde a la madre y al ni\u00f1o reci\u00e9n nacido, la<br>cuna, la implementaci\u00f3n de estimulaci\u00f3n y el bienestar en esta primera etapa\u201d.<\/p>\n<p>En este emotivo d\u00eda, Daniel Aravena, director (s) del HRC, adem\u00e1s de celebrar el nacimiento del<br>primer beb\u00e9 del a\u00f1o en el \u00fanico centro hospitalario de alta complejidad de Ays\u00e9n \u201cy a pesar de las<br>distancias, a pesar del aislamiento geogr\u00e1fico, nuestros menores, en nuestro pa\u00eds por lo menos<br>van a nacer, siempre, bajo las mejores condiciones de calidad y oportunidad de atenci\u00f3n de<br>salud\u201d.<\/p>\n<p>En tanto, Mauricio Cort\u00e9s, director (s) del Servicio de Salud Ays\u00e9n, destac\u00f3 que como parte de un<br>trabajo en red, la mam\u00e1, desde el 20 de diciembre se encontraba en la Casa de la Mujer<br>Campesina a la espera del nacimiento de C\u00e9sar, su quinto hijo \u201cpara que tuviera un parto<br>tranquilo. Estamos muy contento de haberlo recibido y que estemos todos presentes el d\u00eda de hoy ac\u00e1 en este importante hito\u201d.<\/p>\n<p>Por su parte, Carmen Gloria Monsalve, Seremi de Salud Ays\u00e9n, destac\u00f3 que C\u00e9sar \u201cnace en un pa\u00eds<br>que le ofrece oportunidades muy significativas y que nos distinguen del resto de los pa\u00edses de<br>Am\u00e9rica. Nace en un pa\u00eds en donde el sistema de salud p\u00fablico ha avanzado hacia el Copago Cero, en<br>una rep\u00fablica en donde las barreras de equidad y de dificultades de acceso se han ido trabajando<br>de manera significativa y muy objetiva. Nace en uno de los pa\u00edses que tiene la mejor expectativa<br>de vida, segundo despu\u00e9s de Canad\u00e1, que habla de un avance muy significativo en materia sanitaria, que seguimos impulsando en este gobierno. Y por \u00faltimo, nace con este tremendo apoyo que es el Programa de Apoyo al Reci\u00e9n Nacido en donde se establece una l\u00ednea base para todos los ni\u00f1os y ni\u00f1as que nacen en cualquiera de los dispositivos p\u00fablicos de la red sanitaria independiente de la situaci\u00f3n o de la previsi\u00f3n de la madre. Hoy d\u00eda C\u00e9sar nace en un contexto que sabemos que les va a entregar herramientas para<br>poder avanzar hacia una vida mucho m\u00e1s justa. Estamos muy orgullosos de eso\u201d, finaliz\u00f3 la<br>autoridad sanitaria.<\/p>\t\t\t\t\t\t\t\t<\/div>\n\t\t\t\t<\/div>\n\t\t\t\t\t<\/div>\n\t\t\t\t<\/div>\n\t\t\t\t<\/div>\n\t\t","protected":false},"excerpt":{"rendered":"<p>La noche de este lunes 01 de enero, a las 21:35 hrs, naci\u00f3 C\u00e9sar Mu\u00f1oz Rehl, hijo de Karina Rehl [&hellip;]<\/p>\n","protected":false},"author":2,"featured_media":3725,"comment_status":"open","ping_status":"open","sticky":true,"template":"","format":"standard","meta":{"_eb_attr":"","site-sidebar-layout":"default","site-content-layout":"","ast-site-content-layout":"","site-content-style":"default","site-sidebar-style":"default","ast-global-header-display":"","ast-banner-title-visibility":"","ast-main-header-display":"","ast-hfb-above-header-display":"","ast-hfb-below-header-display":"","ast-hfb-mobile-header-display":"","site-post-title":"","ast-breadcrumbs-content":"","ast-featured-img":"disabled","footer-sml-layout":"","theme-transparent-header-meta":"","adv-header-id-meta":"","stick-header-meta":"","header-above-stick-meta":"","header-main-stick-meta":"","header-below-stick-meta":"","astra-migrate-meta-layouts":"default","ast-page-background-enabled":"default","ast-page-background-meta":{"desktop":{"background-color":"var(--ast-global-color-4)","background-image":"","background-repeat":"repeat","background-position":"center center","background-size":"auto","background-attachment":"scroll","background-type":"","background-media":"","overlay-type":"","overlay-color":"","overlay-opacity":"","overlay-gradient":""},"tablet":{"background-color":"","background-image":"","background-repeat":"repeat","background-position":"center center","background-size":"auto","background-attachment":"scroll","background-type":"","background-media":"","overlay-type":"","overlay-color":"","overlay-opacity":"","overlay-gradient":""},"mobile":{"background-color":"","background-image":"","background-repeat":"repeat","background-position":"center center","background-size":"auto","background-attachment":"scroll","background-type":"","background-media":"","overlay-type":"","overlay-color":"","overlay-opacity":"","overlay-gradient":""}},"ast-content-background-meta":{"desktop":{"background-color":"var(--ast-global-color-5)","background-image":"","background-repeat":"repeat","background-position":"center center","background-size":"auto","background-attachment":"scroll","background-type":"","background-media":"","overlay-type":"","overlay-color":"","overlay-opacity":"","overlay-gradient":""},"tablet":{"background-color":"var(--ast-global-color-5)","background-image":"","background-repeat":"repeat","background-position":"center center","background-size":"auto","background-attachment":"scroll","background-type":"","background-media":"","overlay-type":"","overlay-color":"","overlay-opacity":"","overlay-gradient":""},"mobile":{"background-color":"var(--ast-global-color-5)","background-image":"","background-repeat":"repeat","background-position":"center center","background-size":"auto","background-attachment":"scroll","background-type":"","background-media":"","overlay-type":"","overlay-color":"","overlay-opacity":"","overlay-gradient":""}},"footnotes":""},"categories":[1],"tags":[],"class_list":["post-3721","post","type-post","status-publish","format-standard","has-post-thumbnail","hentry","category-noticias"],"_links":{"self":[{"href":"https:\/\/www.serviciosaludaysen.cl\/index.php\/wp-json\/wp\/v2\/posts\/3721","targetHints":{"allow":["GET"]}}],"collection":[{"href":"https:\/\/www.serviciosaludaysen.cl\/index.php\/wp-json\/wp\/v2\/posts"}],"about":[{"href":"https:\/\/www.serviciosaludaysen.cl\/index.php\/wp-json\/wp\/v2\/types\/post"}],"author":[{"embeddable":true,"href":"https:\/\/www.serviciosaludaysen.cl\/index.php\/wp-json\/wp\/v2\/users\/2"}],"replies":[{"embeddable":true,"href":"https:\/\/www.serviciosaludaysen.cl\/index.php\/wp-json\/wp\/v2\/comments?post=3721"}],"version-history":[{"count":5,"href":"https:\/\/www.serviciosaludaysen.cl\/index.php\/wp-json\/wp\/v2\/posts\/3721\/revisions"}],"predecessor-version":[{"id":3732,"href":"https:\/\/www.serviciosaludaysen.cl\/index.php\/wp-json\/wp\/v2\/posts\/3721\/revisions\/3732"}],"wp:featuredmedia":[{"embeddable":true,"href":"https:\/\/www.serviciosaludaysen.cl\/index.php\/wp-json\/wp\/v2\/media\/3725"}],"wp:attachment":[{"href":"https:\/\/www.serviciosaludaysen.cl\/index.php\/wp-json\/wp\/v2\/media?parent=3721"}],"wp:term":[{"taxonomy":"category","embeddable":true,"href":"https:\/\/www.serviciosaludaysen.cl\/index.php\/wp-json\/wp\/v2\/categories?post=3721"},{"taxonomy":"post_tag","embeddable":true,"href":"https:\/\/www.serviciosaludaysen.cl\/index.php\/wp-json\/wp\/v2\/tags?post=3721"}],"curies":[{"name":"wp","href":"https:\/\/api.w.org\/{rel}","templated":true}]}}