{"id":3668,"date":"2024-12-24T09:43:58","date_gmt":"2024-12-24T12:43:58","guid":{"rendered":"https:\/\/www.serviciosaludaysen.cl\/?p=3668"},"modified":"2024-12-24T09:56:48","modified_gmt":"2024-12-24T12:56:48","slug":"servicio-de-salud-aysen-suma-dos-nuevas-ambulancias-para-reponer-su-flota-de-vehiculos-de-emergencia","status":"publish","type":"post","link":"https:\/\/www.serviciosaludaysen.cl\/index.php\/2024\/12\/24\/servicio-de-salud-aysen-suma-dos-nuevas-ambulancias-para-reponer-su-flota-de-vehiculos-de-emergencia\/","title":{"rendered":"Servicio de Salud Ays\u00e9n suma dos nuevas ambulancias para reponer su flota de veh\u00edculos de emergencia"},"content":{"rendered":"\t\t<div data-elementor-type=\"wp-post\" data-elementor-id=\"3668\" class=\"elementor elementor-3668\">\n\t\t\t\t<div class=\"elementor-element elementor-element-67522f9 e-flex e-con-boxed e-con e-parent\" data-id=\"67522f9\" data-element_type=\"container\">\n\t\t\t\t\t<div class=\"e-con-inner\">\n\t\t\t\t<div class=\"elementor-element elementor-element-33aa819 elementor-arrows-position-inside elementor-pagination-position-outside elementor-widget elementor-widget-image-carousel\" data-id=\"33aa819\" data-element_type=\"widget\" data-settings=\"{&quot;slides_to_show&quot;:&quot;1&quot;,&quot;navigation&quot;:&quot;both&quot;,&quot;autoplay&quot;:&quot;yes&quot;,&quot;pause_on_hover&quot;:&quot;yes&quot;,&quot;pause_on_interaction&quot;:&quot;yes&quot;,&quot;autoplay_speed&quot;:5000,&quot;infinite&quot;:&quot;yes&quot;,&quot;effect&quot;:&quot;slide&quot;,&quot;speed&quot;:500}\" data-widget_type=\"image-carousel.default\">\n\t\t\t\t<div class=\"elementor-widget-container\">\n\t\t\t\t\t\t\t<div class=\"elementor-image-carousel-wrapper swiper\" role=\"region\" aria-roledescription=\"carousel\" aria-label=\"Carrusel de im\u00e1genes\" dir=\"ltr\">\n\t\t\t<div class=\"elementor-image-carousel swiper-wrapper\" aria-live=\"off\">\n\t\t\t\t\t\t\t\t<div class=\"swiper-slide\" role=\"group\" aria-roledescription=\"slide\" aria-label=\"1 de 10\"><figure class=\"swiper-slide-inner\"><img decoding=\"async\" class=\"swiper-slide-image\" src=\"https:\/\/www.serviciosaludaysen.cl\/wp-content\/uploads\/2024\/12\/NUEVAS-AMBULANCIAS-7-1-768x576.jpeg\" alt=\"NUEVAS AMBULANCIAS (7) (1)\" \/><\/figure><\/div><div class=\"swiper-slide\" role=\"group\" aria-roledescription=\"slide\" aria-label=\"2 de 10\"><figure class=\"swiper-slide-inner\"><img decoding=\"async\" class=\"swiper-slide-image\" src=\"https:\/\/www.serviciosaludaysen.cl\/wp-content\/uploads\/2024\/12\/NUEVAS-AMBULANCIAS-9-768x576.jpeg\" alt=\"NUEVAS AMBULANCIAS (9)\" \/><\/figure><\/div><div class=\"swiper-slide\" role=\"group\" aria-roledescription=\"slide\" aria-label=\"3 de 10\"><figure class=\"swiper-slide-inner\"><img decoding=\"async\" class=\"swiper-slide-image\" src=\"https:\/\/www.serviciosaludaysen.cl\/wp-content\/uploads\/2024\/12\/NUEVAS-AMBULANCIAS-10-768x576.jpeg\" alt=\"NUEVAS AMBULANCIAS (10)\" \/><\/figure><\/div><div class=\"swiper-slide\" role=\"group\" aria-roledescription=\"slide\" aria-label=\"4 de 10\"><figure class=\"swiper-slide-inner\"><img decoding=\"async\" class=\"swiper-slide-image\" src=\"https:\/\/www.serviciosaludaysen.cl\/wp-content\/uploads\/2024\/12\/NUEVAS-AMBULANCIAS-8-768x576.jpeg\" alt=\"NUEVAS AMBULANCIAS (8)\" \/><\/figure><\/div><div class=\"swiper-slide\" role=\"group\" aria-roledescription=\"slide\" aria-label=\"5 de 10\"><figure class=\"swiper-slide-inner\"><img decoding=\"async\" class=\"swiper-slide-image\" src=\"https:\/\/www.serviciosaludaysen.cl\/wp-content\/uploads\/2024\/12\/NUEVAS-AMBULANCIAS-6-768x576.jpeg\" alt=\"NUEVAS AMBULANCIAS (6)\" \/><\/figure><\/div><div class=\"swiper-slide\" role=\"group\" aria-roledescription=\"slide\" aria-label=\"6 de 10\"><figure class=\"swiper-slide-inner\"><img decoding=\"async\" class=\"swiper-slide-image\" src=\"https:\/\/www.serviciosaludaysen.cl\/wp-content\/uploads\/2024\/12\/NUEVAS-AMBULANCIAS-1-768x512.jpeg\" alt=\"NUEVAS AMBULANCIAS (1)\" \/><\/figure><\/div><div class=\"swiper-slide\" role=\"group\" aria-roledescription=\"slide\" aria-label=\"7 de 10\"><figure class=\"swiper-slide-inner\"><img decoding=\"async\" class=\"swiper-slide-image\" src=\"https:\/\/www.serviciosaludaysen.cl\/wp-content\/uploads\/2024\/12\/NUEVAS-AMBULANCIAS-3-768x512.jpeg\" alt=\"NUEVAS AMBULANCIAS (3)\" \/><\/figure><\/div><div class=\"swiper-slide\" role=\"group\" aria-roledescription=\"slide\" aria-label=\"8 de 10\"><figure class=\"swiper-slide-inner\"><img decoding=\"async\" class=\"swiper-slide-image\" src=\"https:\/\/www.serviciosaludaysen.cl\/wp-content\/uploads\/2024\/12\/NUEVAS-AMBULANCIAS-2-768x512.jpeg\" alt=\"NUEVAS AMBULANCIAS (2)\" \/><\/figure><\/div><div class=\"swiper-slide\" role=\"group\" aria-roledescription=\"slide\" aria-label=\"9 de 10\"><figure class=\"swiper-slide-inner\"><img decoding=\"async\" class=\"swiper-slide-image\" src=\"https:\/\/www.serviciosaludaysen.cl\/wp-content\/uploads\/2024\/12\/NUEVAS-AMBULANCIAS-5-768x576.jpeg\" alt=\"NUEVAS AMBULANCIAS (5)\" \/><\/figure><\/div><div class=\"swiper-slide\" role=\"group\" aria-roledescription=\"slide\" aria-label=\"10 de 10\"><figure class=\"swiper-slide-inner\"><img decoding=\"async\" class=\"swiper-slide-image\" src=\"https:\/\/www.serviciosaludaysen.cl\/wp-content\/uploads\/2024\/12\/NUEVAS-AMBULANCIAS-4-768x576.jpeg\" alt=\"NUEVAS AMBULANCIAS (4)\" \/><\/figure><\/div>\t\t\t<\/div>\n\t\t\t\t\t\t\t\t\t\t\t\t<div class=\"elementor-swiper-button elementor-swiper-button-prev\" role=\"button\" tabindex=\"0\">\n\t\t\t\t\t\t<svg aria-hidden=\"true\" class=\"e-font-icon-svg e-eicon-chevron-left\" viewBox=\"0 0 1000 1000\" xmlns=\"http:\/\/www.w3.org\/2000\/svg\"><path d=\"M646 125C629 125 613 133 604 142L308 442C296 454 292 471 292 487 292 504 296 521 308 533L604 854C617 867 629 875 646 875 663 875 679 871 692 858 704 846 713 829 713 812 713 796 708 779 692 767L438 487 692 225C700 217 708 204 708 187 708 171 704 154 692 142 675 129 663 125 646 125Z\"><\/path><\/svg>\t\t\t\t\t<\/div>\n\t\t\t\t\t<div class=\"elementor-swiper-button elementor-swiper-button-next\" role=\"button\" tabindex=\"0\">\n\t\t\t\t\t\t<svg aria-hidden=\"true\" class=\"e-font-icon-svg e-eicon-chevron-right\" viewBox=\"0 0 1000 1000\" xmlns=\"http:\/\/www.w3.org\/2000\/svg\"><path d=\"M696 533C708 521 713 504 713 487 713 471 708 454 696 446L400 146C388 133 375 125 354 125 338 125 325 129 313 142 300 154 292 171 292 187 292 204 296 221 308 233L563 492 304 771C292 783 288 800 288 817 288 833 296 850 308 863 321 871 338 875 354 875 371 875 388 867 400 854L696 533Z\"><\/path><\/svg>\t\t\t\t\t<\/div>\n\t\t\t\t\n\t\t\t\t\t\t\t\t\t<div class=\"swiper-pagination\"><\/div>\n\t\t\t\t\t\t\t\t\t<\/div>\n\t\t\t\t\t\t<\/div>\n\t\t\t\t<\/div>\n\t\t\t\t\t<\/div>\n\t\t\t\t<\/div>\n\t\t<div class=\"elementor-element elementor-element-3a70895e e-flex e-con-boxed e-con e-parent\" data-id=\"3a70895e\" data-element_type=\"container\">\n\t\t\t\t\t<div class=\"e-con-inner\">\n\t\t\t\t<div class=\"elementor-element elementor-element-2d04d7f8 elementor-widget elementor-widget-text-editor\" data-id=\"2d04d7f8\" data-element_type=\"widget\" data-widget_type=\"text-editor.default\">\n\t\t\t\t<div class=\"elementor-widget-container\">\n\t\t\t\t\t\t\t\t\t\n<p>\u00b7\u00a0\u00a0\u00a0\u00a0\u00a0\u00a0\u00a0\u00a0<strong><em>\u00a0Estos m\u00f3viles ser\u00e1n destinados al Hospital de Puerto Cisnes y a la Red Regional a trav\u00e9s de SAMU, siendo los primeros del pa\u00eds en ser adquiridos considerando las caracter\u00edsticas propias del territorio.<\/em><\/strong><\/p>\n\n<p>Como un \u201cregalo de Navidad\u201d defini\u00f3 la jefa del Servicio de Atenci\u00f3n M\u00e9dica de Urgencia (SAMU) de la regi\u00f3n de Ays\u00e9n, Lorena Velasco, la llegada de dos nuevos m\u00f3viles de emergencia, uno de ellos de car\u00e1cter avanzado y que permitir\u00e1 fortalecer la Red Asistencial y mejorar la capacidad de respuesta ante eventuales emergencias.<\/p>\n\n<p>\u201cUna ambulancia personalizada, de acuerdo a las demandas y necesidades nuestras, con un alto est\u00e1ndar de equipamiento, donde vamos a poder responder 24\/7 a las demandas de nuestra comunidad y contenta tambi\u00e9n por el Hospital de Puerto Cisnes, que aunque no es SAMU, realiza labores de la Red de Urgencia y el traslado de los pacientes hacia el Hospital Regional, que requieren de atenci\u00f3n de mayor complejidad\u201d, se\u00f1al\u00f3 Velasco.<\/p>\n\n<p>Actualmente se encuentran operativas 24 ambulancias en la Red de Urgencia del Servicio de Salud Ays\u00e9n, incluyendo estos m\u00f3viles, uno de car\u00e1cter avanzado para el SAMU y uno b\u00e1sico para el Hospital de Puerto Cisnes.<\/p>\n\n<p>Son m\u00e1s de 70 llamadas en promedio que son atendidas a trav\u00e9s del nivel 131 de SAMU y que se desglosan en traslados de urgencia a los hospitales y desde las postas de salud rural y primarios con atenci\u00f3n en domicilio.<\/p>\n\n<p>Estas ambulancias est\u00e1n adaptadas para las condiciones de camino y clima de la regi\u00f3n de Ays\u00e9n. \u201cEsto es muy significativo, porque desde el punto de vista de la seguridad p\u00fablica es un aporte, ya que es uno de los pilares fundamentales para la gesti\u00f3n de nuestro Gobierno, porque el SAMU es parte de esta triada de respuesta ante emergencias y desastres, y cualquier situaci\u00f3n que requiera la atenci\u00f3n m\u00e9dica, por eso es importante que ellos tengan las herramientas necesarias y adecuadas para llevar a cabo su trabajo y que tenga la relaci\u00f3n con la necesidad y satisfacci\u00f3n de nuestros usuarios\u201d, precis\u00f3 Carmen Monsalve, Seremi de Salud Ays\u00e9n.<\/p>\n\n<p>A su vez valor\u00f3 el apoyo del Gobierno Regional en distintos proyectos de infraestructura en toda la Red Asistencial, sobre todo la reposici\u00f3n de postas en distintas comunas y territorios.<\/p>\n\n<p>\u201cLo m\u00e1s importante de todo es que se mejora la capacidad operativa, que son m\u00e1quinas muy tecnol\u00f3gicas, muy confortables, tanto para el personal, como para los pacientes que ser\u00e1n atendidos dentro de ellas\u201d, dijo por su parte Omar Mu\u00f1oz, gobernador regional. Precis\u00f3 adem\u00e1s que como Gobierno Regional continuar\u00e1n apoyando proyectos del sector salud.<\/p>\n\n<p>Cabe destacar que estos m\u00f3viles son marca Mercedes &#8211; Benz, 4X4 y que ambas significan una inversi\u00f3n cercana a los 400 millones de pesos.<\/p>\n\n<p>Mientras Juan Pablo Bravo Quintana, director del Servicio de Salud Ays\u00e9n, junto con sumarse a los agradecimientos al Gobierno Regional por el apoyo que mantiene con el sector salud, indic\u00f3 que \u201cquiero hacer menci\u00f3n que esta es una ambulancia adaptada para la regi\u00f3n. Es la primera ambulancia que a nivel nacional que se licit\u00f3 de esa manera y que es para darle la mejor respuesta al territorio de la regi\u00f3n de Ays\u00e9n\u201d.<\/p>\n\n<p>El primer semestre de 2025 se sumar\u00e1n nuevos m\u00f3viles de emergencia para la Red Asistencial, que permitir\u00e1n contar con una mejor capacidad de respuesta. Estos veh\u00edculos no solo optimizan la capacidad de respuesta frente a situaciones cr\u00edticas, sino que tambi\u00e9n garantizan una atenci\u00f3n de calidad, segura y oportuna para las comunidades m\u00e1s alejadas de la regi\u00f3n.<\/p>\n\n<p>En definitiva, esta inversi\u00f3n refuerza el compromiso del Servicio de Salud Ays\u00e9n con el bienestar de sus usuarios, asegurando que cada persona pueda acceder a los servicios de salud que necesita.&#8211;<\/p>\n\t\t\t\t\t\t\t\t<\/div>\n\t\t\t\t<\/div>\n\t\t\t\t\t<\/div>\n\t\t\t\t<\/div>\n\t\t\t\t<\/div>\n\t\t","protected":false},"excerpt":{"rendered":"<p>\u00b7\u00a0\u00a0\u00a0\u00a0\u00a0\u00a0\u00a0\u00a0\u00a0Estos m\u00f3viles ser\u00e1n destinados al Hospital de Puerto Cisnes y a la Red Regional a trav\u00e9s de SAMU, siendo los [&hellip;]<\/p>\n","protected":false},"author":2,"featured_media":3674,"comment_status":"open","ping_status":"open","sticky":false,"template":"","format":"standard","meta":{"_eb_attr":"","site-sidebar-layout":"default","site-content-layout":"","ast-site-content-layout":"","site-content-style":"default","site-sidebar-style":"default","ast-global-header-display":"","ast-banner-title-visibility":"","ast-main-header-display":"","ast-hfb-above-header-display":"","ast-hfb-below-header-display":"","ast-hfb-mobile-header-display":"","site-post-title":"","ast-breadcrumbs-content":"","ast-featured-img":"disabled","footer-sml-layout":"","theme-transparent-header-meta":"","adv-header-id-meta":"","stick-header-meta":"","header-above-stick-meta":"","header-main-stick-meta":"","header-below-stick-meta":"","astra-migrate-meta-layouts":"default","ast-page-background-enabled":"default","ast-page-background-meta":{"desktop":{"background-color":"var(--ast-global-color-4)","background-image":"","background-repeat":"repeat","background-position":"center center","background-size":"auto","background-attachment":"scroll","background-type":"","background-media":"","overlay-type":"","overlay-color":"","overlay-opacity":"","overlay-gradient":""},"tablet":{"background-color":"","background-image":"","background-repeat":"repeat","background-position":"center center","background-size":"auto","background-attachment":"scroll","background-type":"","background-media":"","overlay-type":"","overlay-color":"","overlay-opacity":"","overlay-gradient":""},"mobile":{"background-color":"","background-image":"","background-repeat":"repeat","background-position":"center center","background-size":"auto","background-attachment":"scroll","background-type":"","background-media":"","overlay-type":"","overlay-color":"","overlay-opacity":"","overlay-gradient":""}},"ast-content-background-meta":{"desktop":{"background-color":"var(--ast-global-color-5)","background-image":"","background-repeat":"repeat","background-position":"center center","background-size":"auto","background-attachment":"scroll","background-type":"","background-media":"","overlay-type":"","overlay-color":"","overlay-opacity":"","overlay-gradient":""},"tablet":{"background-color":"var(--ast-global-color-5)","background-image":"","background-repeat":"repeat","background-position":"center center","background-size":"auto","background-attachment":"scroll","background-type":"","background-media":"","overlay-type":"","overlay-color":"","overlay-opacity":"","overlay-gradient":""},"mobile":{"background-color":"var(--ast-global-color-5)","background-image":"","background-repeat":"repeat","background-position":"center center","background-size":"auto","background-attachment":"scroll","background-type":"","background-media":"","overlay-type":"","overlay-color":"","overlay-opacity":"","overlay-gradient":""}},"footnotes":""},"categories":[1],"tags":[],"class_list":["post-3668","post","type-post","status-publish","format-standard","has-post-thumbnail","hentry","category-noticias"],"_links":{"self":[{"href":"https:\/\/www.serviciosaludaysen.cl\/index.php\/wp-json\/wp\/v2\/posts\/3668","targetHints":{"allow":["GET"]}}],"collection":[{"href":"https:\/\/www.serviciosaludaysen.cl\/index.php\/wp-json\/wp\/v2\/posts"}],"about":[{"href":"https:\/\/www.serviciosaludaysen.cl\/index.php\/wp-json\/wp\/v2\/types\/post"}],"author":[{"embeddable":true,"href":"https:\/\/www.serviciosaludaysen.cl\/index.php\/wp-json\/wp\/v2\/users\/2"}],"replies":[{"embeddable":true,"href":"https:\/\/www.serviciosaludaysen.cl\/index.php\/wp-json\/wp\/v2\/comments?post=3668"}],"version-history":[{"count":23,"href":"https:\/\/www.serviciosaludaysen.cl\/index.php\/wp-json\/wp\/v2\/posts\/3668\/revisions"}],"predecessor-version":[{"id":3720,"href":"https:\/\/www.serviciosaludaysen.cl\/index.php\/wp-json\/wp\/v2\/posts\/3668\/revisions\/3720"}],"wp:featuredmedia":[{"embeddable":true,"href":"https:\/\/www.serviciosaludaysen.cl\/index.php\/wp-json\/wp\/v2\/media\/3674"}],"wp:attachment":[{"href":"https:\/\/www.serviciosaludaysen.cl\/index.php\/wp-json\/wp\/v2\/media?parent=3668"}],"wp:term":[{"taxonomy":"category","embeddable":true,"href":"https:\/\/www.serviciosaludaysen.cl\/index.php\/wp-json\/wp\/v2\/categories?post=3668"},{"taxonomy":"post_tag","embeddable":true,"href":"https:\/\/www.serviciosaludaysen.cl\/index.php\/wp-json\/wp\/v2\/tags?post=3668"}],"curies":[{"name":"wp","href":"https:\/\/api.w.org\/{rel}","templated":true}]}}