{"id":3501,"date":"2024-12-02T17:24:40","date_gmt":"2024-12-02T20:24:40","guid":{"rendered":"https:\/\/www.serviciosaludaysen.cl\/?p=3501"},"modified":"2024-12-02T17:29:16","modified_gmt":"2024-12-02T20:29:16","slug":"consejo-de-la-sociedad-civil-del-servicio-de-salud-aysen-eligio-su-directiva","status":"publish","type":"post","link":"https:\/\/www.serviciosaludaysen.cl\/index.php\/2024\/12\/02\/consejo-de-la-sociedad-civil-del-servicio-de-salud-aysen-eligio-su-directiva\/","title":{"rendered":"Consejo de la Sociedad Civil del Servicio de Salud Ays\u00e9n eligi\u00f3 su directiva"},"content":{"rendered":"\t\t<div data-elementor-type=\"wp-post\" data-elementor-id=\"3501\" class=\"elementor elementor-3501\">\n\t\t\t\t<div class=\"elementor-element elementor-element-1aaaf1d e-flex e-con-boxed e-con e-parent\" data-id=\"1aaaf1d\" data-element_type=\"container\">\n\t\t\t\t\t<div class=\"e-con-inner\">\n\t\t\t\t<div class=\"elementor-element elementor-element-46f6fb2 elementor-arrows-position-inside elementor-pagination-position-outside elementor-widget elementor-widget-image-carousel\" data-id=\"46f6fb2\" data-element_type=\"widget\" data-settings=\"{&quot;slides_to_show&quot;:&quot;1&quot;,&quot;navigation&quot;:&quot;both&quot;,&quot;autoplay&quot;:&quot;yes&quot;,&quot;pause_on_hover&quot;:&quot;yes&quot;,&quot;pause_on_interaction&quot;:&quot;yes&quot;,&quot;autoplay_speed&quot;:5000,&quot;infinite&quot;:&quot;yes&quot;,&quot;effect&quot;:&quot;slide&quot;,&quot;speed&quot;:500}\" data-widget_type=\"image-carousel.default\">\n\t\t\t\t<div class=\"elementor-widget-container\">\n\t\t\t\t\t\t\t<div class=\"elementor-image-carousel-wrapper swiper\" role=\"region\" aria-roledescription=\"carousel\" aria-label=\"Carrusel de im\u00e1genes\" dir=\"ltr\">\n\t\t\t<div class=\"elementor-image-carousel swiper-wrapper\" aria-live=\"off\">\n\t\t\t\t\t\t\t\t<div class=\"swiper-slide\" role=\"group\" aria-roledescription=\"slide\" aria-label=\"1 de 5\"><figure class=\"swiper-slide-inner\"><img decoding=\"async\" class=\"swiper-slide-image\" src=\"https:\/\/www.serviciosaludaysen.cl\/wp-content\/uploads\/2024\/12\/WhatsApp-Image-2024-11-30-at-16.00.12-2-2-768x576.jpeg\" alt=\"WhatsApp Image 2024-11-30 at 16.00.12 (2)\" \/><\/figure><\/div><div class=\"swiper-slide\" role=\"group\" aria-roledescription=\"slide\" aria-label=\"2 de 5\"><figure class=\"swiper-slide-inner\"><img decoding=\"async\" class=\"swiper-slide-image\" src=\"https:\/\/www.serviciosaludaysen.cl\/wp-content\/uploads\/2024\/12\/WhatsApp-Image-2024-11-30-at-16.00.13-2-2-768x576.jpeg\" alt=\"WhatsApp Image 2024-11-30 at 16.00.13 (2)\" \/><\/figure><\/div><div class=\"swiper-slide\" role=\"group\" aria-roledescription=\"slide\" aria-label=\"3 de 5\"><figure class=\"swiper-slide-inner\"><img decoding=\"async\" class=\"swiper-slide-image\" src=\"https:\/\/www.serviciosaludaysen.cl\/wp-content\/uploads\/2024\/12\/cosoc-2-768x576.jpeg\" alt=\"cosoc\" \/><\/figure><\/div><div class=\"swiper-slide\" role=\"group\" aria-roledescription=\"slide\" aria-label=\"4 de 5\"><figure class=\"swiper-slide-inner\"><img decoding=\"async\" class=\"swiper-slide-image\" src=\"https:\/\/www.serviciosaludaysen.cl\/wp-content\/uploads\/2024\/12\/WhatsApp-Image-2024-11-30-at-16.00.13-3-2-768x576.jpeg\" alt=\"WhatsApp Image 2024-11-30 at 16.00.13 (3)\" \/><\/figure><\/div><div class=\"swiper-slide\" role=\"group\" aria-roledescription=\"slide\" aria-label=\"5 de 5\"><figure class=\"swiper-slide-inner\"><img decoding=\"async\" class=\"swiper-slide-image\" src=\"https:\/\/www.serviciosaludaysen.cl\/wp-content\/uploads\/2024\/12\/WhatsApp-Image-2024-11-30-at-16.00.14-2-2-768x576.jpeg\" alt=\"WhatsApp Image 2024-11-30 at 16.00.14 (2)\" \/><\/figure><\/div>\t\t\t<\/div>\n\t\t\t\t\t\t\t\t\t\t\t\t<div class=\"elementor-swiper-button elementor-swiper-button-prev\" role=\"button\" tabindex=\"0\">\n\t\t\t\t\t\t<svg aria-hidden=\"true\" class=\"e-font-icon-svg e-eicon-chevron-left\" viewBox=\"0 0 1000 1000\" xmlns=\"http:\/\/www.w3.org\/2000\/svg\"><path d=\"M646 125C629 125 613 133 604 142L308 442C296 454 292 471 292 487 292 504 296 521 308 533L604 854C617 867 629 875 646 875 663 875 679 871 692 858 704 846 713 829 713 812 713 796 708 779 692 767L438 487 692 225C700 217 708 204 708 187 708 171 704 154 692 142 675 129 663 125 646 125Z\"><\/path><\/svg>\t\t\t\t\t<\/div>\n\t\t\t\t\t<div class=\"elementor-swiper-button elementor-swiper-button-next\" role=\"button\" tabindex=\"0\">\n\t\t\t\t\t\t<svg aria-hidden=\"true\" class=\"e-font-icon-svg e-eicon-chevron-right\" viewBox=\"0 0 1000 1000\" xmlns=\"http:\/\/www.w3.org\/2000\/svg\"><path d=\"M696 533C708 521 713 504 713 487 713 471 708 454 696 446L400 146C388 133 375 125 354 125 338 125 325 129 313 142 300 154 292 171 292 187 292 204 296 221 308 233L563 492 304 771C292 783 288 800 288 817 288 833 296 850 308 863 321 871 338 875 354 875 371 875 388 867 400 854L696 533Z\"><\/path><\/svg>\t\t\t\t\t<\/div>\n\t\t\t\t\n\t\t\t\t\t\t\t\t\t<div class=\"swiper-pagination\"><\/div>\n\t\t\t\t\t\t\t\t\t<\/div>\n\t\t\t\t\t\t<\/div>\n\t\t\t\t<\/div>\n\t\t\t\t\t<\/div>\n\t\t\t\t<\/div>\n\t\t<div class=\"elementor-element elementor-element-3d46ed6 e-flex e-con-boxed e-con e-parent\" data-id=\"3d46ed6\" data-element_type=\"container\">\n\t\t\t\t\t<div class=\"e-con-inner\">\n\t\t\t\t<div class=\"elementor-element elementor-element-743bb64 elementor-widget elementor-widget-text-editor\" data-id=\"743bb64\" data-element_type=\"widget\" data-widget_type=\"text-editor.default\">\n\t\t\t\t<div class=\"elementor-widget-container\">\n\t\t\t\t\t\t\t\t\t<ul>\n<li style=\"font-weight: 400;\"><em><strong>En la sesi\u00f3n de instalaci\u00f3n, los ocho integrantes del Consejo eligieron a la vicepresidenta y su subrogante para el periodo 2025-2027.<\/strong><\/em><\/li>\n<\/ul>\n<p style=\"font-weight: 400;\">En un importante paso hacia la participaci\u00f3n ciudadana y el fortalecimiento de los lazos entre la comunidad y el Servicio de Salud Ays\u00e9n, (SSA) se llev\u00f3 a cabo la ceremonia de instalaci\u00f3n del Consejo de la Sociedad Civil Regional (COSOC) Regional para el periodo 2025-2027. Este organismo, conformado por representantes de diversas organizaciones sociales, ser\u00e1 clave en la articulaci\u00f3n de propuestas y demandas que involucran al sector salud.<\/p>\n<p style=\"font-weight: 400;\">Durante la sesi\u00f3n, presidida por el director del Servicio de Salud Ays\u00e9n, Juan Pablo Bravo Quintana, se revis\u00f3 el proceso eleccionario, se present\u00f3 la estructura y competencias del COSOC y se definieron los roles directivos. Como vicepresidenta fue elegida Ximena Ru\u00edz, representante de la Agrupaci\u00f3n Social Cultural Solidaria Ays\u00e9n y como vicepresidenta subrogante, Francisca Ronda, del Consejo Consultivo de Salud del Hospital de Puerto Ays\u00e9n.<\/p>\n<p style=\"font-weight: 400;\">Los integrantes del COSOC tambi\u00e9n definieron la modalidad y periodicidad de sus reuniones, proyect\u00e1ndose como un espacio representativo que considera las demandas de todas las comunas de la regi\u00f3n, desde Guaitecas hasta Villa O\u2019Higgins.<\/p>\n<p style=\"font-weight: 400;\">\u00a0<\/p>\n<p style=\"font-weight: 400;\"><strong>Voces del COSOC<\/strong><\/p>\n<p style=\"font-weight: 400;\">El director del Servicio de Salud Ays\u00e9n y presidente del COSOC, Juan Pablo Bravo Quintana, destac\u00f3 la relevancia de este consejo.<\/p>\n<p style=\"font-weight: 400;\"><i>\u201cE<\/i>speramos tener todas las inquietudes de la comunidad y transmitirlas tambi\u00e9n al equipo directivo de la Direcci\u00f3n del Servicio para trabajar en conjunto y seguir mejorando las distintas tem\u00e1ticas como: Salud Mental, infraestructura, \u00e1mbito hospitalario, Atenci\u00f3n Primaria de Salud, entre otras \u00e1reas para trabajar en conjunto por una mejor salud en Ays\u00e9n\u201d, manifest\u00f3 Bravo Quintana.<\/p>\n<p style=\"font-weight: 400;\">Por su parte,\u00a0la vicepresidenta del COSOC, Ximena Ruiz, acot\u00f3: \u201cLo que esperamos es mejorar y avanzar en los procesos de salud, apoyando al Servicio de Salud y a la regi\u00f3n. Somos consejeros regionales, y aunque cada uno representa a su comuna y localidad, nuestro objetivo es dar lo mejor para mejorar la salud en toda la regi\u00f3n. Queremos llegar a las localidades m\u00e1s apartadas, que muchas veces no tienen representaci\u00f3n. Estos tres a\u00f1os ser\u00e1n de trabajo arduo para avanzar en lo que la gente realmente necesita: una mejor salud\u201d.<\/p>\n<p style=\"font-weight: 400;\">En esa misma l\u00ednea, Francisca Ronda, vicepresidenta (s) del COSOC del Servicio de Salud Ays\u00e9n, expres\u00f3: \u201cEstoy muy contenta de que la comuna de Ays\u00e9n pueda participar en este importante hito. Esto nos permite descentralizar y contribuir a nivel regional, preocup\u00e1ndonos por la salud de nuestros vecinos y nuestra comunidad\u201d.<\/p>\n<p style=\"font-weight: 400;\"><b>Consejeros Electos<\/b><\/p>\n<p style=\"font-weight: 400;\">El COSOC Regional del Servicio de Salud Ays\u00e9n est\u00e1 compuesto por:<\/p>\n<ul>\n<li style=\"font-weight: 400;\">\u00a0\u00a0\u00a0\u00a0\u00a0\u00a0\u00a0<b>Hugo Soto Orellana<\/b>\u00a0(Asociaci\u00f3n de Funcionarios FENATS, Servicio de Salud Ays\u00e9n).<\/li>\n<li style=\"font-weight: 400;\">\u00a0\u00a0\u00a0\u00a0\u00a0\u00a0\u00a0<b>V\u00edctor Soto Guzm\u00e1n<\/b>\u00a0(Federaci\u00f3n Regional de Uniones Comunales de Personas Mayores).<\/li>\n<li style=\"font-weight: 400;\">\u00a0\u00a0\u00a0\u00a0\u00a0\u00a0\u00a0<b>\u00c1ngela Ximena Ru\u00edz Reimapo<\/b>\u00a0(Agrupaci\u00f3n Social Cultural Solidaria Ays\u00e9n).<\/li>\n<li style=\"font-weight: 400;\">\u00a0\u00a0\u00a0\u00a0\u00a0\u00a0\u00a0<b>Macarena Medrano Villagra<\/b>\u00a0(CORFAUSAM2).<\/li>\n<li style=\"font-weight: 400;\">\u00a0\u00a0\u00a0\u00a0\u00a0\u00a0\u00a0<b>Francisca Ronda Valdevellano<\/b>\u00a0(Consejo Consultivo de Salud Hospital de Puerto Ays\u00e9n).<\/li>\n<li style=\"font-weight: 400;\">\u00a0\u00a0\u00a0\u00a0\u00a0\u00a0\u00a0<b>Graciela Amigo Santander<\/b>\u00a0(Consejo de Desarrollo Consultorio V\u00edctor Domingo Silva).<\/li>\n<li style=\"font-weight: 400;\">\u00a0\u00a0\u00a0\u00a0\u00a0\u00a0\u00a0<b>Roberto Haro Vargas<\/b>\u00a0(Asociaci\u00f3n Asperger Patagonia).<\/li>\n<\/ul>\n<p style=\"font-weight: 400;\">Este consejo trabajar\u00e1 activamente durante los pr\u00f3ximos tres a\u00f1os, consolid\u00e1ndose como un puente efectivo entre la ciudadan\u00eda y el Servicio de Salud Ays\u00e9n.<\/p>\t\t\t\t\t\t\t\t<\/div>\n\t\t\t\t<\/div>\n\t\t\t\t\t<\/div>\n\t\t\t\t<\/div>\n\t\t\t\t<\/div>\n\t\t","protected":false},"excerpt":{"rendered":"<p>En la sesi\u00f3n de instalaci\u00f3n, los ocho integrantes del Consejo eligieron a la vicepresidenta y su subrogante para el periodo [&hellip;]<\/p>\n","protected":false},"author":1,"featured_media":3510,"comment_status":"open","ping_status":"open","sticky":false,"template":"","format":"standard","meta":{"_eb_attr":"","site-sidebar-layout":"default","site-content-layout":"","ast-site-content-layout":"","site-content-style":"default","site-sidebar-style":"default","ast-global-header-display":"","ast-banner-title-visibility":"","ast-main-header-display":"","ast-hfb-above-header-display":"","ast-hfb-below-header-display":"","ast-hfb-mobile-header-display":"","site-post-title":"","ast-breadcrumbs-content":"","ast-featured-img":"disabled","footer-sml-layout":"","theme-transparent-header-meta":"","adv-header-id-meta":"","stick-header-meta":"","header-above-stick-meta":"","header-main-stick-meta":"","header-below-stick-meta":"","astra-migrate-meta-layouts":"default","ast-page-background-enabled":"default","ast-page-background-meta":{"desktop":{"background-color":"var(--ast-global-color-4)","background-image":"","background-repeat":"repeat","background-position":"center center","background-size":"auto","background-attachment":"scroll","background-type":"","background-media":"","overlay-type":"","overlay-color":"","overlay-opacity":"","overlay-gradient":""},"tablet":{"background-color":"","background-image":"","background-repeat":"repeat","background-position":"center center","background-size":"auto","background-attachment":"scroll","background-type":"","background-media":"","overlay-type":"","overlay-color":"","overlay-opacity":"","overlay-gradient":""},"mobile":{"background-color":"","background-image":"","background-repeat":"repeat","background-position":"center center","background-size":"auto","background-attachment":"scroll","background-type":"","background-media":"","overlay-type":"","overlay-color":"","overlay-opacity":"","overlay-gradient":""}},"ast-content-background-meta":{"desktop":{"background-color":"var(--ast-global-color-5)","background-image":"","background-repeat":"repeat","background-position":"center center","background-size":"auto","background-attachment":"scroll","background-type":"","background-media":"","overlay-type":"","overlay-color":"","overlay-opacity":"","overlay-gradient":""},"tablet":{"background-color":"var(--ast-global-color-5)","background-image":"","background-repeat":"repeat","background-position":"center center","background-size":"auto","background-attachment":"scroll","background-type":"","background-media":"","overlay-type":"","overlay-color":"","overlay-opacity":"","overlay-gradient":""},"mobile":{"background-color":"var(--ast-global-color-5)","background-image":"","background-repeat":"repeat","background-position":"center center","background-size":"auto","background-attachment":"scroll","background-type":"","background-media":"","overlay-type":"","overlay-color":"","overlay-opacity":"","overlay-gradient":""}},"footnotes":""},"categories":[1],"tags":[],"class_list":["post-3501","post","type-post","status-publish","format-standard","has-post-thumbnail","hentry","category-noticias"],"_links":{"self":[{"href":"https:\/\/www.serviciosaludaysen.cl\/index.php\/wp-json\/wp\/v2\/posts\/3501","targetHints":{"allow":["GET"]}}],"collection":[{"href":"https:\/\/www.serviciosaludaysen.cl\/index.php\/wp-json\/wp\/v2\/posts"}],"about":[{"href":"https:\/\/www.serviciosaludaysen.cl\/index.php\/wp-json\/wp\/v2\/types\/post"}],"author":[{"embeddable":true,"href":"https:\/\/www.serviciosaludaysen.cl\/index.php\/wp-json\/wp\/v2\/users\/1"}],"replies":[{"embeddable":true,"href":"https:\/\/www.serviciosaludaysen.cl\/index.php\/wp-json\/wp\/v2\/comments?post=3501"}],"version-history":[{"count":5,"href":"https:\/\/www.serviciosaludaysen.cl\/index.php\/wp-json\/wp\/v2\/posts\/3501\/revisions"}],"predecessor-version":[{"id":3517,"href":"https:\/\/www.serviciosaludaysen.cl\/index.php\/wp-json\/wp\/v2\/posts\/3501\/revisions\/3517"}],"wp:featuredmedia":[{"embeddable":true,"href":"https:\/\/www.serviciosaludaysen.cl\/index.php\/wp-json\/wp\/v2\/media\/3510"}],"wp:attachment":[{"href":"https:\/\/www.serviciosaludaysen.cl\/index.php\/wp-json\/wp\/v2\/media?parent=3501"}],"wp:term":[{"taxonomy":"category","embeddable":true,"href":"https:\/\/www.serviciosaludaysen.cl\/index.php\/wp-json\/wp\/v2\/categories?post=3501"},{"taxonomy":"post_tag","embeddable":true,"href":"https:\/\/www.serviciosaludaysen.cl\/index.php\/wp-json\/wp\/v2\/tags?post=3501"}],"curies":[{"name":"wp","href":"https:\/\/api.w.org\/{rel}","templated":true}]}}