{"id":3213,"date":"2024-10-15T09:33:05","date_gmt":"2024-10-15T12:33:05","guid":{"rendered":"https:\/\/www.serviciosaludaysen.cl\/?p=3213"},"modified":"2024-10-15T09:37:18","modified_gmt":"2024-10-15T12:37:18","slug":"mas-de-150-personas-asistieron-al-iii-congreso-patagonia-aysen-saludable-que-abordo-la-salud-mental","status":"publish","type":"post","link":"https:\/\/www.serviciosaludaysen.cl\/index.php\/2024\/10\/15\/mas-de-150-personas-asistieron-al-iii-congreso-patagonia-aysen-saludable-que-abordo-la-salud-mental\/","title":{"rendered":"M\u00e1s de 150 personas asistieron al III Congreso Patagonia Ays\u00e9n Saludable que abord\u00f3 la Salud Mental"},"content":{"rendered":"\t\t<div data-elementor-type=\"wp-post\" data-elementor-id=\"3213\" class=\"elementor elementor-3213\">\n\t\t\t\t<div class=\"elementor-element elementor-element-7386f0e e-flex e-con-boxed e-con e-parent\" data-id=\"7386f0e\" data-element_type=\"container\">\n\t\t\t\t\t<div class=\"e-con-inner\">\n\t\t\t\t<div class=\"elementor-element elementor-element-e62149e elementor-widget elementor-widget-text-editor\" data-id=\"e62149e\" data-element_type=\"widget\" data-widget_type=\"text-editor.default\">\n\t\t\t\t<div class=\"elementor-widget-container\">\n\t\t\t\t\t\t\t\t\t<p style=\"font-weight: 400; text-align: left;\">Esta instancia se ha consolidado como un evento cient\u00edfico de gran impacto en la regi\u00f3n desde sus inicios. Este a\u00f1o cumple su tercera versi\u00f3n y si bien en las ediciones anteriores se han abordado temas de alimentaci\u00f3n y h\u00e1bitos saludables, esta edici\u00f3n se focaliz\u00f3 en desmenuzar la salud mental, como un componente fundamental en el bienestar integral de las personas de forma individual y comunitaria.<\/p><p style=\"font-weight: 400; text-align: left;\">\u201cDesde la regi\u00f3n de Ays\u00e9n siempre hablamos del centralismo del resto del pa\u00eds y dentro de nuestra regi\u00f3n tambi\u00e9n tenemos un grado de centralismo, porque muchas de las actividades se concentran en la capital regional y de all\u00ed la importancia de poder acompa\u00f1ar a la comunidad, a la poblaci\u00f3n de esta hermosa provincia de Ays\u00e9n y ac\u00e1 en Puerto Chacabuco d\u00e1ndole el vamos a este excelente Congreso con una muy masiva presencia, no solo de trabajadores, de entidades p\u00fablicas, sino de la comunidad y sus representantes comunitarios. Estamos muy contentos, sin duda\u201d, precis\u00f3 Rodrigo Verdugo, sub director de Gesti\u00f3n Asistencial del Servicio de Salud Ays\u00e9n (SSA).<\/p><p style=\"font-weight: 400; text-align: left;\">El objetivo central del Congreso Patagonia Saludable es generar espacios de di\u00e1logo entre exponentes expertos en temas de salud mental y la comunidad, a la vez de abrir momentos de discusi\u00f3n y debate acerca de esta materia. \u201cHemos logrado que asistan m\u00e1s de 120 asistentes presenciales y m\u00e1s de 50 virtuales que han estado visualizando el streaming y estamos expectantes. Este s\u00e1bado est\u00e1n los talleres muy pr\u00e1cticos y muy de la cotidianeidad de nuestras actividades, as\u00ed que estamos muy felices\u201d, se\u00f1al\u00f3 Mar\u00eda Ignacia Vald\u00e9s, m\u00e9dico directora CECOSF Rivera Sur, Puerto Ays\u00e9n.<\/p><p style=\"font-weight: 400; text-align: left;\">Tambi\u00e9n se busca promover la interacci\u00f3n y la colaboraci\u00f3n con distintos actores del mundo p\u00fablico y privado, entendiendo que la salud mental es un concepto transversal en las sociedades y que ninguna instituci\u00f3n por si sola puede resolver las brechas que existen.<\/p><p style=\"font-weight: 400; text-align: left;\">Hern\u00e1n Barrientos, director del Hospital de Puerto Ays\u00e9n (HPA), junto con destacar la relevancia de estos espacios que re\u00fanen a la comunidad, se\u00f1al\u00f3 que el foco principal es resaltar y profundizar en el trabajo de la salud mental en la comuna y la regi\u00f3n. \u201cEsta actividad es sumamente valiosa, ya que estos \u00faltimos tres a\u00f1os que se ha realizado en Puerto Ays\u00e9n es una tremenda instancia de reuni\u00f3n con profesionales, docentes reconocidos a nivel pa\u00eds e internacional para tratar distintos temas que involucran a la comunidad y c\u00f3mo resaltamos una vida m\u00e1s saludable y eso es lo que nos convoca a los funcionarios, funcionarias de salud y el trabajo conjunto para sacar todos estos temas adelante\u201d, puntualiz\u00f3.<\/p><p style=\"font-weight: 400; text-align: left;\">La primera jornada del sexto Congreso Patagonia Ays\u00e9n Saludable cont\u00f3 con la participaci\u00f3n de destacados expositores, como el Neurocient\u00edfico, psic\u00f3logo y comunicador cient\u00edfico, Profesor de la Universidad Diego Portales, fundador del Centro de Estudios en Neurociencia Humana y Neuropsicolog\u00eda (CENHN), Francisco Parada, quien destac\u00f3 la iniciativa ciudadana de la comunidad y su organizaci\u00f3n. \u201cVenimos a conversar con la gente, les contamos experiencias acerca de la literatura que uno maneja, del quehacer profesional, acad\u00e9mico y cl\u00ednico, pero es un espacio de di\u00e1logo y conversaci\u00f3n y co &#8211; dise\u00f1o y colaboraci\u00f3n bidireccional, donde nosotros aprendemos de una realidad que es muy dif\u00edcil de acceder que es el d\u00eda a d\u00eda de la persona que vive en este maravilloso santuario, es un templo natural de una comunidad donde se conocen todos que al momento que pasa alguna dificultad la gente se entera\u201d, acot\u00f3.<\/p><p style=\"font-weight: 400; text-align: left;\"><strong>Comunidad empoderada<\/strong><\/p><p style=\"font-weight: 400; text-align: left;\">El rol de la comunidad es sin duda el mayor activo que tiene el Congreso, son ellos que llegaron en gran n\u00famero a la actividad, quienes discuten, analizan, generan espacios de colaboraci\u00f3n y proyectan el trabajo que se despliega a partir de esta iniciativa. \u201cEs necesario que esto se d\u00e9 a conocer en esta instancia donde la comunidad participa de c\u00f3mo es la alimentaci\u00f3n saludable, de poder vivir un poquito mejor o alargar nuestros a\u00f1os, tanto para nuestros ni\u00f1os, j\u00f3venes y adultos y mayores que se muy importante. Y en una regi\u00f3n que tenemos altos \u00edndices de obesidad entonces que se mantengan este tipo de instancias\u201d, dijo Soledad Ojeda, presidenta del Consejo Consultivo del Hospital de Ays\u00e9n. De esta manera destac\u00f3 la satisfacci\u00f3n de conversar y aprender en conjunto con las personas de las comunidades.<\/p><p style=\"font-weight: 400; text-align: left;\">Mientras Maribel Hern\u00e1ndez, directora sala cuna del HPA, agreg\u00f3 que es \u201cmuy interesantes los temas abordados, desde el apego que trabajamos desde la salud y en sala cuna y que impactante es para el ser humano entender que las relaciones con nuestros primarios impactan en la salud adulta. Tambi\u00e9n el tema de las emociones y el manejo del estr\u00e9s\u201d.<\/p><p style=\"font-weight: 400; text-align: left;\">Por su parte Ingrid Guzm\u00e1n, otra de las asistentes al Congreso Patagonia Ays\u00e9n Saludable, se\u00f1al\u00f3 que \u201chay una necesidad muy latente en Puerto Ays\u00e9n sobre todo con el tema de salud mental, que abarca a todas las personas, de todas las edades y estratos sociales y creo que la informaci\u00f3n que se despliega en el Congreso es fant\u00e1stica, sobre todo por el nivel de los expositores que han tra\u00eddo y nos permite abordar los temas de salud mental desde otra perspectiva\u201d.<\/p><p style=\"font-weight: 400; text-align: left;\">El Congreso cont\u00f3 con el apoyo de instituciones p\u00fablicas y empresas privadas, entre ellas el auspicio de la Sociedad Chilena de Medicina del Estilo de Vida y el Colegio M\u00e9dico.<\/p><p style=\"font-weight: 400; text-align: left;\">Finalmente destacamos el aporte de la empresa privada de la regi\u00f3n y medios de comunicaci\u00f3n locales.<\/p>\t\t\t\t\t\t\t\t<\/div>\n\t\t\t\t<\/div>\n\t\t\t\t\t<\/div>\n\t\t\t\t<\/div>\n\t\t\t\t<\/div>\n\t\t","protected":false},"excerpt":{"rendered":"<p>Esta instancia se ha consolidado como un evento cient\u00edfico de gran impacto en la regi\u00f3n desde sus inicios. Este a\u00f1o [&hellip;]<\/p>\n","protected":false},"author":1,"featured_media":3215,"comment_status":"closed","ping_status":"open","sticky":false,"template":"","format":"standard","meta":{"_eb_attr":"","site-sidebar-layout":"default","site-content-layout":"","ast-site-content-layout":"default","site-content-style":"default","site-sidebar-style":"default","ast-global-header-display":"","ast-banner-title-visibility":"","ast-main-header-display":"","ast-hfb-above-header-display":"","ast-hfb-below-header-display":"","ast-hfb-mobile-header-display":"","site-post-title":"","ast-breadcrumbs-content":"","ast-featured-img":"","footer-sml-layout":"","theme-transparent-header-meta":"","adv-header-id-meta":"","stick-header-meta":"","header-above-stick-meta":"","header-main-stick-meta":"","header-below-stick-meta":"","astra-migrate-meta-layouts":"default","ast-page-background-enabled":"default","ast-page-background-meta":{"desktop":{"background-color":"var(--ast-global-color-4)","background-image":"","background-repeat":"repeat","background-position":"center center","background-size":"auto","background-attachment":"scroll","background-type":"","background-media":"","overlay-type":"","overlay-color":"","overlay-opacity":"","overlay-gradient":""},"tablet":{"background-color":"","background-image":"","background-repeat":"repeat","background-position":"center center","background-size":"auto","background-attachment":"scroll","background-type":"","background-media":"","overlay-type":"","overlay-color":"","overlay-opacity":"","overlay-gradient":""},"mobile":{"background-color":"","background-image":"","background-repeat":"repeat","background-position":"center center","background-size":"auto","background-attachment":"scroll","background-type":"","background-media":"","overlay-type":"","overlay-color":"","overlay-opacity":"","overlay-gradient":""}},"ast-content-background-meta":{"desktop":{"background-color":"var(--ast-global-color-5)","background-image":"","background-repeat":"repeat","background-position":"center center","background-size":"auto","background-attachment":"scroll","background-type":"","background-media":"","overlay-type":"","overlay-color":"","overlay-opacity":"","overlay-gradient":""},"tablet":{"background-color":"var(--ast-global-color-5)","background-image":"","background-repeat":"repeat","background-position":"center center","background-size":"auto","background-attachment":"scroll","background-type":"","background-media":"","overlay-type":"","overlay-color":"","overlay-opacity":"","overlay-gradient":""},"mobile":{"background-color":"var(--ast-global-color-5)","background-image":"","background-repeat":"repeat","background-position":"center center","background-size":"auto","background-attachment":"scroll","background-type":"","background-media":"","overlay-type":"","overlay-color":"","overlay-opacity":"","overlay-gradient":""}},"footnotes":""},"categories":[1],"tags":[],"class_list":["post-3213","post","type-post","status-publish","format-standard","has-post-thumbnail","hentry","category-noticias"],"_links":{"self":[{"href":"https:\/\/www.serviciosaludaysen.cl\/index.php\/wp-json\/wp\/v2\/posts\/3213","targetHints":{"allow":["GET"]}}],"collection":[{"href":"https:\/\/www.serviciosaludaysen.cl\/index.php\/wp-json\/wp\/v2\/posts"}],"about":[{"href":"https:\/\/www.serviciosaludaysen.cl\/index.php\/wp-json\/wp\/v2\/types\/post"}],"author":[{"embeddable":true,"href":"https:\/\/www.serviciosaludaysen.cl\/index.php\/wp-json\/wp\/v2\/users\/1"}],"replies":[{"embeddable":true,"href":"https:\/\/www.serviciosaludaysen.cl\/index.php\/wp-json\/wp\/v2\/comments?post=3213"}],"version-history":[{"count":5,"href":"https:\/\/www.serviciosaludaysen.cl\/index.php\/wp-json\/wp\/v2\/posts\/3213\/revisions"}],"predecessor-version":[{"id":3228,"href":"https:\/\/www.serviciosaludaysen.cl\/index.php\/wp-json\/wp\/v2\/posts\/3213\/revisions\/3228"}],"wp:featuredmedia":[{"embeddable":true,"href":"https:\/\/www.serviciosaludaysen.cl\/index.php\/wp-json\/wp\/v2\/media\/3215"}],"wp:attachment":[{"href":"https:\/\/www.serviciosaludaysen.cl\/index.php\/wp-json\/wp\/v2\/media?parent=3213"}],"wp:term":[{"taxonomy":"category","embeddable":true,"href":"https:\/\/www.serviciosaludaysen.cl\/index.php\/wp-json\/wp\/v2\/categories?post=3213"},{"taxonomy":"post_tag","embeddable":true,"href":"https:\/\/www.serviciosaludaysen.cl\/index.php\/wp-json\/wp\/v2\/tags?post=3213"}],"curies":[{"name":"wp","href":"https:\/\/api.w.org\/{rel}","templated":true}]}}