{"id":1605,"date":"2024-07-26T12:40:51","date_gmt":"2024-07-26T15:40:51","guid":{"rendered":"https:\/\/www.serviciosaludaysen.cl\/?p=1605"},"modified":"2024-07-26T12:46:51","modified_gmt":"2024-07-26T15:46:51","slug":"un-gran-paso-adelante-entrega-de-terreno-para-la-construccion-del-nuevo-centro-de-salud-mental-en-aysen","status":"publish","type":"post","link":"https:\/\/www.serviciosaludaysen.cl\/index.php\/2024\/07\/26\/un-gran-paso-adelante-entrega-de-terreno-para-la-construccion-del-nuevo-centro-de-salud-mental-en-aysen\/","title":{"rendered":"Un gran paso adelante: Entrega de Terreno para la Construcci\u00f3n del Nuevo Centro de Salud Mental en Ays\u00e9n"},"content":{"rendered":"\t\t<div data-elementor-type=\"wp-post\" data-elementor-id=\"1605\" class=\"elementor elementor-1605\">\n\t\t\t\t<div class=\"elementor-element elementor-element-4c2f0de5 e-flex e-con-boxed e-con e-parent\" data-id=\"4c2f0de5\" data-element_type=\"container\">\n\t\t\t\t\t<div class=\"e-con-inner\">\n\t\t\t\t<div class=\"elementor-element elementor-element-6d9606b elementor-arrows-position-inside elementor-pagination-position-outside elementor-widget elementor-widget-image-carousel\" data-id=\"6d9606b\" data-element_type=\"widget\" data-settings=\"{&quot;slides_to_show&quot;:&quot;1&quot;,&quot;navigation&quot;:&quot;both&quot;,&quot;autoplay&quot;:&quot;yes&quot;,&quot;pause_on_hover&quot;:&quot;yes&quot;,&quot;pause_on_interaction&quot;:&quot;yes&quot;,&quot;autoplay_speed&quot;:5000,&quot;infinite&quot;:&quot;yes&quot;,&quot;effect&quot;:&quot;slide&quot;,&quot;speed&quot;:500}\" data-widget_type=\"image-carousel.default\">\n\t\t\t\t<div class=\"elementor-widget-container\">\n\t\t\t\t\t\t\t<div class=\"elementor-image-carousel-wrapper swiper\" role=\"region\" aria-roledescription=\"carousel\" aria-label=\"Carrusel de im\u00e1genes\" dir=\"ltr\">\n\t\t\t<div class=\"elementor-image-carousel swiper-wrapper\" aria-live=\"off\">\n\t\t\t\t\t\t\t\t<div class=\"swiper-slide\" role=\"group\" aria-roledescription=\"slide\" aria-label=\"1 de 6\"><figure class=\"swiper-slide-inner\"><img decoding=\"async\" class=\"swiper-slide-image\" src=\"https:\/\/www.serviciosaludaysen.cl\/wp-content\/uploads\/2024\/07\/FOTO-COSAM-AYSEN-1-768x576.jpeg\" alt=\"FOTO COSAM AYS\u00c9N.\" \/><\/figure><\/div><div class=\"swiper-slide\" role=\"group\" aria-roledescription=\"slide\" aria-label=\"2 de 6\"><figure class=\"swiper-slide-inner\"><img decoding=\"async\" class=\"swiper-slide-image\" src=\"https:\/\/www.serviciosaludaysen.cl\/wp-content\/uploads\/2024\/07\/COSAM-AYSEN-7-768x576.jpeg\" alt=\"COSAM AYS\u00c9N 7\" \/><\/figure><\/div><div class=\"swiper-slide\" role=\"group\" aria-roledescription=\"slide\" aria-label=\"3 de 6\"><figure class=\"swiper-slide-inner\"><img decoding=\"async\" class=\"swiper-slide-image\" src=\"https:\/\/www.serviciosaludaysen.cl\/wp-content\/uploads\/2024\/07\/COSAM-AYSEN-4-768x576.jpeg\" alt=\"COSAM AYS\u00c9N 4\" \/><\/figure><\/div><div class=\"swiper-slide\" role=\"group\" aria-roledescription=\"slide\" aria-label=\"4 de 6\"><figure class=\"swiper-slide-inner\"><img decoding=\"async\" class=\"swiper-slide-image\" src=\"https:\/\/www.serviciosaludaysen.cl\/wp-content\/uploads\/2024\/07\/COSAM-AYSEN-5-768x576.jpeg\" alt=\"COSAM AYS\u00c9N 5\" \/><\/figure><\/div><div class=\"swiper-slide\" role=\"group\" aria-roledescription=\"slide\" aria-label=\"5 de 6\"><figure class=\"swiper-slide-inner\"><img decoding=\"async\" class=\"swiper-slide-image\" src=\"https:\/\/www.serviciosaludaysen.cl\/wp-content\/uploads\/2024\/07\/COSAM-AYSEN-3-768x576.jpeg\" alt=\"COSAM AYS\u00c9N 3\" \/><\/figure><\/div><div class=\"swiper-slide\" role=\"group\" aria-roledescription=\"slide\" aria-label=\"6 de 6\"><figure class=\"swiper-slide-inner\"><img decoding=\"async\" class=\"swiper-slide-image\" src=\"https:\/\/www.serviciosaludaysen.cl\/wp-content\/uploads\/2024\/07\/COSAM-AYSEN-6-768x576.jpeg\" alt=\"COSAM AYS\u00c9N 6\" \/><\/figure><\/div>\t\t\t<\/div>\n\t\t\t\t\t\t\t\t\t\t\t\t<div class=\"elementor-swiper-button elementor-swiper-button-prev\" role=\"button\" tabindex=\"0\">\n\t\t\t\t\t\t<svg aria-hidden=\"true\" class=\"e-font-icon-svg e-eicon-chevron-left\" viewBox=\"0 0 1000 1000\" xmlns=\"http:\/\/www.w3.org\/2000\/svg\"><path d=\"M646 125C629 125 613 133 604 142L308 442C296 454 292 471 292 487 292 504 296 521 308 533L604 854C617 867 629 875 646 875 663 875 679 871 692 858 704 846 713 829 713 812 713 796 708 779 692 767L438 487 692 225C700 217 708 204 708 187 708 171 704 154 692 142 675 129 663 125 646 125Z\"><\/path><\/svg>\t\t\t\t\t<\/div>\n\t\t\t\t\t<div class=\"elementor-swiper-button elementor-swiper-button-next\" role=\"button\" tabindex=\"0\">\n\t\t\t\t\t\t<svg aria-hidden=\"true\" class=\"e-font-icon-svg e-eicon-chevron-right\" viewBox=\"0 0 1000 1000\" xmlns=\"http:\/\/www.w3.org\/2000\/svg\"><path d=\"M696 533C708 521 713 504 713 487 713 471 708 454 696 446L400 146C388 133 375 125 354 125 338 125 325 129 313 142 300 154 292 171 292 187 292 204 296 221 308 233L563 492 304 771C292 783 288 800 288 817 288 833 296 850 308 863 321 871 338 875 354 875 371 875 388 867 400 854L696 533Z\"><\/path><\/svg>\t\t\t\t\t<\/div>\n\t\t\t\t\n\t\t\t\t\t\t\t\t\t<div class=\"swiper-pagination\"><\/div>\n\t\t\t\t\t\t\t\t\t<\/div>\n\t\t\t\t\t\t<\/div>\n\t\t\t\t<\/div>\n\t\t\t\t\t<\/div>\n\t\t\t\t<\/div>\n\t\t<div class=\"elementor-element elementor-element-1be32bb0 e-flex e-con-boxed e-con e-parent\" data-id=\"1be32bb0\" data-element_type=\"container\">\n\t\t\t\t\t<div class=\"e-con-inner\">\n\t\t\t\t<div class=\"elementor-element elementor-element-153dcd55 elementor-widget elementor-widget-text-editor\" data-id=\"153dcd55\" data-element_type=\"widget\" data-widget_type=\"text-editor.default\">\n\t\t\t\t<div class=\"elementor-widget-container\">\n\t\t\t\t\t\t\t\t\t\n<p>En una ceremonia significativa para la comunidad de Ays\u00e9n, se realiz\u00f3 la entrega oficial del terreno destinado a la construcci\u00f3n del nuevo Centro Comunitario de Salud Mental Familiar, (COSAM). Esta iniciativa, tan esperada y anhelada, marca un hito en la mejora de los servicios de salud mental en la regi\u00f3n, sobre todo en la zona norte del territorio, garantizando atenci\u00f3n especializada y de calidad a quienes m\u00e1s lo necesitan.<\/p>\n\n\n\n<p>La comunidad recibi\u00f3 con entusiasmo la noticia, manifestando su apoyo y esperanza en las mejoras que traer\u00e1 este nuevo centro. Para muchos, representa una oportunidad de recibir tratamiento y apoyo en un entorno seguro y especializado, que viene a mejorar la calidad de vida de las ni\u00f1as, ni\u00f1os, j\u00f3venes, adultos y personas mayores de la comuna porte\u00f1a.<\/p>\n\n\n\n<p>\u201cPara nosotros es muy importante tener el COSAM de salud mental ac\u00e1 en el centro de la ciudad. Salud mental antiguamente estaba al lado de poli-psiquiatr\u00eda (\u2026) el diagn\u00f3stico de Autismo se est\u00e1 manifestando mucho, est\u00e1 creciendo y tambi\u00e9n \u00edndices de suicidio ac\u00e1 en regi\u00f3n\u201d, expres\u00f3 Juan Cabrera, Gallardos, padre de la Agrupaci\u00f3n Cea de Puerto Ays\u00e9n.<\/p>\n\n\n\n<figure class=\"wp-block-audio\"><audio controls src=\"https:\/\/www.serviciosaludaysen.cl\/wp-content\/uploads\/2024\/07\/CUNA-JUAN-CABRERA-AGRUPACION-CEA.mp3\"><\/audio><\/figure>\n\n\n\n<p>El nuevo COSAM contar\u00e1 con modernas instalaciones y equipamiento, dise\u00f1ados para ofrecer una amplia gama de servicios, incluyendo consultas psicol\u00f3gicas, psiqui\u00e1tricas, terapias grupales e individuales, y programas de rehabilitaci\u00f3n.<\/p>\n\n\n\n<p>En palabras del director (S) del Servicio de Salud de Ays\u00e9n (SSA), \u201cser\u00e1n diferentes prestaciones que van en el \u00e1mbito de la salud mental con un enfoque comunitario, hoy hicimos entrega de este dispositivo que es un camino que empezamos a recorrer en conjunto, porque esta es la etapa uno de la habilitaci\u00f3n del COSAM para Puerto Ays\u00e9n, con la llegada de nuevos profesionales, una dependencia que va a contar con seis boxes y con toda la infraestructura y equipamiento adecuado\u201d, manifest\u00f3 Mauricio Cort\u00e9s Molina, director (S) del SSA.<\/p>\n\n\n\n<figure class=\"wp-block-audio\"><audio controls src=\"https:\/\/www.serviciosaludaysen.cl\/wp-content\/uploads\/2024\/07\/CUNA-MAURICIO-CORTES-DIRECTOR-S-SSA.mp3\"><\/audio><\/figure>\n\n\n\n<p>El terreno fue entregado a la empresa constructora, V\u00edctor del Carmen Arteaga Arteaga, financiado por el Servicio de Salud Ays\u00e9n, con una suma de $358.190.000, que representa una inversi\u00f3n significativa en el futuro de la salud mental en la comuna. Se espera que la construcci\u00f3n del centro concluya en un plazo de 150 d\u00edas corridos, con un plan de apertura previsto para principios del 2025.<\/p>\n\n\n\n<p>La entrega cont\u00f3 con la presencia de autoridades locales, funcionarias del sector salud y miembros de la comunidad. En su discurso, el delegado (S) de la Provincia de Ays\u00e9n, record\u00f3 el compromiso del Gobierno con el bienestar mental de la poblaci\u00f3n de la comuna Porte\u00f1a.<\/p>\n\n\n\n<p>\u201cEste es uno de los ejemplos del Gobierno del presidente Gabriel Boric, en que una casa que se utilizaba antes para la Delegaci\u00f3n Presidencial haya sido entregada al Ministerio de Bienes Nacionales, para que se reasignar\u00e1 con un prop\u00f3sito colectivo y social de mejorar la calidad de vida de nuestras vecinas y vecinos de la regi\u00f3n de Ays\u00e9n\u201d, acot\u00f3 Sebasti\u00e1n Vega, delegado (S) de la Delegaci\u00f3n Provincial de Ays\u00e9n.<\/p>\n\n\n\n<figure class=\"wp-block-audio\"><audio controls src=\"https:\/\/www.serviciosaludaysen.cl\/wp-content\/uploads\/2024\/07\/CUNA-SEBASTIAN-VEGA-DELEGADO-S-PROVINCIA-DE-AYSEN.mp3\"><\/audio><\/figure>\n\n\n\n<p>En esa misma l\u00ednea, el alcalde de Ays\u00e9n manifest\u00f3 su apoyo y compromiso por avanzar y trabajar junto al Servicio de Salud Ays\u00e9n, por la salud mental de las personas de la zona norte de la regi\u00f3n.<\/p>\n\n\n\n<p>\u201cPara la comuna de Ays\u00e9n, es un hito muy importante, es algo que est\u00e1bamos esperando hace mucho tiempo, la demanda de nuestra poblaci\u00f3n respecto a profesionales en materia de salud mental, (\u2026) se agradece el esfuerzo que est\u00e1 haciendo el Servicio de Salud Ays\u00e9n y de todos los funcionarios que trabajan aqu\u00ed y como alcalde de esta comuna no me queda m\u00e1s que apoyar y avanzar en estas iniciativas\u201d, acot\u00f3 Julio Uribe Alvarado, alcalde de la ciudad de Puerto Ays\u00e9n.<\/p>\n\n\n\n<figure class=\"wp-block-audio\"><audio controls src=\"https:\/\/www.serviciosaludaysen.cl\/wp-content\/uploads\/2024\/07\/CUNA-ALCALDE-JULIO-URIBE.mp3\"><\/audio><\/figure>\n\n\n\n<p>La entrega del terreno es solo el primer paso de un proyecto ambicioso que promete transformar la atenci\u00f3n de salud mental en Ays\u00e9n, brindando esperanza y mejor calidad de vida a sus habitantes.<\/p>\n\n\n\n<p><strong>Nuevo director COSAM de Puerto Ays\u00e9n.<\/strong><\/p>\n\n\n\n<p>Adem\u00e1s de la firma de entrega de terreno, la comunidad conoci\u00f3 al nuevo director del COSAM de Puerto Ays\u00e9n, Hans Haverbeck C\u00e1rdenas, quien cuenta con una destacada trayectoria en el campo de la salud mental y un firme compromiso con el bienestar de la comunidad.<\/p>\n\n\n\n<p>\u201cEs un proyecto que viene a reforzar nuestra Red Asistencial en las tem\u00e1ticas de salud mental, instalando un dispositivo con un enfoque de trabajo comunitario, en donde la comunidad y los usuarios son parte importante de la vinculaci\u00f3n a la gesti\u00f3n propia de nuestro establecimiento\u201d, coment\u00f3 el nuevo director del COSAM de Puerto Ays\u00e9n.<\/p>\n\n\n\n<figure class=\"wp-block-audio\"><audio controls src=\"https:\/\/www.serviciosaludaysen.cl\/wp-content\/uploads\/2024\/07\/DIRECTOR-COSAM-AYSEN.mp3\"><\/audio><\/figure>\n\n\n\n<p>Por \u00faltimo, cabe mencionar que el terreno se encuentra ubicado en la ex casa de la Gobernaci\u00f3n Provincial de Puerto Ays\u00e9n, ubicado en calle Bernardo O\u2019Higgins 571.<\/p>\n\t\t\t\t\t\t\t\t<\/div>\n\t\t\t\t<\/div>\n\t\t\t\t\t<\/div>\n\t\t\t\t<\/div>\n\t\t\t\t<\/div>\n\t\t","protected":false},"excerpt":{"rendered":"<p>En una ceremonia significativa para la comunidad de Ays\u00e9n, se realiz\u00f3 la entrega oficial del terreno destinado a la construcci\u00f3n [&hellip;]<\/p>\n","protected":false},"author":1,"featured_media":1606,"comment_status":"closed","ping_status":"open","sticky":false,"template":"","format":"standard","meta":{"_eb_attr":"","site-sidebar-layout":"default","site-content-layout":"","ast-site-content-layout":"default","site-content-style":"default","site-sidebar-style":"default","ast-global-header-display":"","ast-banner-title-visibility":"","ast-main-header-display":"","ast-hfb-above-header-display":"","ast-hfb-below-header-display":"","ast-hfb-mobile-header-display":"","site-post-title":"","ast-breadcrumbs-content":"","ast-featured-img":"disabled","footer-sml-layout":"","theme-transparent-header-meta":"","adv-header-id-meta":"","stick-header-meta":"","header-above-stick-meta":"","header-main-stick-meta":"","header-below-stick-meta":"","astra-migrate-meta-layouts":"default","ast-page-background-enabled":"default","ast-page-background-meta":{"desktop":{"background-color":"var(--ast-global-color-4)","background-image":"","background-repeat":"repeat","background-position":"center center","background-size":"auto","background-attachment":"scroll","background-type":"","background-media":"","overlay-type":"","overlay-color":"","overlay-opacity":"","overlay-gradient":""},"tablet":{"background-color":"","background-image":"","background-repeat":"repeat","background-position":"center center","background-size":"auto","background-attachment":"scroll","background-type":"","background-media":"","overlay-type":"","overlay-color":"","overlay-opacity":"","overlay-gradient":""},"mobile":{"background-color":"","background-image":"","background-repeat":"repeat","background-position":"center center","background-size":"auto","background-attachment":"scroll","background-type":"","background-media":"","overlay-type":"","overlay-color":"","overlay-opacity":"","overlay-gradient":""}},"ast-content-background-meta":{"desktop":{"background-color":"var(--ast-global-color-5)","background-image":"","background-repeat":"repeat","background-position":"center center","background-size":"auto","background-attachment":"scroll","background-type":"","background-media":"","overlay-type":"","overlay-color":"","overlay-opacity":"","overlay-gradient":""},"tablet":{"background-color":"var(--ast-global-color-5)","background-image":"","background-repeat":"repeat","background-position":"center center","background-size":"auto","background-attachment":"scroll","background-type":"","background-media":"","overlay-type":"","overlay-color":"","overlay-opacity":"","overlay-gradient":""},"mobile":{"background-color":"var(--ast-global-color-5)","background-image":"","background-repeat":"repeat","background-position":"center center","background-size":"auto","background-attachment":"scroll","background-type":"","background-media":"","overlay-type":"","overlay-color":"","overlay-opacity":"","overlay-gradient":""}},"footnotes":""},"categories":[1],"tags":[],"class_list":["post-1605","post","type-post","status-publish","format-standard","has-post-thumbnail","hentry","category-noticias"],"_links":{"self":[{"href":"https:\/\/www.serviciosaludaysen.cl\/index.php\/wp-json\/wp\/v2\/posts\/1605","targetHints":{"allow":["GET"]}}],"collection":[{"href":"https:\/\/www.serviciosaludaysen.cl\/index.php\/wp-json\/wp\/v2\/posts"}],"about":[{"href":"https:\/\/www.serviciosaludaysen.cl\/index.php\/wp-json\/wp\/v2\/types\/post"}],"author":[{"embeddable":true,"href":"https:\/\/www.serviciosaludaysen.cl\/index.php\/wp-json\/wp\/v2\/users\/1"}],"replies":[{"embeddable":true,"href":"https:\/\/www.serviciosaludaysen.cl\/index.php\/wp-json\/wp\/v2\/comments?post=1605"}],"version-history":[{"count":5,"href":"https:\/\/www.serviciosaludaysen.cl\/index.php\/wp-json\/wp\/v2\/posts\/1605\/revisions"}],"predecessor-version":[{"id":3222,"href":"https:\/\/www.serviciosaludaysen.cl\/index.php\/wp-json\/wp\/v2\/posts\/1605\/revisions\/3222"}],"wp:featuredmedia":[{"embeddable":true,"href":"https:\/\/www.serviciosaludaysen.cl\/index.php\/wp-json\/wp\/v2\/media\/1606"}],"wp:attachment":[{"href":"https:\/\/www.serviciosaludaysen.cl\/index.php\/wp-json\/wp\/v2\/media?parent=1605"}],"wp:term":[{"taxonomy":"category","embeddable":true,"href":"https:\/\/www.serviciosaludaysen.cl\/index.php\/wp-json\/wp\/v2\/categories?post=1605"},{"taxonomy":"post_tag","embeddable":true,"href":"https:\/\/www.serviciosaludaysen.cl\/index.php\/wp-json\/wp\/v2\/tags?post=1605"}],"curies":[{"name":"wp","href":"https:\/\/api.w.org\/{rel}","templated":true}]}}