{"id":1600,"date":"2024-07-26T12:29:01","date_gmt":"2024-07-26T15:29:01","guid":{"rendered":"https:\/\/www.serviciosaludaysen.cl\/?p=1600"},"modified":"2024-07-26T12:29:03","modified_gmt":"2024-07-26T15:29:03","slug":"region-de-aysen-cuenta-con-nuevo-mamografo-movil-para-fortalecer-la-salud-en-el-territorio","status":"publish","type":"post","link":"https:\/\/www.serviciosaludaysen.cl\/index.php\/2024\/07\/26\/region-de-aysen-cuenta-con-nuevo-mamografo-movil-para-fortalecer-la-salud-en-el-territorio\/","title":{"rendered":"Regi\u00f3n de Ays\u00e9n cuenta con nuevo mam\u00f3grafo m\u00f3vil para fortalecer la salud en el territorio"},"content":{"rendered":"\n<ul class=\"wp-block-list\">\n<li>Para el segundo semestre de este a\u00f1o se esperan realizar m\u00e1s de 1.200 ex\u00e1menes de mamograf\u00edas.<\/li>\n<\/ul>\n\n\n\n<p>En un esfuerzo conjunto para mejorar el acceso a la salud en la regi\u00f3n, el Servicio de Salud Ays\u00e9n adquiri\u00f3 un nuevo mam\u00f3grafo m\u00f3vil, que repone el anterior, gracias al financiamiento proporcionado por el Gobierno Regional de Ays\u00e9n y su Consejo. Este nuevo equipo tiene como objetivo principal facilitar la realizaci\u00f3n de ex\u00e1menes de mamograf\u00eda en las comunas de Coyhaique, Guaitecas, Isla Huichas, zonas rurales y de dif\u00edcil acceso, garantizando as\u00ed una atenci\u00f3n m\u00e9dica oportuna y de calidad para todas las mujeres y hombres de la regi\u00f3n.<\/p>\n\n\n\n<p>El director del Servicio de Salud Ays\u00e9n, Juan Pablo Bravo Quintana, expres\u00f3 su satisfacci\u00f3n con la adquisici\u00f3n de este nuevo equipamiento, destacando su importancia para la detecci\u00f3n temprana del c\u00e1ncer de mama.<\/p>\n\n\n\n<p>\u201cTenemos alrededor de 3.600 pacientes en lista de espera, para una mamograf\u00eda dentro de la regi\u00f3n, este mam\u00f3grafo nos va a permitir de aqu\u00ed a diciembre realizar 1.200 ex\u00e1menes y nuestro compromiso es disminuir los tiempos de espera\u201d, afirm\u00f3.<\/p>\n\n\n\n<p>En esa misma l\u00ednea, el jefe de la Red Asistencial, reafirm\u00f3 el compromiso del presidente Gabriel Boric, de acercar la salud a todas las personas. \u201cEl mam\u00f3grafo nos va a permitir acercar la salud a las comunidades, uno de los compromisos que tenemos, para que puedan realizarse este examen preventivo y prevenir el c\u00e1ncer de mama\u201d, agreg\u00f3 Bravo Quintana.<\/p>\n\n\n\n<p>El mam\u00f3grafo marca Hologic, modelo Selenia Dimensions, tuvo una inversi\u00f3n de $275.795.947, con una garant\u00eda t\u00e9cnica de 24 meses, incluyendo otros equipos complementarios y accesorios para realizaci\u00f3n de otros ex\u00e1menes que requieran las y los pacientes.<\/p>\n\n\n\n<p>\u201cEste es un proyecto, una iniciativa que hace varios a\u00f1os se llev\u00f3 a cabo, pero ahora era necesario reponer el equipo para resolver las listas de espera\u201d, coment\u00f3 Andrea Mac\u00edas Palma, Gobernadora Regional de Ays\u00e9n.<\/p>\n\n\n\n<figure class=\"wp-block-image aligncenter size-large is-resized\"><img fetchpriority=\"high\" decoding=\"async\" width=\"1024\" height=\"576\" src=\"https:\/\/www.serviciosaludaysen.cl\/wp-content\/uploads\/2024\/07\/FOTO-1-1-1024x576.jpeg\" alt=\"\" class=\"wp-image-1602\" style=\"width:792px;height:auto\" srcset=\"https:\/\/www.serviciosaludaysen.cl\/wp-content\/uploads\/2024\/07\/FOTO-1-1-1024x576.jpeg 1024w, https:\/\/www.serviciosaludaysen.cl\/wp-content\/uploads\/2024\/07\/FOTO-1-1-300x169.jpeg 300w, https:\/\/www.serviciosaludaysen.cl\/wp-content\/uploads\/2024\/07\/FOTO-1-1-768x432.jpeg 768w, https:\/\/www.serviciosaludaysen.cl\/wp-content\/uploads\/2024\/07\/FOTO-1-1-1536x864.jpeg 1536w, https:\/\/www.serviciosaludaysen.cl\/wp-content\/uploads\/2024\/07\/FOTO-1-1-600x338.jpeg 600w, https:\/\/www.serviciosaludaysen.cl\/wp-content\/uploads\/2024\/07\/FOTO-1-1.jpeg 1600w\" sizes=\"(max-width: 1024px) 100vw, 1024px\" \/><\/figure>\n\n\n\n<p><strong>Llamado a la Realizaci\u00f3n del Examen<\/strong><\/p>\n\n\n\n<p>Ambas autoridades hicieron un llamado a las personas que residen en la regi\u00f3n a aprovechar este nuevo servicio y realizarse el examen de mamograf\u00eda. \u201cA cualquiera de nosotras nos puede pasar que enfrentemos una situaci\u00f3n de c\u00e1ncer de mama y sabemos que es uno del c\u00e1ncer que m\u00e1s nos afecta, pero adem\u00e1s sabemos que la detecci\u00f3n temprana permite un mejor tratamiento y poder efectivamente lidiar con esta enfermedad\u201d, acot\u00f3 la gobernadora regional de Ays\u00e9n, Andrea Mac\u00edas Palma.<\/p>\n\n\n\n<p>\u201cTodos invitados a que se acerquen a sus centros de salud m\u00e1s cercanos, vamos a comunicar los puntos de tomas de ex\u00e1menes que vamos a realizar durante el segundo semestre de este a\u00f1o\u201d, se\u00f1al\u00f3 el director del Servicio de Salud Ays\u00e9n, Juan Pablo Bravo Quintana.<\/p>\n\n\n\n<p>La implementaci\u00f3n del mam\u00f3grafo m\u00f3vil en la Red del Servicio de Salud Ays\u00e9n representa un avance significativo en la lucha contra el c\u00e1ncer de mama y un compromiso continuo con la salud y el bienestar de las personas. Contando la Red Asistencial con 6 equipos distribuidos a lo largo del territorio.<\/p>\n\n\n\n<figure class=\"wp-block-image aligncenter size-large is-resized\"><img decoding=\"async\" width=\"1024\" height=\"576\" src=\"https:\/\/www.serviciosaludaysen.cl\/wp-content\/uploads\/2024\/07\/FOTO-2-1-1024x576.jpeg\" alt=\"\" class=\"wp-image-1603\" style=\"width:828px;height:auto\" srcset=\"https:\/\/www.serviciosaludaysen.cl\/wp-content\/uploads\/2024\/07\/FOTO-2-1-1024x576.jpeg 1024w, https:\/\/www.serviciosaludaysen.cl\/wp-content\/uploads\/2024\/07\/FOTO-2-1-300x169.jpeg 300w, https:\/\/www.serviciosaludaysen.cl\/wp-content\/uploads\/2024\/07\/FOTO-2-1-768x432.jpeg 768w, https:\/\/www.serviciosaludaysen.cl\/wp-content\/uploads\/2024\/07\/FOTO-2-1-600x338.jpeg 600w, https:\/\/www.serviciosaludaysen.cl\/wp-content\/uploads\/2024\/07\/FOTO-2-1.jpeg 1152w\" sizes=\"(max-width: 1024px) 100vw, 1024px\" \/><\/figure>\n","protected":false},"excerpt":{"rendered":"<p>En un esfuerzo conjunto para mejorar el acceso a la salud en la regi\u00f3n, el Servicio de Salud Ays\u00e9n adquiri\u00f3 [&hellip;]<\/p>\n","protected":false},"author":1,"featured_media":1601,"comment_status":"closed","ping_status":"open","sticky":false,"template":"","format":"standard","meta":{"_eb_attr":"","site-sidebar-layout":"default","site-content-layout":"","ast-site-content-layout":"default","site-content-style":"default","site-sidebar-style":"default","ast-global-header-display":"","ast-banner-title-visibility":"","ast-main-header-display":"","ast-hfb-above-header-display":"","ast-hfb-below-header-display":"","ast-hfb-mobile-header-display":"","site-post-title":"","ast-breadcrumbs-content":"","ast-featured-img":"","footer-sml-layout":"","theme-transparent-header-meta":"","adv-header-id-meta":"","stick-header-meta":"","header-above-stick-meta":"","header-main-stick-meta":"","header-below-stick-meta":"","astra-migrate-meta-layouts":"default","ast-page-background-enabled":"default","ast-page-background-meta":{"desktop":{"background-color":"var(--ast-global-color-4)","background-image":"","background-repeat":"repeat","background-position":"center center","background-size":"auto","background-attachment":"scroll","background-type":"","background-media":"","overlay-type":"","overlay-color":"","overlay-opacity":"","overlay-gradient":""},"tablet":{"background-color":"","background-image":"","background-repeat":"repeat","background-position":"center center","background-size":"auto","background-attachment":"scroll","background-type":"","background-media":"","overlay-type":"","overlay-color":"","overlay-opacity":"","overlay-gradient":""},"mobile":{"background-color":"","background-image":"","background-repeat":"repeat","background-position":"center center","background-size":"auto","background-attachment":"scroll","background-type":"","background-media":"","overlay-type":"","overlay-color":"","overlay-opacity":"","overlay-gradient":""}},"ast-content-background-meta":{"desktop":{"background-color":"var(--ast-global-color-5)","background-image":"","background-repeat":"repeat","background-position":"center center","background-size":"auto","background-attachment":"scroll","background-type":"","background-media":"","overlay-type":"","overlay-color":"","overlay-opacity":"","overlay-gradient":""},"tablet":{"background-color":"var(--ast-global-color-5)","background-image":"","background-repeat":"repeat","background-position":"center center","background-size":"auto","background-attachment":"scroll","background-type":"","background-media":"","overlay-type":"","overlay-color":"","overlay-opacity":"","overlay-gradient":""},"mobile":{"background-color":"var(--ast-global-color-5)","background-image":"","background-repeat":"repeat","background-position":"center center","background-size":"auto","background-attachment":"scroll","background-type":"","background-media":"","overlay-type":"","overlay-color":"","overlay-opacity":"","overlay-gradient":""}},"footnotes":""},"categories":[1],"tags":[],"class_list":["post-1600","post","type-post","status-publish","format-standard","has-post-thumbnail","hentry","category-noticias"],"_links":{"self":[{"href":"https:\/\/www.serviciosaludaysen.cl\/index.php\/wp-json\/wp\/v2\/posts\/1600","targetHints":{"allow":["GET"]}}],"collection":[{"href":"https:\/\/www.serviciosaludaysen.cl\/index.php\/wp-json\/wp\/v2\/posts"}],"about":[{"href":"https:\/\/www.serviciosaludaysen.cl\/index.php\/wp-json\/wp\/v2\/types\/post"}],"author":[{"embeddable":true,"href":"https:\/\/www.serviciosaludaysen.cl\/index.php\/wp-json\/wp\/v2\/users\/1"}],"replies":[{"embeddable":true,"href":"https:\/\/www.serviciosaludaysen.cl\/index.php\/wp-json\/wp\/v2\/comments?post=1600"}],"version-history":[{"count":1,"href":"https:\/\/www.serviciosaludaysen.cl\/index.php\/wp-json\/wp\/v2\/posts\/1600\/revisions"}],"predecessor-version":[{"id":1604,"href":"https:\/\/www.serviciosaludaysen.cl\/index.php\/wp-json\/wp\/v2\/posts\/1600\/revisions\/1604"}],"wp:featuredmedia":[{"embeddable":true,"href":"https:\/\/www.serviciosaludaysen.cl\/index.php\/wp-json\/wp\/v2\/media\/1601"}],"wp:attachment":[{"href":"https:\/\/www.serviciosaludaysen.cl\/index.php\/wp-json\/wp\/v2\/media?parent=1600"}],"wp:term":[{"taxonomy":"category","embeddable":true,"href":"https:\/\/www.serviciosaludaysen.cl\/index.php\/wp-json\/wp\/v2\/categories?post=1600"},{"taxonomy":"post_tag","embeddable":true,"href":"https:\/\/www.serviciosaludaysen.cl\/index.php\/wp-json\/wp\/v2\/tags?post=1600"}],"curies":[{"name":"wp","href":"https:\/\/api.w.org\/{rel}","templated":true}]}}