{"id":1059,"date":"2024-07-04T17:21:39","date_gmt":"2024-07-04T20:21:39","guid":{"rendered":"https:\/\/www.serviciosaludaysen.cl\/?p=1059"},"modified":"2024-07-04T17:24:21","modified_gmt":"2024-07-04T20:24:21","slug":"red-asistencial-del-servicio-de-salud-aysen-suma-a-dieciseis-nuevas-medicas-y-medicos","status":"publish","type":"post","link":"https:\/\/www.serviciosaludaysen.cl\/index.php\/2024\/07\/04\/red-asistencial-del-servicio-de-salud-aysen-suma-a-dieciseis-nuevas-medicas-y-medicos\/","title":{"rendered":"Red Asistencial del Servicio de Salud Ays\u00e9n suma a diecis\u00e9is nuevas m\u00e9dicas y m\u00e9dicos"},"content":{"rendered":"\n<ul class=\"wp-block-list\">\n<li>Se trata de 16 profesionales, en Etapa de Destinaci\u00f3n y Formaci\u00f3n (EDF), que concurrir\u00e1n a establecimientos de salud como Melinka, Balmaceda, Cochrane.<\/li>\n<\/ul>\n\n\n\n<p>Esta semana los profesionales son parte de la inducci\u00f3n habitual, proceso anterior al despliegue por distintas localidades. Los 16 m\u00e9dicos y m\u00e9dicas participaron del \u201cConcurso Nacional de Ingreso al Sistema de Salud\u201d, con el objeto de desempe\u00f1arse en los dispositivos de la Red Asistencial, (CESFAM, Postas de Salud Rural u Hospitales Comunitarios), en lo que se denomina \u201cEtapa de Destinaci\u00f3n y Formaci\u00f3n\u201d, instancia en que el profesional titulado, se desempe\u00f1a en el nivel primario de atenci\u00f3n, por un lapso no inferior a tres y como m\u00e1ximo 6 a\u00f1os seg\u00fan lo establecido en el Art\u00edculo 8 de la Ley 19.664.<\/p>\n\n\n\n<p>La m\u00e9dico, Nesta Ru\u00edz Sep\u00falveda, de la ciudad de Valdivia, destinada a la zona de Cochrane, se\u00f1al\u00f3 que \u201cla verdad es que este es un desaf\u00edo gigante, venirse para ac\u00e1 tan austral (\u2026) espero que sea una instancia de aprendizaje y mucho crecimiento personal\u201d, indic\u00f3 la profesional, titulada en la Universidad Austral.<\/p>\n\n\n\n<p>En esa misma l\u00ednea, Gianfranco Vincenzo Cavaletto Ortiz, santiaguino y m\u00e9dico destinado para la Posta de Melinka, mencion\u00f3 que \u201cac\u00e1 lo principal es dar lo mejor, con la mejor disposici\u00f3n para ayudar a la gente. Para m\u00ed es un desaf\u00edo personal como profesional el estar aqu\u00ed\u201d.<\/p>\n\n\n\n<figure class=\"wp-block-image aligncenter size-large\"><img fetchpriority=\"high\" decoding=\"async\" width=\"1024\" height=\"768\" src=\"https:\/\/www.serviciosaludaysen.cl\/wp-content\/uploads\/2024\/07\/FOTO-EDF-2-1024x768.jpeg\" alt=\"\" class=\"wp-image-1062\" srcset=\"https:\/\/www.serviciosaludaysen.cl\/wp-content\/uploads\/2024\/07\/FOTO-EDF-2-1024x768.jpeg 1024w, https:\/\/www.serviciosaludaysen.cl\/wp-content\/uploads\/2024\/07\/FOTO-EDF-2-300x225.jpeg 300w, https:\/\/www.serviciosaludaysen.cl\/wp-content\/uploads\/2024\/07\/FOTO-EDF-2-768x576.jpeg 768w, https:\/\/www.serviciosaludaysen.cl\/wp-content\/uploads\/2024\/07\/FOTO-EDF-2-1536x1152.jpeg 1536w, https:\/\/www.serviciosaludaysen.cl\/wp-content\/uploads\/2024\/07\/FOTO-EDF-2-600x450.jpeg 600w, https:\/\/www.serviciosaludaysen.cl\/wp-content\/uploads\/2024\/07\/FOTO-EDF-2.jpeg 1600w\" sizes=\"(max-width: 1024px) 100vw, 1024px\" \/><\/figure>\n\n\n\n<p><strong>Autoridades&nbsp;<\/strong><\/p>\n\n\n\n<p>\u201cLa regi\u00f3n de Ays\u00e9n es el lugar en donde m\u00e1s r\u00e1pido se llenan las plazas en donde m\u00e1s inter\u00e9s hay de los m\u00e9dicos reci\u00e9n egresados por concurrir. En este a\u00f1o de los 10 cupos de los colegas que se fueron a realizar la especialidad se sumaron 6 m\u00e1s que son plazas nuevas que llegan a nuestro territorio, lo cual nos va a permitir reforzar desde La Junta, Puerto Cisnes, por el lado sur, Cochrane, Puerto Tranquilo y por primera vez vamos a tener m\u00e9dico viviendo en la localidad de Balmaceda\u201d, coment\u00f3 Rodrigo Verdugo, subdirector de Gesti\u00f3n Asistencial del Servicio de Salud Ays\u00e9n.&nbsp;&nbsp;<\/p>\n\n\n\n<p>Entretanto Carmen Monsalve G\u00f3mez, Seremi de Salud Ays\u00e9n, agreg\u00f3 \u201caqu\u00ed hay un esfuerzo sectorial y del gobierno por poner el enfoque en la destinaci\u00f3n de recursos con criterio territorial. Sabemos que nuestra regi\u00f3n es un poco compleja, sabemos que hay ausentismo que afecta la continuidad de los cuidados y atenciones m\u00e9dicas, sobre todo en los lugares alejados, sin duda con esta estrategia de fortalecimiento del estamento medico se va a poder entregar m\u00e1s alternativas para la gesti\u00f3n asistencial\u201d.<\/p>\n\n\n\n<p>Mientras el director del Servicio de Salud Ays\u00e9n, acot\u00f3 que \u201cjunto a la Seremi y el subdirector hemos levantado los requerimientos de las distintas comunidades, y un gran sentido de ellos era la falta de m\u00e9dicos en algunas ocasiones, cuando se presentan casos de licencia o cuando se van a cursos, por eso con estos nuevos cupos que se mencionaban se va a poder generar una rotativa, en donde se va a asegurar la continuidad de la atenci\u00f3n\u201d, dijo Juan Pablo Bravo Quintana, director del SSA.&nbsp;<\/p>\n\n\n\n<p>Destacamos finalmente que con la incorporaci\u00f3n de los profesionales el a\u00f1o 2024, ser\u00e1n un total 70 M\u00e9dicos EDF, en etapa de destinaci\u00f3n, en los Establecimientos de la Red del Servicio de Salud Ays\u00e9n. El per\u00edodo de destinaci\u00f3n durar\u00e1 entre 3 y 6 a\u00f1os, desempe\u00f1\u00e1ndose el m\u00e9dico en Establecimientos de Atenci\u00f3n Primaria de Salud u Hospitales de baja complejidad, otorgando atenciones de APS, de urgencias y hospitalizaci\u00f3n, seg\u00fan corresponda. Luego de este per\u00edodo podr\u00e1 postular a una especializaci\u00f3n mediante un concurso similar al de ingreso.<\/p>\n\n\n\n<figure class=\"wp-block-image aligncenter size-large\"><img decoding=\"async\" width=\"1024\" height=\"768\" src=\"https:\/\/www.serviciosaludaysen.cl\/wp-content\/uploads\/2024\/07\/FOTO-1-EDF-1024x768.jpeg\" alt=\"\" class=\"wp-image-1064\" srcset=\"https:\/\/www.serviciosaludaysen.cl\/wp-content\/uploads\/2024\/07\/FOTO-1-EDF-1024x768.jpeg 1024w, https:\/\/www.serviciosaludaysen.cl\/wp-content\/uploads\/2024\/07\/FOTO-1-EDF-300x225.jpeg 300w, https:\/\/www.serviciosaludaysen.cl\/wp-content\/uploads\/2024\/07\/FOTO-1-EDF-768x576.jpeg 768w, https:\/\/www.serviciosaludaysen.cl\/wp-content\/uploads\/2024\/07\/FOTO-1-EDF-1536x1152.jpeg 1536w, https:\/\/www.serviciosaludaysen.cl\/wp-content\/uploads\/2024\/07\/FOTO-1-EDF-600x450.jpeg 600w, https:\/\/www.serviciosaludaysen.cl\/wp-content\/uploads\/2024\/07\/FOTO-1-EDF.jpeg 1600w\" sizes=\"(max-width: 1024px) 100vw, 1024px\" \/><\/figure>\n\n\n\n<p><strong>Los establecimientos beneficiados<\/strong><\/p>\n\n\n\n<p>Postas de Salud Rural Balmaceda, R\u00edo Tranquilo, Puyuhuapi, Melinka, Centro de Salud Familiar, (CESFAM) de Puerto Ays\u00e9n, La Junta, Centro Comunitario de Salud Familiar Villa Ma\u00f1ihuales, y Hospitales de Lord Cochrane y Dr. Jorge Ibar de Cisnes.<\/p>\n\n\n","protected":false},"excerpt":{"rendered":"<p>Esta semana los profesionales son parte de la inducci\u00f3n habitual, proceso anterior al despliegue por distintas localidades. Los 16 m\u00e9dicos [&hellip;]<\/p>\n","protected":false},"author":1,"featured_media":1061,"comment_status":"closed","ping_status":"open","sticky":false,"template":"","format":"standard","meta":{"_eb_attr":"","site-sidebar-layout":"default","site-content-layout":"","ast-site-content-layout":"default","site-content-style":"default","site-sidebar-style":"default","ast-global-header-display":"","ast-banner-title-visibility":"","ast-main-header-display":"","ast-hfb-above-header-display":"","ast-hfb-below-header-display":"","ast-hfb-mobile-header-display":"","site-post-title":"","ast-breadcrumbs-content":"","ast-featured-img":"","footer-sml-layout":"","theme-transparent-header-meta":"","adv-header-id-meta":"","stick-header-meta":"","header-above-stick-meta":"","header-main-stick-meta":"","header-below-stick-meta":"","astra-migrate-meta-layouts":"default","ast-page-background-enabled":"default","ast-page-background-meta":{"desktop":{"background-color":"var(--ast-global-color-4)","background-image":"","background-repeat":"repeat","background-position":"center center","background-size":"auto","background-attachment":"scroll","background-type":"","background-media":"","overlay-type":"","overlay-color":"","overlay-opacity":"","overlay-gradient":""},"tablet":{"background-color":"","background-image":"","background-repeat":"repeat","background-position":"center center","background-size":"auto","background-attachment":"scroll","background-type":"","background-media":"","overlay-type":"","overlay-color":"","overlay-opacity":"","overlay-gradient":""},"mobile":{"background-color":"","background-image":"","background-repeat":"repeat","background-position":"center center","background-size":"auto","background-attachment":"scroll","background-type":"","background-media":"","overlay-type":"","overlay-color":"","overlay-opacity":"","overlay-gradient":""}},"ast-content-background-meta":{"desktop":{"background-color":"var(--ast-global-color-5)","background-image":"","background-repeat":"repeat","background-position":"center center","background-size":"auto","background-attachment":"scroll","background-type":"","background-media":"","overlay-type":"","overlay-color":"","overlay-opacity":"","overlay-gradient":""},"tablet":{"background-color":"var(--ast-global-color-5)","background-image":"","background-repeat":"repeat","background-position":"center center","background-size":"auto","background-attachment":"scroll","background-type":"","background-media":"","overlay-type":"","overlay-color":"","overlay-opacity":"","overlay-gradient":""},"mobile":{"background-color":"var(--ast-global-color-5)","background-image":"","background-repeat":"repeat","background-position":"center center","background-size":"auto","background-attachment":"scroll","background-type":"","background-media":"","overlay-type":"","overlay-color":"","overlay-opacity":"","overlay-gradient":""}},"footnotes":""},"categories":[1],"tags":[],"class_list":["post-1059","post","type-post","status-publish","format-standard","has-post-thumbnail","hentry","category-noticias"],"_links":{"self":[{"href":"https:\/\/www.serviciosaludaysen.cl\/index.php\/wp-json\/wp\/v2\/posts\/1059","targetHints":{"allow":["GET"]}}],"collection":[{"href":"https:\/\/www.serviciosaludaysen.cl\/index.php\/wp-json\/wp\/v2\/posts"}],"about":[{"href":"https:\/\/www.serviciosaludaysen.cl\/index.php\/wp-json\/wp\/v2\/types\/post"}],"author":[{"embeddable":true,"href":"https:\/\/www.serviciosaludaysen.cl\/index.php\/wp-json\/wp\/v2\/users\/1"}],"replies":[{"embeddable":true,"href":"https:\/\/www.serviciosaludaysen.cl\/index.php\/wp-json\/wp\/v2\/comments?post=1059"}],"version-history":[{"count":3,"href":"https:\/\/www.serviciosaludaysen.cl\/index.php\/wp-json\/wp\/v2\/posts\/1059\/revisions"}],"predecessor-version":[{"id":1065,"href":"https:\/\/www.serviciosaludaysen.cl\/index.php\/wp-json\/wp\/v2\/posts\/1059\/revisions\/1065"}],"wp:featuredmedia":[{"embeddable":true,"href":"https:\/\/www.serviciosaludaysen.cl\/index.php\/wp-json\/wp\/v2\/media\/1061"}],"wp:attachment":[{"href":"https:\/\/www.serviciosaludaysen.cl\/index.php\/wp-json\/wp\/v2\/media?parent=1059"}],"wp:term":[{"taxonomy":"category","embeddable":true,"href":"https:\/\/www.serviciosaludaysen.cl\/index.php\/wp-json\/wp\/v2\/categories?post=1059"},{"taxonomy":"post_tag","embeddable":true,"href":"https:\/\/www.serviciosaludaysen.cl\/index.php\/wp-json\/wp\/v2\/tags?post=1059"}],"curies":[{"name":"wp","href":"https:\/\/api.w.org\/{rel}","templated":true}]}}