{"id":1053,"date":"2024-07-04T17:05:07","date_gmt":"2024-07-04T20:05:07","guid":{"rendered":"https:\/\/www.serviciosaludaysen.cl\/?p=1053"},"modified":"2024-10-21T14:33:55","modified_gmt":"2024-10-21T17:33:55","slug":"notable-incremento-de-intervenciones-quirurgicas-y-reduccion-de-tiempos-de-espera-son-algunos-de-los-datos-que-arroja-la-cuenta-publica-del-servicio-de-salud-aysen","status":"publish","type":"post","link":"https:\/\/www.serviciosaludaysen.cl\/index.php\/2024\/07\/04\/notable-incremento-de-intervenciones-quirurgicas-y-reduccion-de-tiempos-de-espera-son-algunos-de-los-datos-que-arroja-la-cuenta-publica-del-servicio-de-salud-aysen\/","title":{"rendered":"Notable incremento de intervenciones quir\u00fargicas y reducci\u00f3n de tiempos de espera son algunos de los datos que arroja la cuenta p\u00fablica del Servicio de Salud Ays\u00e9n"},"content":{"rendered":"\t\t<div data-elementor-type=\"wp-post\" data-elementor-id=\"1053\" class=\"elementor elementor-1053\">\n\t\t\t\t<div class=\"elementor-element elementor-element-17026c0 e-flex e-con-boxed e-con e-parent\" data-id=\"17026c0\" data-element_type=\"container\">\n\t\t\t\t\t<div class=\"e-con-inner\">\n\t\t\t\t<div class=\"elementor-element elementor-element-5934760 elementor-arrows-position-inside elementor-pagination-position-outside elementor-widget elementor-widget-image-carousel\" data-id=\"5934760\" data-element_type=\"widget\" data-settings=\"{&quot;slides_to_show&quot;:&quot;1&quot;,&quot;navigation&quot;:&quot;both&quot;,&quot;autoplay&quot;:&quot;yes&quot;,&quot;pause_on_hover&quot;:&quot;yes&quot;,&quot;pause_on_interaction&quot;:&quot;yes&quot;,&quot;autoplay_speed&quot;:5000,&quot;infinite&quot;:&quot;yes&quot;,&quot;effect&quot;:&quot;slide&quot;,&quot;speed&quot;:500}\" data-widget_type=\"image-carousel.default\">\n\t\t\t\t<div class=\"elementor-widget-container\">\n\t\t\t\t\t\t\t<div class=\"elementor-image-carousel-wrapper swiper\" role=\"region\" aria-roledescription=\"carousel\" aria-label=\"Carrusel de im\u00e1genes\" dir=\"ltr\">\n\t\t\t<div class=\"elementor-image-carousel swiper-wrapper\" aria-live=\"off\">\n\t\t\t\t\t\t\t\t<div class=\"swiper-slide\" role=\"group\" aria-roledescription=\"slide\" aria-label=\"1 de 4\"><figure class=\"swiper-slide-inner\"><img decoding=\"async\" class=\"swiper-slide-image\" src=\"https:\/\/www.serviciosaludaysen.cl\/wp-content\/uploads\/2024\/07\/FOTOS-CUENTA-PUBLICA-1-768x432.jpg\" alt=\"FOTOS CUENTA P\u00daBLICA (1)\" \/><\/figure><\/div><div class=\"swiper-slide\" role=\"group\" aria-roledescription=\"slide\" aria-label=\"2 de 4\"><figure class=\"swiper-slide-inner\"><img decoding=\"async\" class=\"swiper-slide-image\" src=\"https:\/\/www.serviciosaludaysen.cl\/wp-content\/uploads\/2024\/07\/FOTOS-CUENTA-PUBLICA-10-768x432.jpg\" alt=\"FOTOS CUENTA P\u00daBLICA (10)\" \/><\/figure><\/div><div class=\"swiper-slide\" role=\"group\" aria-roledescription=\"slide\" aria-label=\"3 de 4\"><figure class=\"swiper-slide-inner\"><img decoding=\"async\" class=\"swiper-slide-image\" src=\"https:\/\/www.serviciosaludaysen.cl\/wp-content\/uploads\/2024\/07\/FOTOS-CUENTA-PUBLICA-11-768x432.jpg\" alt=\"FOTOS CUENTA P\u00daBLICA (11)\" \/><\/figure><\/div><div class=\"swiper-slide\" role=\"group\" aria-roledescription=\"slide\" aria-label=\"4 de 4\"><figure class=\"swiper-slide-inner\"><img decoding=\"async\" class=\"swiper-slide-image\" src=\"https:\/\/www.serviciosaludaysen.cl\/wp-content\/uploads\/2024\/07\/FOTOS-CUENTA-PUBLICA-13-768x432.jpg\" alt=\"Director, Juan Pablo Bravo, presenta Cuenta P\u00fablica Participativa del Servicio de Salud Ays\u00e9n 2023\" \/><\/figure><\/div>\t\t\t<\/div>\n\t\t\t\t\t\t\t\t\t\t\t\t<div class=\"elementor-swiper-button elementor-swiper-button-prev\" role=\"button\" tabindex=\"0\">\n\t\t\t\t\t\t<svg aria-hidden=\"true\" class=\"e-font-icon-svg e-eicon-chevron-left\" viewBox=\"0 0 1000 1000\" xmlns=\"http:\/\/www.w3.org\/2000\/svg\"><path d=\"M646 125C629 125 613 133 604 142L308 442C296 454 292 471 292 487 292 504 296 521 308 533L604 854C617 867 629 875 646 875 663 875 679 871 692 858 704 846 713 829 713 812 713 796 708 779 692 767L438 487 692 225C700 217 708 204 708 187 708 171 704 154 692 142 675 129 663 125 646 125Z\"><\/path><\/svg>\t\t\t\t\t<\/div>\n\t\t\t\t\t<div class=\"elementor-swiper-button elementor-swiper-button-next\" role=\"button\" tabindex=\"0\">\n\t\t\t\t\t\t<svg aria-hidden=\"true\" class=\"e-font-icon-svg e-eicon-chevron-right\" viewBox=\"0 0 1000 1000\" xmlns=\"http:\/\/www.w3.org\/2000\/svg\"><path d=\"M696 533C708 521 713 504 713 487 713 471 708 454 696 446L400 146C388 133 375 125 354 125 338 125 325 129 313 142 300 154 292 171 292 187 292 204 296 221 308 233L563 492 304 771C292 783 288 800 288 817 288 833 296 850 308 863 321 871 338 875 354 875 371 875 388 867 400 854L696 533Z\"><\/path><\/svg>\t\t\t\t\t<\/div>\n\t\t\t\t\n\t\t\t\t\t\t\t\t\t<div class=\"swiper-pagination\"><\/div>\n\t\t\t\t\t\t\t\t\t<\/div>\n\t\t\t\t\t\t<\/div>\n\t\t\t\t<\/div>\n\t\t\t\t\t<\/div>\n\t\t\t\t<\/div>\n\t\t<div class=\"elementor-element elementor-element-66d986fd e-flex e-con-boxed e-con e-parent\" data-id=\"66d986fd\" data-element_type=\"container\">\n\t\t\t\t\t<div class=\"e-con-inner\">\n\t\t\t\t<div class=\"elementor-element elementor-element-7cd560d3 elementor-widget elementor-widget-text-editor\" data-id=\"7cd560d3\" data-element_type=\"widget\" data-widget_type=\"text-editor.default\">\n\t\t\t\t<div class=\"elementor-widget-container\">\n\t\t\t\t\t\t\t\t\t\n<p>Fortalecimiento de la atenci\u00f3n primaria, reducci\u00f3n de tiempos de espera y avances sustanciales en n\u00famero de intervenciones quir\u00fargicas, adem\u00e1s de progresos en salud mental, rondas m\u00e9dicas de especialistas e infraestructura, fueron algunos de los componentes que destac\u00f3 la cuenta p\u00fablica participativa gesti\u00f3n 2023 del Servicio de Salud Ays\u00e9n, que fue presentada por su director, Juan Pablo Bravo Quintana.<\/p>\n\n<p>\u201cValorar los desaf\u00edos que se plantearon en esta cuenta p\u00fablica que tienen que ver con lo que m\u00e1s siente la comunidad, con aquellas situaciones que m\u00e1s generan dolor, angustia, avanzar en infraestructura, en atenci\u00f3n primaria universal, mejor tecnolog\u00eda para acercar la salud a los territorios m\u00e1s aislados y eso est\u00e1 muy en concordancia con las necesidades reales de nuestro territorio. Como autoridad sanitaria, el director del servicio tiene todo nuestro respaldo y seguir en este camino de dar cuenta a la comunidad, pero tambi\u00e9n respondiendo a sus sentidas necesidades\u201d, puntualiz\u00f3 Carmen Gloria Monsalve, Seremi de Salud Ays\u00e9n.<\/p>\n\n<p>La cuenta p\u00fablica compar\u00f3 las cifras del 2019, pre pandemia y los a\u00f1os 2022 y 2023, para contar con un panorama m\u00e1s completo y ajustado a la realidad local.<\/p>\n\n<p>En ese sentido destacan los ex\u00e1menes de laboratorio que sufrieron un importante incremento, como asimismo las resonancias nucleares, que tras el arribo de este equipamiento permite realizar este examen en la regi\u00f3n de Ays\u00e9n. \u201cHay hitos important\u00edsimos que se han marcado y un gran desaf\u00edo por delante que la salud sea igualitaria, que podamos alcanzar los beneficios en la salud que Chile necesita y que particularmente esta regi\u00f3n necesita. Hemos visto los comparativos nacionales y la verdad es que se ha hecho un trabajo que tal vez no se aprecia en la profundidad y realidad que se est\u00e1 viviendo en nuestra regi\u00f3n, pero que se est\u00e1 avanzando significativamente por la integraci\u00f3n y la cohesi\u00f3n de la red asistencial\u201d, indic\u00f3 Hugo Guerrero, capell\u00e1n y dirigente social.<\/p>\n\n<p><strong>Ejes estrat\u00e9gicos y copago cero<\/strong><\/p>\n\n<p>Las rondas m\u00e9dicas de especialistas que se implementaron durante el a\u00f1o 2023 es una pol\u00edtica p\u00fablica que nace desde el Servicio y que permiti\u00f3 35 cirug\u00edas y casi 600 procedimientos en los hospitales comunitarios de la Red Asistencial.<\/p>\n\n<p>La atenci\u00f3n de psic\u00f3logos y especialistas m\u00e9dicos en salud mental tambi\u00e9n percibieron un aumento respecto a 2019 y 2022.\u00a0 \u201cRelevar el hito importante que sacamos la cuenta p\u00fablica de Coyhaique, es fundamental y tiene que ver con la impronta que le queremos dar a la salud para acercarla a la comunidad y esto no es desmerecer Coyhaique, sino darle m\u00e1s equidad y mejorar la atenci\u00f3n a nivel regional y llevar salud de calidad a cada uno de los usuarios de nuestra Red Asistencial de la regi\u00f3n\u201d, se\u00f1al\u00f3 Juan Pablo Bravo, director del SSA, quien aprovech\u00f3 de agradecer al Hospital de Puerto Ays\u00e9n las facilidades para realizar la cuenta p\u00fablica gesti\u00f3n 2023 en esas dependencias.<\/p>\n\n<p>En oncolog\u00eda se apuntaron variaciones positivas superiores al 20% respecto a los a\u00f1os 2019 y 2022 y m\u00e1s de mil PAP respecto a 2022 y casi el doble si se compara con 2019.<\/p>\n\n<p>Adem\u00e1s, la pol\u00edtica de la administraci\u00f3n del presidente Gabriel Boric en torno a la implementaci\u00f3n del copago cero para todos los afiliados a FONASA signific\u00f3 un ahorro para las familias de m\u00e1s de mil cien millones de pesos para los m\u00e1s de 17 mil personas que hicieron uso de este beneficio. \u201cSin lugar a dudas habr\u00e1 cosas que no se hicieron bien, es parte de la naturaleza humana y la gesti\u00f3n de las actividades, valoro mucho aquello y valoro tambi\u00e9n la importancia que esta direcci\u00f3n y los profesionales de la salud est\u00e1n dando a la participaci\u00f3n ciudadana, sin ella la equidad sigue siendo negativa en la salud, por lo tanto, hacia all\u00e1 caminamos, avanzar juntos con las autoridades de salud\u201d, manifest\u00f3 V\u00edctor Soto, dirigente regional de los adultos mayores y del Consejo de Desarrollo Local del CESFAM Dr. Alejandro Guti\u00e9rrez.<\/p>\n\n<p>En tanto en salud digital se realizaron 1749 prestaciones bajo esta modalidad de atenci\u00f3n a distancia, un 63% m\u00e1s que el a\u00f1o 2022.<\/p>\n\n<p><strong>Infraestructura y Desaf\u00edos<\/strong><\/p>\n\n<p>Entre las importantes obras del a\u00f1o 2023 se cuentan las reposiciones de las postas de Guadal, Cerro Castillo y La Tapera, adem\u00e1s de los avances significativos en el Hospital Leopoldo Ortega de Chile Chico, como asimismo la reposici\u00f3n de veh\u00edculos y ambulancias para mejorar los accesos a los territorios.<\/p>\n\n<p>\u201cNos vamos conformes con lo expuesto a trav\u00e9s del director, se ha potenciado mucho unificar la Red Asistencial y que se trabaje en conjunto con los trabajadores de la salud, que somos el pilar fundamental para que se pueda entregar una atenci\u00f3n de calidad hacia la comunidad. Estamos conformes con el proceso que se ha llevado, la normalizaci\u00f3n, unificaci\u00f3n, el trabajo en infraestructura, en equipamiento, y agradecer especialmente la atenci\u00f3n a la pre hospitalaria que somos la gente del SAMU, donde se est\u00e1 demostrando la voluntad de cumplir con el trabajo que hacemos\u201d, expres\u00f3 Marcelo Ru\u00edz, dirigente gremial de ARFUSA.<\/p>\n\n<p>Entre los desaf\u00edos para este a\u00f1o se mencionaron la universalizaci\u00f3n de la atenci\u00f3n primaria en la comuna de Ays\u00e9n, la adquisici\u00f3n del angi\u00f3grafo y el t\u00e9rmino de las obras del hospital de Chile Chico, entre muchas otras.<\/p>\n\t\t\t\t\t\t\t\t<\/div>\n\t\t\t\t<\/div>\n\t\t\t\t\t<\/div>\n\t\t\t\t<\/div>\n\t\t\t\t<\/div>\n\t\t","protected":false},"excerpt":{"rendered":"<p>Fortalecimiento de la atenci\u00f3n primaria, reducci\u00f3n de tiempos de espera y avances sustanciales en n\u00famero de intervenciones quir\u00fargicas, adem\u00e1s de [&hellip;]<\/p>\n","protected":false},"author":1,"featured_media":1502,"comment_status":"closed","ping_status":"open","sticky":false,"template":"","format":"standard","meta":{"_eb_attr":"","site-sidebar-layout":"default","site-content-layout":"","ast-site-content-layout":"default","site-content-style":"default","site-sidebar-style":"default","ast-global-header-display":"","ast-banner-title-visibility":"","ast-main-header-display":"","ast-hfb-above-header-display":"","ast-hfb-below-header-display":"","ast-hfb-mobile-header-display":"","site-post-title":"","ast-breadcrumbs-content":"","ast-featured-img":"disabled","footer-sml-layout":"","theme-transparent-header-meta":"","adv-header-id-meta":"","stick-header-meta":"","header-above-stick-meta":"","header-main-stick-meta":"","header-below-stick-meta":"","astra-migrate-meta-layouts":"default","ast-page-background-enabled":"default","ast-page-background-meta":{"desktop":{"background-color":"var(--ast-global-color-4)","background-image":"","background-repeat":"repeat","background-position":"center center","background-size":"auto","background-attachment":"scroll","background-type":"","background-media":"","overlay-type":"","overlay-color":"","overlay-opacity":"","overlay-gradient":""},"tablet":{"background-color":"","background-image":"","background-repeat":"repeat","background-position":"center center","background-size":"auto","background-attachment":"scroll","background-type":"","background-media":"","overlay-type":"","overlay-color":"","overlay-opacity":"","overlay-gradient":""},"mobile":{"background-color":"","background-image":"","background-repeat":"repeat","background-position":"center center","background-size":"auto","background-attachment":"scroll","background-type":"","background-media":"","overlay-type":"","overlay-color":"","overlay-opacity":"","overlay-gradient":""}},"ast-content-background-meta":{"desktop":{"background-color":"var(--ast-global-color-5)","background-image":"","background-repeat":"repeat","background-position":"center center","background-size":"auto","background-attachment":"scroll","background-type":"","background-media":"","overlay-type":"","overlay-color":"","overlay-opacity":"","overlay-gradient":""},"tablet":{"background-color":"var(--ast-global-color-5)","background-image":"","background-repeat":"repeat","background-position":"center center","background-size":"auto","background-attachment":"scroll","background-type":"","background-media":"","overlay-type":"","overlay-color":"","overlay-opacity":"","overlay-gradient":""},"mobile":{"background-color":"var(--ast-global-color-5)","background-image":"","background-repeat":"repeat","background-position":"center center","background-size":"auto","background-attachment":"scroll","background-type":"","background-media":"","overlay-type":"","overlay-color":"","overlay-opacity":"","overlay-gradient":""}},"footnotes":""},"categories":[1],"tags":[29,31,25,30,28],"class_list":["post-1053","post","type-post","status-publish","format-standard","has-post-thumbnail","hentry","category-noticias","tag-coyhaique","tag-cuentapublica2023","tag-hospital-puerto-aysen","tag-salud","tag-serviciodesalud"],"_links":{"self":[{"href":"https:\/\/www.serviciosaludaysen.cl\/index.php\/wp-json\/wp\/v2\/posts\/1053","targetHints":{"allow":["GET"]}}],"collection":[{"href":"https:\/\/www.serviciosaludaysen.cl\/index.php\/wp-json\/wp\/v2\/posts"}],"about":[{"href":"https:\/\/www.serviciosaludaysen.cl\/index.php\/wp-json\/wp\/v2\/types\/post"}],"author":[{"embeddable":true,"href":"https:\/\/www.serviciosaludaysen.cl\/index.php\/wp-json\/wp\/v2\/users\/1"}],"replies":[{"embeddable":true,"href":"https:\/\/www.serviciosaludaysen.cl\/index.php\/wp-json\/wp\/v2\/comments?post=1053"}],"version-history":[{"count":19,"href":"https:\/\/www.serviciosaludaysen.cl\/index.php\/wp-json\/wp\/v2\/posts\/1053\/revisions"}],"predecessor-version":[{"id":3300,"href":"https:\/\/www.serviciosaludaysen.cl\/index.php\/wp-json\/wp\/v2\/posts\/1053\/revisions\/3300"}],"wp:featuredmedia":[{"embeddable":true,"href":"https:\/\/www.serviciosaludaysen.cl\/index.php\/wp-json\/wp\/v2\/media\/1502"}],"wp:attachment":[{"href":"https:\/\/www.serviciosaludaysen.cl\/index.php\/wp-json\/wp\/v2\/media?parent=1053"}],"wp:term":[{"taxonomy":"category","embeddable":true,"href":"https:\/\/www.serviciosaludaysen.cl\/index.php\/wp-json\/wp\/v2\/categories?post=1053"},{"taxonomy":"post_tag","embeddable":true,"href":"https:\/\/www.serviciosaludaysen.cl\/index.php\/wp-json\/wp\/v2\/tags?post=1053"}],"curies":[{"name":"wp","href":"https:\/\/api.w.org\/{rel}","templated":true}]}}