{"id":1041,"date":"2024-07-04T16:53:46","date_gmt":"2024-07-04T19:53:46","guid":{"rendered":"https:\/\/www.serviciosaludaysen.cl\/?p=1041"},"modified":"2024-07-04T16:57:18","modified_gmt":"2024-07-04T19:57:18","slug":"red-asistencial-de-aysen-cuenta-por-primera-vez-con-cardiologo-infantil-permanente","status":"publish","type":"post","link":"https:\/\/www.serviciosaludaysen.cl\/index.php\/2024\/07\/04\/red-asistencial-de-aysen-cuenta-por-primera-vez-con-cardiologo-infantil-permanente\/","title":{"rendered":"Red Asistencial de Ays\u00e9n cuenta por primera vez con cardi\u00f3logo infantil permanente"},"content":{"rendered":"\t\t<div data-elementor-type=\"wp-post\" data-elementor-id=\"1041\" class=\"elementor elementor-1041\">\n\t\t\t\t<div class=\"elementor-element elementor-element-3e9d72f7 e-flex e-con-boxed e-con e-parent\" data-id=\"3e9d72f7\" data-element_type=\"container\">\n\t\t\t\t\t<div class=\"e-con-inner\">\n\t\t\t\t<div class=\"elementor-element elementor-element-28c690ad elementor-widget elementor-widget-text-editor\" data-id=\"28c690ad\" data-element_type=\"widget\" data-widget_type=\"text-editor.default\">\n\t\t\t\t<div class=\"elementor-widget-container\">\n\t\t\t\t\t\t\t\t\t\n<p>Desde este 2 de mayo el Hospital Regional Coyhaique cuenta con un cardi\u00f3logo infantil de forma permanente. Se trata del Dr. Ricardo Espinoza Ortiz, quien se suma a la dotaci\u00f3n de profesionales del principal establecimiento de salud de la regi\u00f3n.<\/p>\n\n\n\n<p>\u201cEl Dr. Ricardo Espinoza es un pediatra que adem\u00e1s tiene la certificaci\u00f3n como cardi\u00f3logo infantil y especialista en broncopulmonar, enfermedades respiratorias infantiles y tras varias conversaciones \u00e9l se integra formalmente desde esta fecha a trabajar en el Hospital Regional de Coyhaique, desarrollando en \u00e9l ambas especialidades. Es la primera vez que contamos en la regi\u00f3n con un especialista cardi\u00f3logo infantil que no solo trabaja en el hospital con nosotros, sino que adem\u00e1s va a vivir en la regi\u00f3n permanentemente\u201d, enfatiz\u00f3 el Dr. Rodrigo Verdugo, sub director de gesti\u00f3n asistencial.<\/p>\n\n\n\n<p>La incorporaci\u00f3n de Espinoza Ortiz permitir\u00e1 ampliar la cartera de prestaciones en el Hospital Coyhaique y desarrollar la sub especialidad m\u00e9dica en el principal recinto hospitalario de Ays\u00e9n. \u201cEs un hito importante para cumplir con el deseo y anhelo que ten\u00eda la regi\u00f3n de tener una UCI pedi\u00e1trica y estamos avanzando en eso. Va a estar la posibilidad de reconvertir camas durante el periodo de campa\u00f1a de invierno para tener y dar las atenciones necesarias para nuestros ni\u00f1os dentro de la regi\u00f3n y lo que va a estar listo a fin de a\u00f1o es la infraestructura para tener la UCI pedi\u00e1trica formalmente\u201d, se\u00f1al\u00f3 Juan Pablo Bravo, director del Servicio de Salud Ays\u00e9n.<\/p>\n\n\n\n<p>El nuevo cardi\u00f3logo agradeci\u00f3 la posibilidad de poder desplegar su trabajo en la regi\u00f3n. \u201cEstoy viendo reci\u00e9n todos los equipos y si pido algo las puertas est\u00e1n abiertas y esto es resultado de todo el equipo del Servicio y del Hospital, porque ellos me incentivaron\u201d, manifest\u00f3.<\/p>\n\n\n\n<p>Entretanto el Dr. Daniel Aravena, director (S) del Hospital Coyhaique, agreg\u00f3 que \u201cpara nosotros es un tremendo hito contar con la especialidad de manera definitiva, permanente en la regi\u00f3n y esto nos va a permitir desarrollar la espacialidad, ampliar nuestra cartera de prestaciones, configurar una unidad con equipamiento, con el personal que se requiere para poder dar cobertura en el \u00e1rea de la cardiolog\u00eda infantil\u201d.<\/p>\n\n\n\n<p>Cabe mencionar que la subespecialidad de cardiolog\u00eda es la encargada de cuidar la salud del coraz\u00f3n y el sistema circulatorio de ni\u00f1os y adolescentes. \u201cTiene una formaci\u00f3n muy s\u00f3lida en cada una de las sub especialidades que maneja y hemos tenido contacto y conversado una serie de temas y precisar lo que le parece necesario para poder avanzar en esta sub especialidad\u201d, mencion\u00f3 Pedro Pablo Pinto, sub director m\u00e9dico del Hospital Regional.<\/p>\n\n\n\n<p>Con este profesional se podr\u00e1n realizar en la regi\u00f3n atenciones y tratamientos de enfermedades del coraz\u00f3n, de car\u00e1cter cong\u00e9nitas o adquiridas y los diagn\u00f3sticos correspondientes.<\/p>\n\n\n\n<p>La Dra. Camila Lambert, Jefa Unidad de Tratamientos Intermedios Pedi\u00e1tricos, a\u00f1adi\u00f3 que \u201csu calidad profesional y humana es indiscutible, as\u00ed que agradezco tanto al servicio como al hospital todas las gestiones y es fundamental para sacar adelante la UPC (Unidad de Paciente Cr\u00edtico) pedi\u00e1trica y que si todo sale bien esperamos contar con una UPC pedi\u00e1trica transitoria a fines de este a\u00f1o o principios del otro y as\u00ed evitar la mayor\u00eda de traslados extrarregionales de nuestros ni\u00f1os\u201d, finaliz\u00f3.&nbsp;<\/p>\n\t\t\t\t\t\t\t\t<\/div>\n\t\t\t\t<\/div>\n\t\t\t\t\t<\/div>\n\t\t\t\t<\/div>\n\t\t<div class=\"elementor-element elementor-element-296b934a e-flex e-con-boxed e-con e-parent\" data-id=\"296b934a\" data-element_type=\"container\">\n\t\t\t\t\t<div class=\"e-con-inner\">\n\t\t\t\t<div class=\"elementor-element elementor-element-22fe4b55 eael-fg-hoverer-content-align-left elementor-widget elementor-widget-eael-filterable-gallery\" data-id=\"22fe4b55\" data-element_type=\"widget\" data-settings=\"{&quot;photo_gallery&quot;:&quot;yes&quot;,&quot;pagination&quot;:&quot;false&quot;}\" data-widget_type=\"eael-filterable-gallery.default\">\n\t\t\t\t<div class=\"elementor-widget-container\">\n\t\t\t\t\t<style id=\"eael-fg-inline-css-22fe4b55\">@media only screen and (max-width: 2399px) {\n\t\t\t\t\t.elementor-element.elementor-element-22fe4b55 .eael-filterable-gallery-item-wrap {\n\t\t\t\t\t        width: 50%;\n\t\t\t\t\t    }\n\t\t\t\t\t}@media only screen and (max-width: 1024px) {\n\t\t\t\t\t.elementor-element.elementor-element-22fe4b55  .eael-filterable-gallery-item-wrap {\n\t\t\t\t\t        width: 50%;\n\t\t\t\t\t    }\n\t\t\t\t\t}@media only screen and (max-width: 767px) {\n\t\t\t\t\t.elementor-element.elementor-element-22fe4b55  .eael-filterable-gallery-item-wrap {\n\t\t\t\t\t        width: 100%;\n\t\t\t\t\t    }\n\t\t\t\t\t}<\/style>        <div id=\"eael-filter-gallery-wrapper-22fe4b55\" class=\"eael-filter-gallery-wrapper\" data-layout-mode=\"hoverer\" data-breakpoints=\"{&quot;mobile&quot;:{&quot;label&quot;:&quot;M\\u00f3vil vertical&quot;,&quot;value&quot;:767,&quot;default_value&quot;:767,&quot;direction&quot;:&quot;max&quot;,&quot;is_enabled&quot;:true},&quot;mobile_extra&quot;:{&quot;label&quot;:&quot;M\\u00f3vil horizontal&quot;,&quot;value&quot;:880,&quot;default_value&quot;:880,&quot;direction&quot;:&quot;max&quot;,&quot;is_enabled&quot;:false},&quot;tablet&quot;:{&quot;label&quot;:&quot;Tableta vertical&quot;,&quot;value&quot;:1024,&quot;default_value&quot;:1024,&quot;direction&quot;:&quot;max&quot;,&quot;is_enabled&quot;:true},&quot;tablet_extra&quot;:{&quot;label&quot;:&quot;Tableta horizontal&quot;,&quot;value&quot;:1200,&quot;default_value&quot;:1200,&quot;direction&quot;:&quot;max&quot;,&quot;is_enabled&quot;:false},&quot;laptop&quot;:{&quot;label&quot;:&quot;Port\\u00e1til&quot;,&quot;value&quot;:1366,&quot;default_value&quot;:1366,&quot;direction&quot;:&quot;max&quot;,&quot;is_enabled&quot;:false},&quot;widescreen&quot;:{&quot;label&quot;:&quot;Pantalla grande&quot;,&quot;value&quot;:2400,&quot;default_value&quot;:2400,&quot;direction&quot;:&quot;min&quot;,&quot;is_enabled&quot;:false}}\" data-default_control_key=\"0\" data-custom_default_control=\"1\">\n                    <div class=\"eael-filter-gallery-container eael-filter-gallery-grid\" data-images-per-page=\"\" data-total-gallery-items=\"2\" data-nomore-item-text=\"\" data-is-randomize=\"no\" data-settings=\"{&quot;grid_style&quot;:&quot;grid&quot;,&quot;popup&quot;:&quot;none&quot;,&quot;duration&quot;:500,&quot;gallery_enabled&quot;:&quot;yes&quot;,&quot;video_gallery_yt_privacy&quot;:&quot;&quot;,&quot;control_all_text&quot;:null,&quot;post_id&quot;:1041,&quot;widget_id&quot;:&quot;22fe4b55&quot;}\" data-search-all=\"\" data-gallery-items=\"WyI8ZGl2IGNsYXNzPVwiZWFlbC1maWx0ZXJhYmxlLWdhbGxlcnktaXRlbS13cmFwXCI+XG5cdFx0XHRcdDxkaXYgY2xhc3M9XCJlYWVsLWdhbGxlcnktZ3JpZC1pdGVtXCI+PGEgYXJlYS1oaWRkZW49XCJ0cnVlXCIgaHJlZj1cImh0dHBzOlwvXC93d3cuc2VydmljaW9zYWx1ZGF5c2VuLmNsXC93cC1jb250ZW50XC91cGxvYWRzXC8yMDI0XC8wN1wvRHIuLVJpY2FyZG8tRXNwaW5vemEtMDMuanBnXCIgY2xhc3M9XCJlYWVsLW1hZ25pZmljLWxpbmsgZWFlbC1tYWduaWZpYy1saW5rLWNsb25lIGFjdGl2ZSBtZWRpYS1jb250ZW50LXdyYXAgYWN0aXZlXCIgZGF0YS1lbGVtZW50b3Itb3Blbi1saWdodGJveD1cInllc1wiIHRpdGxlPVwiXCI+PGRpdiBjbGFzcz1cImdhbGxlcnktaXRlbS10aHVtYm5haWwtd3JhcFwiPjxpbWcgc3JjPVwiaHR0cHM6XC9cL3d3dy5zZXJ2aWNpb3NhbHVkYXlzZW4uY2xcL3dwLWNvbnRlbnRcL3VwbG9hZHNcLzIwMjRcLzA3XC9Eci4tUmljYXJkby1Fc3Bpbm96YS0wMy5qcGdcIiBkYXRhLWxhenktc3JjPVwiaHR0cHM6XC9cL3d3dy5zZXJ2aWNpb3NhbHVkYXlzZW4uY2xcL3dwLWNvbnRlbnRcL3VwbG9hZHNcLzIwMjRcLzA3XC9Eci4tUmljYXJkby1Fc3Bpbm96YS0wMy5qcGdcIiBhbHQ9XCJcIiBjbGFzcz1cImdhbGxlcnktaXRlbS10aHVtYm5haWxcIj48XC9kaXY+PGRpdiBjbGFzcz1cImdhbGxlcnktaXRlbS1jYXB0aW9uLXdyYXAgY2FwdGlvbi1zdHlsZS1ob3ZlcmVyIGVhZWwtc2xpZGUtdXBcIj48ZGl2IGNsYXNzPVwiZ2FsbGVyeS1pdGVtLWhvdmVyZXItYmdcIj48XC9kaXY+PGRpdiBjbGFzcz1cImdhbGxlcnktaXRlbS1jYXB0aW9uLW92ZXJcIj48XC9kaXY+PFwvZGl2PjxcL2E+PFwvZGl2PjxcL2Rpdj4iLCI8ZGl2IGNsYXNzPVwiZWFlbC1maWx0ZXJhYmxlLWdhbGxlcnktaXRlbS13cmFwXCI+XG5cdFx0XHRcdDxkaXYgY2xhc3M9XCJlYWVsLWdhbGxlcnktZ3JpZC1pdGVtXCI+PGEgYXJlYS1oaWRkZW49XCJ0cnVlXCIgaHJlZj1cImh0dHBzOlwvXC93d3cuc2VydmljaW9zYWx1ZGF5c2VuLmNsXC93cC1jb250ZW50XC91cGxvYWRzXC8yMDI0XC8wN1wvcHJlc2VudGFjaW9uLXJpY2FyZG8tZXNwaW5vemEtMi5qcGVnXCIgY2xhc3M9XCJlYWVsLW1hZ25pZmljLWxpbmsgZWFlbC1tYWduaWZpYy1saW5rLWNsb25lIGFjdGl2ZSBtZWRpYS1jb250ZW50LXdyYXAgYWN0aXZlXCIgZGF0YS1lbGVtZW50b3Itb3Blbi1saWdodGJveD1cInllc1wiIHRpdGxlPVwiXCI+PGRpdiBjbGFzcz1cImdhbGxlcnktaXRlbS10aHVtYm5haWwtd3JhcFwiPjxpbWcgc3JjPVwiaHR0cHM6XC9cL3d3dy5zZXJ2aWNpb3NhbHVkYXlzZW4uY2xcL3dwLWNvbnRlbnRcL3VwbG9hZHNcLzIwMjRcLzA3XC9wcmVzZW50YWNpb24tcmljYXJkby1lc3Bpbm96YS0yLmpwZWdcIiBkYXRhLWxhenktc3JjPVwiaHR0cHM6XC9cL3d3dy5zZXJ2aWNpb3NhbHVkYXlzZW4uY2xcL3dwLWNvbnRlbnRcL3VwbG9hZHNcLzIwMjRcLzA3XC9wcmVzZW50YWNpb24tcmljYXJkby1lc3Bpbm96YS0yLmpwZWdcIiBhbHQ9XCJcIiBjbGFzcz1cImdhbGxlcnktaXRlbS10aHVtYm5haWxcIj48XC9kaXY+PGRpdiBjbGFzcz1cImdhbGxlcnktaXRlbS1jYXB0aW9uLXdyYXAgY2FwdGlvbi1zdHlsZS1ob3ZlcmVyIGVhZWwtc2xpZGUtdXBcIj48ZGl2IGNsYXNzPVwiZ2FsbGVyeS1pdGVtLWhvdmVyZXItYmdcIj48XC9kaXY+PGRpdiBjbGFzcz1cImdhbGxlcnktaXRlbS1jYXB0aW9uLW92ZXJcIj48XC9kaXY+PFwvZGl2PjxcL2E+PFwvZGl2PjxcL2Rpdj4iXQ==\" data-init-show=\"4\">\n            <div class=\"eael-filterable-gallery-item-wrap\">\n\t\t\t\t<div class=\"eael-gallery-grid-item\"><a area-hidden=\"true\" href=\"https:\/\/www.serviciosaludaysen.cl\/wp-content\/uploads\/2024\/07\/Dr.-Ricardo-Espinoza-03.jpg\" class=\"eael-magnific-link eael-magnific-link-clone active media-content-wrap active\" data-elementor-open-lightbox=\"yes\" title=\"\"><div class=\"gallery-item-thumbnail-wrap\"><img decoding=\"async\" src=\"https:\/\/www.serviciosaludaysen.cl\/wp-content\/uploads\/2024\/07\/Dr.-Ricardo-Espinoza-03.jpg\" data-lazy-src=\"https:\/\/www.serviciosaludaysen.cl\/wp-content\/uploads\/2024\/07\/Dr.-Ricardo-Espinoza-03.jpg\" alt=\"\" class=\"gallery-item-thumbnail\"><\/div><div class=\"gallery-item-caption-wrap caption-style-hoverer eael-slide-up\"><div class=\"gallery-item-hoverer-bg\"><\/div><div class=\"gallery-item-caption-over\"><\/div><\/div><\/a><\/div><\/div><div class=\"eael-filterable-gallery-item-wrap\">\n\t\t\t\t<div class=\"eael-gallery-grid-item\"><a area-hidden=\"true\" href=\"https:\/\/www.serviciosaludaysen.cl\/wp-content\/uploads\/2024\/07\/presentacion-ricardo-espinoza-2.jpeg\" class=\"eael-magnific-link eael-magnific-link-clone active media-content-wrap active\" data-elementor-open-lightbox=\"yes\" title=\"\"><div class=\"gallery-item-thumbnail-wrap\"><img decoding=\"async\" src=\"https:\/\/www.serviciosaludaysen.cl\/wp-content\/uploads\/2024\/07\/presentacion-ricardo-espinoza-2.jpeg\" data-lazy-src=\"https:\/\/www.serviciosaludaysen.cl\/wp-content\/uploads\/2024\/07\/presentacion-ricardo-espinoza-2.jpeg\" alt=\"\" class=\"gallery-item-thumbnail\"><\/div><div class=\"gallery-item-caption-wrap caption-style-hoverer eael-slide-up\"><div class=\"gallery-item-hoverer-bg\"><\/div><div class=\"gallery-item-caption-over\"><\/div><\/div><\/a><\/div><\/div>        <\/div>\n                <\/div>\n        \n        \t\t\t\t<\/div>\n\t\t\t\t<\/div>\n\t\t\t\t\t<\/div>\n\t\t\t\t<\/div>\n\t\t\t\t<\/div>\n\t\t","protected":false},"excerpt":{"rendered":"<p>Desde este 2 de mayo el Hospital Regional Coyhaique cuenta con un cardi\u00f3logo infantil de forma permanente. Se trata del [&hellip;]<\/p>\n","protected":false},"author":1,"featured_media":1042,"comment_status":"closed","ping_status":"open","sticky":false,"template":"","format":"standard","meta":{"_eb_attr":"","site-sidebar-layout":"default","site-content-layout":"","ast-site-content-layout":"default","site-content-style":"default","site-sidebar-style":"default","ast-global-header-display":"","ast-banner-title-visibility":"","ast-main-header-display":"","ast-hfb-above-header-display":"","ast-hfb-below-header-display":"","ast-hfb-mobile-header-display":"","site-post-title":"","ast-breadcrumbs-content":"","ast-featured-img":"","footer-sml-layout":"","theme-transparent-header-meta":"","adv-header-id-meta":"","stick-header-meta":"","header-above-stick-meta":"","header-main-stick-meta":"","header-below-stick-meta":"","astra-migrate-meta-layouts":"default","ast-page-background-enabled":"default","ast-page-background-meta":{"desktop":{"background-color":"var(--ast-global-color-4)","background-image":"","background-repeat":"repeat","background-position":"center center","background-size":"auto","background-attachment":"scroll","background-type":"","background-media":"","overlay-type":"","overlay-color":"","overlay-opacity":"","overlay-gradient":""},"tablet":{"background-color":"","background-image":"","background-repeat":"repeat","background-position":"center center","background-size":"auto","background-attachment":"scroll","background-type":"","background-media":"","overlay-type":"","overlay-color":"","overlay-opacity":"","overlay-gradient":""},"mobile":{"background-color":"","background-image":"","background-repeat":"repeat","background-position":"center center","background-size":"auto","background-attachment":"scroll","background-type":"","background-media":"","overlay-type":"","overlay-color":"","overlay-opacity":"","overlay-gradient":""}},"ast-content-background-meta":{"desktop":{"background-color":"var(--ast-global-color-5)","background-image":"","background-repeat":"repeat","background-position":"center center","background-size":"auto","background-attachment":"scroll","background-type":"","background-media":"","overlay-type":"","overlay-color":"","overlay-opacity":"","overlay-gradient":""},"tablet":{"background-color":"var(--ast-global-color-5)","background-image":"","background-repeat":"repeat","background-position":"center center","background-size":"auto","background-attachment":"scroll","background-type":"","background-media":"","overlay-type":"","overlay-color":"","overlay-opacity":"","overlay-gradient":""},"mobile":{"background-color":"var(--ast-global-color-5)","background-image":"","background-repeat":"repeat","background-position":"center center","background-size":"auto","background-attachment":"scroll","background-type":"","background-media":"","overlay-type":"","overlay-color":"","overlay-opacity":"","overlay-gradient":""}},"footnotes":""},"categories":[1],"tags":[],"class_list":["post-1041","post","type-post","status-publish","format-standard","has-post-thumbnail","hentry","category-noticias"],"_links":{"self":[{"href":"https:\/\/www.serviciosaludaysen.cl\/index.php\/wp-json\/wp\/v2\/posts\/1041","targetHints":{"allow":["GET"]}}],"collection":[{"href":"https:\/\/www.serviciosaludaysen.cl\/index.php\/wp-json\/wp\/v2\/posts"}],"about":[{"href":"https:\/\/www.serviciosaludaysen.cl\/index.php\/wp-json\/wp\/v2\/types\/post"}],"author":[{"embeddable":true,"href":"https:\/\/www.serviciosaludaysen.cl\/index.php\/wp-json\/wp\/v2\/users\/1"}],"replies":[{"embeddable":true,"href":"https:\/\/www.serviciosaludaysen.cl\/index.php\/wp-json\/wp\/v2\/comments?post=1041"}],"version-history":[{"count":4,"href":"https:\/\/www.serviciosaludaysen.cl\/index.php\/wp-json\/wp\/v2\/posts\/1041\/revisions"}],"predecessor-version":[{"id":1052,"href":"https:\/\/www.serviciosaludaysen.cl\/index.php\/wp-json\/wp\/v2\/posts\/1041\/revisions\/1052"}],"wp:featuredmedia":[{"embeddable":true,"href":"https:\/\/www.serviciosaludaysen.cl\/index.php\/wp-json\/wp\/v2\/media\/1042"}],"wp:attachment":[{"href":"https:\/\/www.serviciosaludaysen.cl\/index.php\/wp-json\/wp\/v2\/media?parent=1041"}],"wp:term":[{"taxonomy":"category","embeddable":true,"href":"https:\/\/www.serviciosaludaysen.cl\/index.php\/wp-json\/wp\/v2\/categories?post=1041"},{"taxonomy":"post_tag","embeddable":true,"href":"https:\/\/www.serviciosaludaysen.cl\/index.php\/wp-json\/wp\/v2\/tags?post=1041"}],"curies":[{"name":"wp","href":"https:\/\/api.w.org\/{rel}","templated":true}]}}