{"id":1018,"date":"2024-07-04T16:33:44","date_gmt":"2024-07-04T19:33:44","guid":{"rendered":"https:\/\/www.serviciosaludaysen.cl\/?p=1018"},"modified":"2024-07-10T16:42:21","modified_gmt":"2024-07-10T19:42:21","slug":"aysen-es-la-primera-comuna-de-la-region-que-se-suma-a-la-estrategia-de-aps-universal","status":"publish","type":"post","link":"https:\/\/www.serviciosaludaysen.cl\/index.php\/2024\/07\/04\/aysen-es-la-primera-comuna-de-la-region-que-se-suma-a-la-estrategia-de-aps-universal\/","title":{"rendered":"Ays\u00e9n es la primera comuna de la regi\u00f3n que se suma a la estrategia de APS Universal"},"content":{"rendered":"\t\t<div data-elementor-type=\"wp-post\" data-elementor-id=\"1018\" class=\"elementor elementor-1018\">\n\t\t\t\t<div class=\"elementor-element elementor-element-6472d638 e-flex e-con-boxed e-con e-parent\" data-id=\"6472d638\" data-element_type=\"container\">\n\t\t\t\t\t<div class=\"e-con-inner\">\n\t\t\t\t<div class=\"elementor-element elementor-element-270a75ab elementor-arrows-position-inside elementor-pagination-position-outside elementor-widget elementor-widget-image-carousel\" data-id=\"270a75ab\" data-element_type=\"widget\" data-settings=\"{&quot;slides_to_show&quot;:&quot;1&quot;,&quot;navigation&quot;:&quot;both&quot;,&quot;autoplay&quot;:&quot;yes&quot;,&quot;pause_on_hover&quot;:&quot;yes&quot;,&quot;pause_on_interaction&quot;:&quot;yes&quot;,&quot;autoplay_speed&quot;:5000,&quot;infinite&quot;:&quot;yes&quot;,&quot;effect&quot;:&quot;slide&quot;,&quot;speed&quot;:500}\" data-widget_type=\"image-carousel.default\">\n\t\t\t\t<div class=\"elementor-widget-container\">\n\t\t\t\t\t\t\t<div class=\"elementor-image-carousel-wrapper swiper\" role=\"region\" aria-roledescription=\"carousel\" aria-label=\"Carrusel de im\u00e1genes\" dir=\"ltr\">\n\t\t\t<div class=\"elementor-image-carousel swiper-wrapper\" aria-live=\"off\">\n\t\t\t\t\t\t\t\t<div class=\"swiper-slide\" role=\"group\" aria-roledescription=\"slide\" aria-label=\"1 de 5\"><figure class=\"swiper-slide-inner\"><img decoding=\"async\" class=\"swiper-slide-image\" src=\"https:\/\/www.serviciosaludaysen.cl\/wp-content\/uploads\/2024\/07\/APS-U-AYSEN-2-1-768x576.jpeg\" alt=\"APS-U-AYSEN-2-1\" \/><\/figure><\/div><div class=\"swiper-slide\" role=\"group\" aria-roledescription=\"slide\" aria-label=\"2 de 5\"><figure class=\"swiper-slide-inner\"><img decoding=\"async\" class=\"swiper-slide-image\" src=\"https:\/\/www.serviciosaludaysen.cl\/wp-content\/uploads\/2024\/07\/APS-U-AYSEN-3-768x512.jpeg\" alt=\"APS-U-AYSEN-3\" \/><\/figure><\/div><div class=\"swiper-slide\" role=\"group\" aria-roledescription=\"slide\" aria-label=\"3 de 5\"><figure class=\"swiper-slide-inner\"><img decoding=\"async\" class=\"swiper-slide-image\" src=\"https:\/\/www.serviciosaludaysen.cl\/wp-content\/uploads\/2024\/07\/APS-AYSEN-4-768x512.jpeg\" alt=\"APS-AYSEN-4\" \/><\/figure><\/div><div class=\"swiper-slide\" role=\"group\" aria-roledescription=\"slide\" aria-label=\"4 de 5\"><figure class=\"swiper-slide-inner\"><img decoding=\"async\" class=\"swiper-slide-image\" src=\"https:\/\/www.serviciosaludaysen.cl\/wp-content\/uploads\/2024\/07\/APS-U-AYSEN-1-768x512.jpeg\" alt=\"APS-U-AYSEN-1\" \/><\/figure><\/div><div class=\"swiper-slide\" role=\"group\" aria-roledescription=\"slide\" aria-label=\"5 de 5\"><figure class=\"swiper-slide-inner\"><img decoding=\"async\" class=\"swiper-slide-image\" src=\"https:\/\/www.serviciosaludaysen.cl\/wp-content\/uploads\/2024\/07\/APS-AYSEN-2-768x512.jpeg\" alt=\"APS-AYSEN-2\" \/><\/figure><\/div>\t\t\t<\/div>\n\t\t\t\t\t\t\t\t\t\t\t\t<div class=\"elementor-swiper-button elementor-swiper-button-prev\" role=\"button\" tabindex=\"0\">\n\t\t\t\t\t\t<svg aria-hidden=\"true\" class=\"e-font-icon-svg e-eicon-chevron-left\" viewBox=\"0 0 1000 1000\" xmlns=\"http:\/\/www.w3.org\/2000\/svg\"><path d=\"M646 125C629 125 613 133 604 142L308 442C296 454 292 471 292 487 292 504 296 521 308 533L604 854C617 867 629 875 646 875 663 875 679 871 692 858 704 846 713 829 713 812 713 796 708 779 692 767L438 487 692 225C700 217 708 204 708 187 708 171 704 154 692 142 675 129 663 125 646 125Z\"><\/path><\/svg>\t\t\t\t\t<\/div>\n\t\t\t\t\t<div class=\"elementor-swiper-button elementor-swiper-button-next\" role=\"button\" tabindex=\"0\">\n\t\t\t\t\t\t<svg aria-hidden=\"true\" class=\"e-font-icon-svg e-eicon-chevron-right\" viewBox=\"0 0 1000 1000\" xmlns=\"http:\/\/www.w3.org\/2000\/svg\"><path d=\"M696 533C708 521 713 504 713 487 713 471 708 454 696 446L400 146C388 133 375 125 354 125 338 125 325 129 313 142 300 154 292 171 292 187 292 204 296 221 308 233L563 492 304 771C292 783 288 800 288 817 288 833 296 850 308 863 321 871 338 875 354 875 371 875 388 867 400 854L696 533Z\"><\/path><\/svg>\t\t\t\t\t<\/div>\n\t\t\t\t\n\t\t\t\t\t\t\t\t\t<div class=\"swiper-pagination\"><\/div>\n\t\t\t\t\t\t\t\t\t<\/div>\n\t\t\t\t\t\t<\/div>\n\t\t\t\t<\/div>\n\t\t\t\t\t<\/div>\n\t\t\t\t<\/div>\n\t\t<div class=\"elementor-element elementor-element-247d678c e-flex e-con-boxed e-con e-parent\" data-id=\"247d678c\" data-element_type=\"container\">\n\t\t\t\t\t<div class=\"e-con-inner\">\n\t\t\t\t<div class=\"elementor-element elementor-element-4463710c elementor-widget elementor-widget-text-editor\" data-id=\"4463710c\" data-element_type=\"widget\" data-widget_type=\"text-editor.default\">\n\t\t\t\t<div class=\"elementor-widget-container\">\n\t\t\t\t\t\t\t\t\t\n<p>Ays\u00e9n se suma a otras 20 comunas del pa\u00eds en la implementaci\u00f3n de la Atenci\u00f3n Primaria de Salud (APS) Universal, iniciativa que busca mejorar el nivel de salud de las personas que viven en las comunas pioneras, mediante la cobertura y acceso universal a la atenci\u00f3n primaria de salud.<\/p>\n\n<p>Este jueves en Puerto Ays\u00e9n se realiz\u00f3 el lanzamiento en una sede vecinal de la ciudad, donde asistieron autoridades sectoriales, invitados y beneficiarios de esta pol\u00edtica p\u00fablica. \u201cTener buenos profesionales y viendo el tema que se van atender todo el mundo en el APS Universal, as\u00ed que invitar a Fuerzas Armadas, de Orden y Seguridad y a los vecinos a que empiecen a utilizar este nuevo sistema que viene y esperar ver resultados prontamente\u201d, enfatiz\u00f3 Carlos D\u00edaz Mansilla, dirigente vecinal.<\/p>\n\n<p>Ays\u00e9n es la primera comuna de la regi\u00f3n que se suma a esta iniciativa p\u00fablica, que busca otorgar mayor equidad a todas las personas.\u00a0<\/p>\n\n<p>El delegado presidencial, Rodrigo Araya, valor\u00f3 el impulso de esta modalidad en la comuna de Ays\u00e9n, en consecuencia, con ampliar la equidad en salud, eje central del gobierno del Presidente Gabriel Boric. \u201cEsta comuna va ser la pionera ac\u00e1 en la regi\u00f3n y donde todas las personas que se inscriban en el establecimiento, independiente de su sistema previsional, van a poder tener acceso a las prestaciones y me refiero al ciclo evolutivo, las prestaciones de ni\u00f1os, adultos, adultos mayores, embarazadas, controles de ni\u00f1o sano, adulto, patolog\u00edas cr\u00f3nicas, diabetes, hipertensi\u00f3n, a eso me refiero y esto tiene que ver con la democracia y garantizar que las personas puedan tener un acceso oportuno a un tratamiento eficaz que eviten complicaciones y secuelas\u201d, coment\u00f3.<\/p>\n\n<p>La estrategia pretende ampliar la disponibilidad de servicios en APS, para la cobertura universal de los cuidados esenciales en la poblaci\u00f3n de los territorios donde se implemente el programa. Asimismo, facilitar\u00e1 el acceso a servicios esenciales de APS reduciendo barreras geogr\u00e1ficas y organizacionales para la poblaci\u00f3n de los territorios donde se implemente el programa y aumentar\u00e1 la aceptabilidad, a trav\u00e9s de la generaci\u00f3n de condiciones para la participaci\u00f3n comunitaria, identificando barreras sociales y culturales para la utilizaci\u00f3n de los servicios en las comunas del programa.<\/p>\n\n<p>\u201cEstamos completamente orgullosos y felices, porque hemos concretado un hito significativo, trascendental para poder avanzar significativamente en la reforma sanitaria que nuestro pa\u00eds necesita y que es una prioridad de nuestro Presidente Gabriel Boric y avanzar hacia una atenci\u00f3n primaria universal abre las puertas para trabajar e influir en una mejor calidad de vida de todas las personas que habitan este extenso territorio nacional\u201d, se\u00f1al\u00f3 Carmen Monsalve, Seremi de Salud Ays\u00e9n.<\/p>\n\n<p>La red de establecimientos que se suman a esta estrategia son: CESFAM de Puerto Ays\u00e9n, CECOSF Chacabuco, Villa Ma\u00f1ihuales, y las postas de las localidades de Puerto Aguirre y Caleta Andrade en las Islas Huichas.<\/p>\n\n<p><strong>\u201cTrabajo colaborativo\u201d<\/strong><\/p>\n\n<p>\u201cEs una excelente noticia para la regi\u00f3n y la comuna de Ays\u00e9n, donde va haber un acceso m\u00e1s equitativo a las distintos usuarios de nuestra comuna, todos van a poder tener acceso independiente de la previsi\u00f3n que tengan, vamos apuntar a la equidad, disminuir las barreras geogr\u00e1ficas dentro de la regi\u00f3n y la comuna y tambi\u00e9n fomentar la participaci\u00f3n social de los interlocutores del intersector y comunidades y hacer levantamiento para mejorar en conjunto y c\u00f3mo seguimos hacia la universalizaci\u00f3n, para un acceso m\u00e1s equitativo en la salud de nuestra regi\u00f3n\u201d, se\u00f1al\u00f3 Juan Pablo Bravo, director del Servicio de Salud Ays\u00e9n.<\/p>\n\n<p>Las nuevas comunas que se sumaron al APS Universal son: Arica, Alto Hospicio, Tocopilla, Caldera, Illapel, Quilpu\u00e9, Chill\u00e1n Viejo, Curanilahue, Angol, Valdivia, Puerto Varas, Ays\u00e9n, Puerto Natales y La Pintana, lo que sumadas a las siete primeras comunas significan 1,6 millones de personas que se beneficiar\u00e1n de esta pol\u00edtica p\u00fablica.<\/p>\n\n<p>\u201cLo que quiero relevar es el trabajo colaborativo que hizo el equipo de direcci\u00f3n de atenci\u00f3n primaria del Servicio de Salud, en conjunto con Seremi, la Municipalidad de Ays\u00e9n y la Direcci\u00f3n de Salud Rural lo que es trascendental para poder asegurar el \u00e9xito de la implementaci\u00f3n de esta estrategia y lo que permitir\u00e1 el acceso, independiente de la previsi\u00f3n de salud, a toda la comunidad de Ays\u00e9n\u201d, manifest\u00f3 Antonella Trevigno, directora de Atenci\u00f3n Primaria de Ays\u00e9n.<\/p>\n\n<figure class=\"wp-block-gallery has-nested-images columns-default is-cropped wp-block-gallery-2 is-layout-flex wp-block-gallery-is-layout-flex\"><\/figure>\n\t\t\t\t\t\t\t\t<\/div>\n\t\t\t\t<\/div>\n\t\t\t\t\t<\/div>\n\t\t\t\t<\/div>\n\t\t<div class=\"elementor-element elementor-element-06d0f39 e-flex e-con-boxed e-con e-parent\" data-id=\"06d0f39\" data-element_type=\"container\">\n\t\t\t\t\t<div class=\"e-con-inner\">\n\t\t\t\t\t<\/div>\n\t\t\t\t<\/div>\n\t\t\t\t<\/div>\n\t\t","protected":false},"excerpt":{"rendered":"<p>Ays\u00e9n se suma a otras 20 comunas del pa\u00eds en la implementaci\u00f3n de la Atenci\u00f3n Primaria de Salud (APS) Universal, [&hellip;]<\/p>\n","protected":false},"author":1,"featured_media":1023,"comment_status":"closed","ping_status":"open","sticky":false,"template":"","format":"standard","meta":{"_eb_attr":"","site-sidebar-layout":"default","site-content-layout":"","ast-site-content-layout":"default","site-content-style":"default","site-sidebar-style":"default","ast-global-header-display":"","ast-banner-title-visibility":"","ast-main-header-display":"","ast-hfb-above-header-display":"","ast-hfb-below-header-display":"","ast-hfb-mobile-header-display":"","site-post-title":"","ast-breadcrumbs-content":"","ast-featured-img":"disabled","footer-sml-layout":"","theme-transparent-header-meta":"","adv-header-id-meta":"","stick-header-meta":"","header-above-stick-meta":"","header-main-stick-meta":"","header-below-stick-meta":"","astra-migrate-meta-layouts":"default","ast-page-background-enabled":"default","ast-page-background-meta":{"desktop":{"background-color":"var(--ast-global-color-4)","background-image":"","background-repeat":"repeat","background-position":"center center","background-size":"auto","background-attachment":"scroll","background-type":"","background-media":"","overlay-type":"","overlay-color":"","overlay-opacity":"","overlay-gradient":""},"tablet":{"background-color":"","background-image":"","background-repeat":"repeat","background-position":"center center","background-size":"auto","background-attachment":"scroll","background-type":"","background-media":"","overlay-type":"","overlay-color":"","overlay-opacity":"","overlay-gradient":""},"mobile":{"background-color":"","background-image":"","background-repeat":"repeat","background-position":"center center","background-size":"auto","background-attachment":"scroll","background-type":"","background-media":"","overlay-type":"","overlay-color":"","overlay-opacity":"","overlay-gradient":""}},"ast-content-background-meta":{"desktop":{"background-color":"var(--ast-global-color-5)","background-image":"","background-repeat":"repeat","background-position":"center center","background-size":"auto","background-attachment":"scroll","background-type":"","background-media":"","overlay-type":"","overlay-color":"","overlay-opacity":"","overlay-gradient":""},"tablet":{"background-color":"var(--ast-global-color-5)","background-image":"","background-repeat":"repeat","background-position":"center center","background-size":"auto","background-attachment":"scroll","background-type":"","background-media":"","overlay-type":"","overlay-color":"","overlay-opacity":"","overlay-gradient":""},"mobile":{"background-color":"var(--ast-global-color-5)","background-image":"","background-repeat":"repeat","background-position":"center center","background-size":"auto","background-attachment":"scroll","background-type":"","background-media":"","overlay-type":"","overlay-color":"","overlay-opacity":"","overlay-gradient":""}},"footnotes":""},"categories":[1],"tags":[],"class_list":["post-1018","post","type-post","status-publish","format-standard","has-post-thumbnail","hentry","category-noticias"],"_links":{"self":[{"href":"https:\/\/www.serviciosaludaysen.cl\/index.php\/wp-json\/wp\/v2\/posts\/1018","targetHints":{"allow":["GET"]}}],"collection":[{"href":"https:\/\/www.serviciosaludaysen.cl\/index.php\/wp-json\/wp\/v2\/posts"}],"about":[{"href":"https:\/\/www.serviciosaludaysen.cl\/index.php\/wp-json\/wp\/v2\/types\/post"}],"author":[{"embeddable":true,"href":"https:\/\/www.serviciosaludaysen.cl\/index.php\/wp-json\/wp\/v2\/users\/1"}],"replies":[{"embeddable":true,"href":"https:\/\/www.serviciosaludaysen.cl\/index.php\/wp-json\/wp\/v2\/comments?post=1018"}],"version-history":[{"count":13,"href":"https:\/\/www.serviciosaludaysen.cl\/index.php\/wp-json\/wp\/v2\/posts\/1018\/revisions"}],"predecessor-version":[{"id":1538,"href":"https:\/\/www.serviciosaludaysen.cl\/index.php\/wp-json\/wp\/v2\/posts\/1018\/revisions\/1538"}],"wp:featuredmedia":[{"embeddable":true,"href":"https:\/\/www.serviciosaludaysen.cl\/index.php\/wp-json\/wp\/v2\/media\/1023"}],"wp:attachment":[{"href":"https:\/\/www.serviciosaludaysen.cl\/index.php\/wp-json\/wp\/v2\/media?parent=1018"}],"wp:term":[{"taxonomy":"category","embeddable":true,"href":"https:\/\/www.serviciosaludaysen.cl\/index.php\/wp-json\/wp\/v2\/categories?post=1018"},{"taxonomy":"post_tag","embeddable":true,"href":"https:\/\/www.serviciosaludaysen.cl\/index.php\/wp-json\/wp\/v2\/tags?post=1018"}],"curies":[{"name":"wp","href":"https:\/\/api.w.org\/{rel}","templated":true}]}}